{"id":17651,"date":"2022-06-06T13:36:59","date_gmt":"2022-06-06T16:36:59","guid":{"rendered":"https:\/\/radiorevelacionfm.cl\/?p=17651"},"modified":"2022-06-06T13:36:59","modified_gmt":"2022-06-06T16:36:59","slug":"jovenes-participan-en-actividad-cierre-del-dia-de-los-patrimonios-organizada-por-injuv","status":"publish","type":"post","link":"https:\/\/radiorevelacionfm.cl\/?p=17651","title":{"rendered":"J\u00f3venes participan en actividad cierre del D\u00eda de los Patrimonios organizada por INJUV"},"content":{"rendered":"<div class=\"flex_column av_one_full  flex_column_div av-zero-column-padding first  avia-builder-el-0  el_before_av_one_full  avia-builder-el-first  \" style='border-radius:0px; '><div  class='avia-image-container  av-styling-    avia-builder-el-1  avia-builder-el-no-sibling  avia-align-center '  itemprop=\"image\" itemscope=\"itemscope\" itemtype=\"https:\/\/schema.org\/ImageObject\"  ><div class='avia-image-container-inner'><div class='avia-image-overlay-wrap'><img decoding=\"async\" class='wp-image-17652 avia-img-lazy-loading-not-17652 avia_image' src=\"https:\/\/radiorevelacionfm.cl\/wp-content\/uploads\/2022\/06\/FOTO-2-14-2-1.jpg\" alt='' title='FOTO 2 (14) (2) (1)' height=\"600\" width=\"862\"  itemprop=\"thumbnailUrl\" srcset=\"https:\/\/radiorevelacionfm.cl\/wp-content\/uploads\/2022\/06\/FOTO-2-14-2-1.jpg 862w, https:\/\/radiorevelacionfm.cl\/wp-content\/uploads\/2022\/06\/FOTO-2-14-2-1-300x209.jpg 300w, https:\/\/radiorevelacionfm.cl\/wp-content\/uploads\/2022\/06\/FOTO-2-14-2-1-768x535.jpg 768w, https:\/\/radiorevelacionfm.cl\/wp-content\/uploads\/2022\/06\/FOTO-2-14-2-1-705x491.jpg 705w, https:\/\/radiorevelacionfm.cl\/wp-content\/uploads\/2022\/06\/FOTO-2-14-2-1-600x418.jpg 600w\" sizes=\"(max-width: 862px) 100vw, 862px\" \/><\/div><\/div><\/div><\/div><div class=\"flex_column av_one_full  flex_column_div av-zero-column-padding first  avia-builder-el-2  el_after_av_one_full  el_before_av_one_full  column-top-margin\" style='border-radius:0px; '><section class=\"av_textblock_section \"  itemscope=\"itemscope\" itemtype=\"https:\/\/schema.org\/BlogPosting\" itemprop=\"blogPost\" ><div class='avia_textblock  '   itemprop=\"text\" ><p style=\"text-align: center;\"><strong><span style=\"font-size: 18pt;\">J\u00f3venes participan en actividad cierre del D\u00eda de los Patrimonios organizada por INJUV<\/span><\/strong><\/p>\n<div id=\"gtx-trans\" style=\"position: absolute; left: -50px; top: 4.31534px;\">\n<div class=\"gtx-trans-icon\"><\/div>\n<\/div>\n<\/div><\/section><\/div><div class=\"flex_column av_one_full  flex_column_div av-zero-column-padding first  avia-builder-el-4  el_after_av_one_full  el_before_av_hr  column-top-margin\" style='border-radius:0px; '><section class=\"av_textblock_section \"  itemscope=\"itemscope\" itemtype=\"https:\/\/schema.org\/BlogPosting\" itemprop=\"blogPost\" ><div class='avia_textblock  '   itemprop=\"text\" ><p style=\"text-align: justify;\">Con la presentaci\u00f3n de un video regional y una exposici\u00f3n de fotograf\u00edas patrimoniales obtenidas por los mismos voluntarios, el Instituto Nacional de la Juventud realiz\u00f3 actividad cierre correspondiente al D\u00eda de los Patrimonios.<\/p>\n<p style=\"text-align: justify;\">El encuentro tuvo como objetivo visibilizar a los presentes el trabajo realizado por las y los j\u00f3venes voluntarios durante la conmemoraci\u00f3n cultural y dar a conocer los diferentes lugares patrimoniales de nuestra regi\u00f3n de Ays\u00e9n.<\/p>\n<p style=\"text-align: justify;\">\u201cComo INJUV queremos felicitar y agradecer a todos nuestros j\u00f3venes voluntarios\/as, ellos siempre han sido los protagonistas en esta gran conmemoraci\u00f3n cultural y sin duda el rol que juegan durante estas jornadas es fundamental. Lo que buscamos es conectar a las juventudes con un tema tan importante como lo es el patrimonio y sin duda alguna lo logramos, puesto que participaron activamente de cada actividad organizada\u201d, sostuvo la Directora Regional (s), G\u00e9nesis Arias Fuentes.<\/p>\n<p style=\"text-align: justify;\">\u201cQueremos agradecer el continuo trabajo colaborativo que se viene desarrollando junto a INJUV para conmemorar esta fecha tan importante, como lo son Los D\u00edas de los Patrimonios, instando a j\u00f3venes del territorio a involucrarse por el Patrimonio material e inmaterial nuestra regi\u00f3n\u201d, indic\u00f3 Felipe Quiroz V\u00e1squez, Seremi de las Culturas, Las Artes y el Patrimonio.<\/p>\n<p style=\"text-align: justify;\">\u201cComo Ministerio de Desarrollo\u00a0 Social y Familia estamos muy contentos por el trabajo realizado por INJUV en conjunto con j\u00f3venes voluntarios quienes el D\u00eda de los Patrimonios se desplazaron en el territorio, en diferentes lugares patrimoniales, mostrando nuestro patrimonio local, mostr\u00e1ndolo no solamente a la misma comunidad sino que tambi\u00e9n en redes sociales con fotos, exhibiendo lo que es nuestra tierra y nuestro resguardo cultural, as\u00ed que felicitaciones a los j\u00f3venes comprometidos con el desarrollo y la cultura de la regi\u00f3n de Ays\u00e9n, un gran brazo a la gente de INJUV y vamos trabajando por este Chile inclusivo y pertinente como as\u00ed lo ha pedido nuestro presidente Gabriel Boric\u201d, indico la Seremi de Desarrollo Social y Familia, Karina Acevedo Auad.<\/p>\n<p style=\"text-align: justify;\">Catalina C\u00e1rdenas, joven voluntaria, destac\u00f3 el equipo colaborativo de INJUV Ays\u00e9n y del Museo Regional de Ays\u00e9n \u201clos funcionarios de ambas entidades nos acompa\u00f1aron y guiaron en todo momento, fue una linda experiencia y de mucho aprendizaje, nunca hab\u00eda sido parte de un voluntariado, tuve que aprender sobre patrimonio, conversar con distintas personas, conoc\u00ed tambi\u00e9n historias sobre Coyhaique, hubo un intercambio comunicacional muy lindo, tanto con las personas que participaron en el D\u00eda de los Patrimonios, as\u00ed como tambi\u00e9n con \u00a0el equipo de INJUV y del Museo Regional de Ays\u00e9n,\u00a0 fue una muy linda experiencia que quisiera volver a repetir\u201d.<\/p>\n<p style=\"text-align: justify;\">En tanto el voluntario Joakin Mansilla, indic\u00f3 que \u201cfue enriquecedora la experiencia porque aprend\u00ed mucho sobre tem\u00e1ticas que yo no manejaba, conoc\u00ed las instalaciones y su historia y tuve la oportunidad de conversar con los visitantes. En la pulper\u00eda las mismas personas que llegaban contaban historias especialmente la gente mayor. Hubo un significativo aprendizaje, ellos me ense\u00f1aron m\u00e1s a m\u00ed que yo a ellos, eran di\u00e1logos de t\u00fa a t\u00fa relajados y fluidos, todos los visitantes ten\u00edan una muy disposici\u00f3n, por lo que el ambiente fue siempre muy grato\u201d.<\/p>\n<\/div><\/section><\/div><div  style='height:50px' class='hr hr-invisible   avia-builder-el-6  el_after_av_one_full  el_before_av_social_share '><span class='hr-inner ' ><span class='hr-inner-style'><\/span><\/span><\/div><\/p>\n<div  class='av-social-sharing-box  avia-builder-el-7  el_after_av_hr  el_before_av_hr  '><div class='av-share-box'><h5 class='av-share-link-description av-no-toc '>Compartir esta noticia<\/h5><ul class='av-share-box-list noLightbox'><li class='av-share-link av-social-link-facebook' ><a target=\"_blank\" aria-label=\"Compartir en Facebook\" href='https:\/\/www.facebook.com\/sharer.php?u=https:\/\/radiorevelacionfm.cl\/?p=17651&#038;t=J%C3%B3venes%20participan%20en%20actividad%20cierre%20del%20D%C3%ADa%20de%20los%20Patrimonios%20organizada%20por%20INJUV' aria-hidden='false' data-av_icon='\ue8f3' data-av_iconfont='entypo-fontello' title='' data-avia-related-tooltip='Compartir en Facebook' rel=\"noopener\"><span class='avia_hidden_link_text'>Compartir en Facebook<\/span><\/a><\/li><li class='av-share-link av-social-link-twitter' ><a target=\"_blank\" aria-label=\"Compartir en Twitter\" href='https:\/\/twitter.com\/share?text=J%C3%B3venes%20participan%20en%20actividad%20cierre%20del%20D%C3%ADa%20de%20los%20Patrimonios%20organizada%20por%20INJUV&#038;url=https:\/\/radiorevelacionfm.cl\/?p=17651' aria-hidden='false' data-av_icon='\ue8f1' data-av_iconfont='entypo-fontello' title='' data-avia-related-tooltip='Compartir en Twitter' rel=\"noopener\"><span class='avia_hidden_link_text'>Compartir en Twitter<\/span><\/a><\/li><li class='av-share-link av-social-link-whatsapp' ><a target=\"_blank\" aria-label=\"Compartir en Whatsapp\" href='https:\/\/api.whatsapp.com\/send?text=https:\/\/radiorevelacionfm.cl\/?p=17651' aria-hidden='false' data-av_icon='\uf232' data-av_iconfont='entypo-fontello' title='' data-avia-related-tooltip='Compartir en Whatsapp' rel=\"noopener\"><span class='avia_hidden_link_text'>Compartir en Whatsapp<\/span><\/a><\/li><li class='av-share-link av-social-link-linkedin' ><a target=\"_blank\" aria-label=\"Compartir en LinkedIn\" href='https:\/\/linkedin.com\/shareArticle?mini=true&#038;title=J%C3%B3venes%20participan%20en%20actividad%20cierre%20del%20D%C3%ADa%20de%20los%20Patrimonios%20organizada%20por%20INJUV&#038;url=https:\/\/radiorevelacionfm.cl\/?p=17651' aria-hidden='false' data-av_icon='\ue8fc' data-av_iconfont='entypo-fontello' title='' data-avia-related-tooltip='Compartir en LinkedIn' rel=\"noopener\"><span class='avia_hidden_link_text'>Compartir en LinkedIn<\/span><\/a><\/li><li class='av-share-link av-social-link-mail' ><a  aria-label=\"Compartir por correo\" href='mailto:?subject=J%C3%B3venes%20participan%20en%20actividad%20cierre%20del%20D%C3%ADa%20de%20los%20Patrimonios%20organizada%20por%20INJUV&#038;body=https:\/\/radiorevelacionfm.cl\/?p=17651' aria-hidden='false' data-av_icon='\ue805' data-av_iconfont='entypo-fontello' title='' data-avia-related-tooltip='Compartir por correo'><span class='avia_hidden_link_text'>Compartir por correo<\/span><\/a><\/li><\/ul><\/div><\/div>\n<div  style='height:50px' class='hr hr-invisible   avia-builder-el-8  el_after_av_social_share  el_before_av_comments_list '><span class='hr-inner ' ><span class='hr-inner-style'><\/span><\/span><\/div>\n<div  class='av-buildercomment  av-blog-meta-html-info-disabled av-blog-meta-tag-disabled  '><\/div>\n","protected":false},"excerpt":{"rendered":"","protected":false},"author":1,"featured_media":17652,"comment_status":"open","ping_status":"open","sticky":false,"template":"","format":"standard","meta":{"footnotes":""},"categories":[38],"tags":[],"class_list":["post-17651","post","type-post","status-publish","format-standard","has-post-thumbnail","hentry","category-regional"],"jetpack_featured_media_url":"https:\/\/radiorevelacionfm.cl\/wp-content\/uploads\/2022\/06\/FOTO-2-14-2-1.jpg","_links":{"self":[{"href":"https:\/\/radiorevelacionfm.cl\/index.php?rest_route=\/wp\/v2\/posts\/17651","targetHints":{"allow":["GET"]}}],"collection":[{"href":"https:\/\/radiorevelacionfm.cl\/index.php?rest_route=\/wp\/v2\/posts"}],"about":[{"href":"https:\/\/radiorevelacionfm.cl\/index.php?rest_route=\/wp\/v2\/types\/post"}],"author":[{"embeddable":true,"href":"https:\/\/radiorevelacionfm.cl\/index.php?rest_route=\/wp\/v2\/users\/1"}],"replies":[{"embeddable":true,"href":"https:\/\/radiorevelacionfm.cl\/index.php?rest_route=%2Fwp%2Fv2%2Fcomments&post=17651"}],"version-history":[{"count":2,"href":"https:\/\/radiorevelacionfm.cl\/index.php?rest_route=\/wp\/v2\/posts\/17651\/revisions"}],"predecessor-version":[{"id":17654,"href":"https:\/\/radiorevelacionfm.cl\/index.php?rest_route=\/wp\/v2\/posts\/17651\/revisions\/17654"}],"wp:featuredmedia":[{"embeddable":true,"href":"https:\/\/radiorevelacionfm.cl\/index.php?rest_route=\/wp\/v2\/media\/17652"}],"wp:attachment":[{"href":"https:\/\/radiorevelacionfm.cl\/index.php?rest_route=%2Fwp%2Fv2%2Fmedia&parent=17651"}],"wp:term":[{"taxonomy":"category","embeddable":true,"href":"https:\/\/radiorevelacionfm.cl\/index.php?rest_route=%2Fwp%2Fv2%2Fcategories&post=17651"},{"taxonomy":"post_tag","embeddable":true,"href":"https:\/\/radiorevelacionfm.cl\/index.php?rest_route=%2Fwp%2Fv2%2Ftags&post=17651"}],"curies":[{"name":"wp","href":"https:\/\/api.w.org\/{rel}","templated":true}]}}