{"id":17647,"date":"2022-06-06T12:57:05","date_gmt":"2022-06-06T15:57:05","guid":{"rendered":"https:\/\/radiorevelacionfm.cl\/?p=17647"},"modified":"2022-06-06T12:57:05","modified_gmt":"2022-06-06T15:57:05","slug":"curso-de-alta-montana-tecnica-invernales-y-avalanchas","status":"publish","type":"post","link":"https:\/\/radiorevelacionfm.cl\/?p=17647","title":{"rendered":"Curso de Alta Monta\u00f1a, T\u00e9cnica Invernales y Avalanchas"},"content":{"rendered":"<div class=\"flex_column av_one_full  flex_column_div av-zero-column-padding first  avia-builder-el-0  el_before_av_one_full  avia-builder-el-first  \" style='border-radius:0px; '><div  class='avia-image-container  av-styling-    avia-builder-el-1  avia-builder-el-no-sibling  avia-align-center '  itemprop=\"image\" itemscope=\"itemscope\" itemtype=\"https:\/\/schema.org\/ImageObject\"  ><div class='avia-image-container-inner'><div class='avia-image-overlay-wrap'><img decoding=\"async\" class='wp-image-17648 avia-img-lazy-loading-not-17648 avia_image' src=\"https:\/\/radiorevelacionfm.cl\/wp-content\/uploads\/2022\/06\/FOTO-3-CURSO-ALTA-MONTANA1-1-1.jpg\" alt='' title='FOTO 3 CURSO ALTA MONTA\u00d1A1 (1) (1)' height=\"600\" width=\"681\"  itemprop=\"thumbnailUrl\" srcset=\"https:\/\/radiorevelacionfm.cl\/wp-content\/uploads\/2022\/06\/FOTO-3-CURSO-ALTA-MONTANA1-1-1.jpg 681w, https:\/\/radiorevelacionfm.cl\/wp-content\/uploads\/2022\/06\/FOTO-3-CURSO-ALTA-MONTANA1-1-1-300x264.jpg 300w, https:\/\/radiorevelacionfm.cl\/wp-content\/uploads\/2022\/06\/FOTO-3-CURSO-ALTA-MONTANA1-1-1-600x529.jpg 600w\" sizes=\"(max-width: 681px) 100vw, 681px\" \/><\/div><\/div><\/div><\/div><div class=\"flex_column av_one_full  flex_column_div av-zero-column-padding first  avia-builder-el-2  el_after_av_one_full  el_before_av_one_full  column-top-margin\" style='border-radius:0px; '><section class=\"av_textblock_section \"  itemscope=\"itemscope\" itemtype=\"https:\/\/schema.org\/BlogPosting\" itemprop=\"blogPost\" ><div class='avia_textblock  '   itemprop=\"text\" ><p style=\"text-align: center;\"><strong><span style=\"font-size: 18pt;\">Curso de Alta Monta\u00f1a, T\u00e9cnica Invernales y Avalanchas<\/span><\/strong><\/p>\n<div id=\"gtx-trans\" style=\"position: absolute; left: -50px; top: 4.31534px;\">\n<div class=\"gtx-trans-icon\"><\/div>\n<\/div>\n<\/div><\/section><\/div><div class=\"flex_column av_one_full  flex_column_div av-zero-column-padding first  avia-builder-el-4  el_after_av_one_full  el_before_av_hr  column-top-margin\" style='border-radius:0px; '><section class=\"av_textblock_section \"  itemscope=\"itemscope\" itemtype=\"https:\/\/schema.org\/BlogPosting\" itemprop=\"blogPost\" ><div class='avia_textblock  '   itemprop=\"text\" ><p class=\"v1gmail-MsoSignature\" style=\"text-align: justify;\"><span lang=\"ES\">Nuestra regi\u00f3n es una zona privilegiada que re\u00fane condiciones excepcionales para la pr\u00e1ctica de deportes de monta\u00f1a. En invierno, contamos con diversos lugares nevados lo que, sumado a las bajas temperaturas, permite que la nieve se mantenga en buenas condiciones durante toda la temporada, la que se puede disfrutar a trav\u00e9s de los deportes invernales. Cada vez hay m\u00e1s gu\u00edas en busca de desarrollo como profesionales de monta\u00f1a, y los servicios han ido mejorando cada d\u00eda, por ello es important\u00edsimo la preparaci\u00f3n de t\u00e9cnicas y conocimientos de alta monta\u00f1a para la seguridad de los programas tur\u00edsticos. Dentro de nuestros hitos como Programa Estrat\u00e9gico Regional hemos ayudado a impartir el Curso de Alta Monta\u00f1a, T\u00e9cnica Invernales y Avalanchas en Puerto R\u00edo Tranquilo, junto al instructor Harry Brito de Geaustral, en donde 15 gu\u00edas regionales participaron durante este mes de mayo, terminando en el Glaciar Exploradores. Entre los participantes, Daniel Torres, presidente de la Asociaci\u00f3n Gremial Hielo Norte de Puerto R\u00edo Tranquilo, agradeci\u00f3 al Gobierno Regional, Corfo y PER Turismo de Ays\u00e9n por desarrollar estas instancias donde fortalecen sus competencias laborales para brindar un mejor servicio en los productos tur\u00edstico de Ays\u00e9n y, tambi\u00e9n a Pedro Soto, delegado de la misma asociaci\u00f3n Gremial, por las gestiones realizadas.<\/span><\/p>\n<p class=\"v1gmail-MsoSignature\" style=\"text-align: justify;\"><span lang=\"ES\">Diego Delgado, de la comuna de Cochrane, agradeci\u00f3 el 90% de financiamiento entregado por el programa, pues \u00abpara mi es una oportunidad para desarrollarme profesionalmente\u00bb. Por su parte, Bel\u00e9n C\u00e1rcamo de Puerto Ays\u00e9n, ha realizado dos cursos de capacitaci\u00f3n como gu\u00eda: el WFR y el de progresi\u00f3n en hielo en alta monta\u00f1a. V\u00edctor Rosa de la comuna de Lago Verde, tambi\u00e9n ha finalizado exitosamente diversos cursos, como el WFR, WAFA y ANGM, \u00abSon cursos dif\u00edciles de hacer y financiar. Estoy muy agradecido del Gobierno Regional y el PER por colaborar en mi desarrollo personal como gu\u00eda profesional\u00bb. Para el PER Turismo Ays\u00e9n \u2013 Naturaleza y Aventura, es importante replicar estas iniciativas en todo el territorio y seguir trabajando en conjunto con los gu\u00edas y empresarios tur\u00edsticos, gracias a la colaboraci\u00f3n y financiamiento del Gobierno Regional y Corfo.<\/span><\/p>\n<\/div><\/section><\/div><div  style='height:50px' class='hr hr-invisible   avia-builder-el-6  el_after_av_one_full  el_before_av_social_share '><span class='hr-inner ' ><span class='hr-inner-style'><\/span><\/span><\/div><\/p>\n<div  class='av-social-sharing-box  avia-builder-el-7  el_after_av_hr  el_before_av_hr  '><div class='av-share-box'><h5 class='av-share-link-description av-no-toc '>Compartir esta noticia<\/h5><ul class='av-share-box-list noLightbox'><li class='av-share-link av-social-link-facebook' ><a target=\"_blank\" aria-label=\"Compartir en Facebook\" href='https:\/\/www.facebook.com\/sharer.php?u=https:\/\/radiorevelacionfm.cl\/?p=17647&#038;t=Curso%20de%20Alta%20Monta%C3%B1a%2C%20T%C3%A9cnica%20Invernales%20y%20Avalanchas' aria-hidden='false' data-av_icon='\ue8f3' data-av_iconfont='entypo-fontello' title='' data-avia-related-tooltip='Compartir en Facebook' rel=\"noopener\"><span class='avia_hidden_link_text'>Compartir en Facebook<\/span><\/a><\/li><li class='av-share-link av-social-link-twitter' ><a target=\"_blank\" aria-label=\"Compartir en Twitter\" href='https:\/\/twitter.com\/share?text=Curso%20de%20Alta%20Monta%C3%B1a%2C%20T%C3%A9cnica%20Invernales%20y%20Avalanchas&#038;url=https:\/\/radiorevelacionfm.cl\/?p=17647' aria-hidden='false' data-av_icon='\ue8f1' data-av_iconfont='entypo-fontello' title='' data-avia-related-tooltip='Compartir en Twitter' rel=\"noopener\"><span class='avia_hidden_link_text'>Compartir en Twitter<\/span><\/a><\/li><li class='av-share-link av-social-link-whatsapp' ><a target=\"_blank\" aria-label=\"Compartir en Whatsapp\" href='https:\/\/api.whatsapp.com\/send?text=https:\/\/radiorevelacionfm.cl\/?p=17647' aria-hidden='false' data-av_icon='\uf232' data-av_iconfont='entypo-fontello' title='' data-avia-related-tooltip='Compartir en Whatsapp' rel=\"noopener\"><span class='avia_hidden_link_text'>Compartir en Whatsapp<\/span><\/a><\/li><li class='av-share-link av-social-link-linkedin' ><a target=\"_blank\" aria-label=\"Compartir en LinkedIn\" href='https:\/\/linkedin.com\/shareArticle?mini=true&#038;title=Curso%20de%20Alta%20Monta%C3%B1a%2C%20T%C3%A9cnica%20Invernales%20y%20Avalanchas&#038;url=https:\/\/radiorevelacionfm.cl\/?p=17647' aria-hidden='false' data-av_icon='\ue8fc' data-av_iconfont='entypo-fontello' title='' data-avia-related-tooltip='Compartir en LinkedIn' rel=\"noopener\"><span class='avia_hidden_link_text'>Compartir en LinkedIn<\/span><\/a><\/li><li class='av-share-link av-social-link-mail' ><a  aria-label=\"Compartir por correo\" href='mailto:?subject=Curso%20de%20Alta%20Monta%C3%B1a%2C%20T%C3%A9cnica%20Invernales%20y%20Avalanchas&#038;body=https:\/\/radiorevelacionfm.cl\/?p=17647' aria-hidden='false' data-av_icon='\ue805' data-av_iconfont='entypo-fontello' title='' data-avia-related-tooltip='Compartir por correo'><span class='avia_hidden_link_text'>Compartir por correo<\/span><\/a><\/li><\/ul><\/div><\/div>\n<div  style='height:50px' class='hr hr-invisible   avia-builder-el-8  el_after_av_social_share  el_before_av_comments_list '><span class='hr-inner ' ><span class='hr-inner-style'><\/span><\/span><\/div>\n<div  class='av-buildercomment  av-blog-meta-html-info-disabled av-blog-meta-tag-disabled  '><\/div>\n","protected":false},"excerpt":{"rendered":"","protected":false},"author":1,"featured_media":17648,"comment_status":"open","ping_status":"open","sticky":false,"template":"","format":"standard","meta":{"footnotes":""},"categories":[38],"tags":[],"class_list":["post-17647","post","type-post","status-publish","format-standard","has-post-thumbnail","hentry","category-regional"],"jetpack_featured_media_url":"https:\/\/radiorevelacionfm.cl\/wp-content\/uploads\/2022\/06\/FOTO-3-CURSO-ALTA-MONTANA1-1-1.jpg","_links":{"self":[{"href":"https:\/\/radiorevelacionfm.cl\/index.php?rest_route=\/wp\/v2\/posts\/17647","targetHints":{"allow":["GET"]}}],"collection":[{"href":"https:\/\/radiorevelacionfm.cl\/index.php?rest_route=\/wp\/v2\/posts"}],"about":[{"href":"https:\/\/radiorevelacionfm.cl\/index.php?rest_route=\/wp\/v2\/types\/post"}],"author":[{"embeddable":true,"href":"https:\/\/radiorevelacionfm.cl\/index.php?rest_route=\/wp\/v2\/users\/1"}],"replies":[{"embeddable":true,"href":"https:\/\/radiorevelacionfm.cl\/index.php?rest_route=%2Fwp%2Fv2%2Fcomments&post=17647"}],"version-history":[{"count":2,"href":"https:\/\/radiorevelacionfm.cl\/index.php?rest_route=\/wp\/v2\/posts\/17647\/revisions"}],"predecessor-version":[{"id":17650,"href":"https:\/\/radiorevelacionfm.cl\/index.php?rest_route=\/wp\/v2\/posts\/17647\/revisions\/17650"}],"wp:featuredmedia":[{"embeddable":true,"href":"https:\/\/radiorevelacionfm.cl\/index.php?rest_route=\/wp\/v2\/media\/17648"}],"wp:attachment":[{"href":"https:\/\/radiorevelacionfm.cl\/index.php?rest_route=%2Fwp%2Fv2%2Fmedia&parent=17647"}],"wp:term":[{"taxonomy":"category","embeddable":true,"href":"https:\/\/radiorevelacionfm.cl\/index.php?rest_route=%2Fwp%2Fv2%2Fcategories&post=17647"},{"taxonomy":"post_tag","embeddable":true,"href":"https:\/\/radiorevelacionfm.cl\/index.php?rest_route=%2Fwp%2Fv2%2Ftags&post=17647"}],"curies":[{"name":"wp","href":"https:\/\/api.w.org\/{rel}","templated":true}]}}