{"id":17643,"date":"2022-06-06T10:41:48","date_gmt":"2022-06-06T13:41:48","guid":{"rendered":"https:\/\/radiorevelacionfm.cl\/?p=17643"},"modified":"2022-06-06T10:41:48","modified_gmt":"2022-06-06T13:41:48","slug":"vientos-del-chelenko-en-camino-a-ser-declarado-el-primer-humedal-urbano-en-la-region-de-aysen","status":"publish","type":"post","link":"https:\/\/radiorevelacionfm.cl\/?p=17643","title":{"rendered":"\u201cVientos del Chelenko\u201d en camino a ser declarado el primer humedal urbano en la Regi\u00f3n de Ays\u00e9n"},"content":{"rendered":"<div class=\"flex_column av_one_full  flex_column_div av-zero-column-padding first  avia-builder-el-0  el_before_av_one_full  avia-builder-el-first  \" style='border-radius:0px; '><div  class='avia-image-container  av-styling-    avia-builder-el-1  avia-builder-el-no-sibling  avia-align-center '  itemprop=\"image\" itemscope=\"itemscope\" itemtype=\"https:\/\/schema.org\/ImageObject\"  ><div class='avia-image-container-inner'><div class='avia-image-overlay-wrap'><img decoding=\"async\" class='wp-image-17644 avia-img-lazy-loading-not-17644 avia_image' src=\"https:\/\/radiorevelacionfm.cl\/wp-content\/uploads\/2022\/06\/fotohumedal2-1-1.jpg\" alt='' title='fotohumedal2 (1) (1)' height=\"600\" width=\"909\"  itemprop=\"thumbnailUrl\" srcset=\"https:\/\/radiorevelacionfm.cl\/wp-content\/uploads\/2022\/06\/fotohumedal2-1-1.jpg 909w, https:\/\/radiorevelacionfm.cl\/wp-content\/uploads\/2022\/06\/fotohumedal2-1-1-300x198.jpg 300w, https:\/\/radiorevelacionfm.cl\/wp-content\/uploads\/2022\/06\/fotohumedal2-1-1-768x507.jpg 768w, https:\/\/radiorevelacionfm.cl\/wp-content\/uploads\/2022\/06\/fotohumedal2-1-1-705x465.jpg 705w, https:\/\/radiorevelacionfm.cl\/wp-content\/uploads\/2022\/06\/fotohumedal2-1-1-600x396.jpg 600w\" sizes=\"(max-width: 909px) 100vw, 909px\" \/><\/div><\/div><\/div><\/div><div class=\"flex_column av_one_full  flex_column_div av-zero-column-padding first  avia-builder-el-2  el_after_av_one_full  el_before_av_one_full  column-top-margin\" style='border-radius:0px; '><section class=\"av_textblock_section \"  itemscope=\"itemscope\" itemtype=\"https:\/\/schema.org\/BlogPosting\" itemprop=\"blogPost\" ><div class='avia_textblock  '   itemprop=\"text\" ><p style=\"text-align: center;\"><strong><span style=\"font-size: 18pt;\">\u201cVientos del Chelenko\u201d en camino a ser declarado el primer humedal urbano en la Regi\u00f3n de Ays\u00e9n<\/span><\/strong><\/p>\n<div id=\"gtx-trans\" style=\"position: absolute; left: -50px; top: 4.31534px;\">\n<div class=\"gtx-trans-icon\"><\/div>\n<\/div>\n<\/div><\/section><\/div><div class=\"flex_column av_one_full  flex_column_div av-zero-column-padding first  avia-builder-el-4  el_after_av_one_full  el_before_av_hr  column-top-margin\" style='border-radius:0px; '><section class=\"av_textblock_section \"  itemscope=\"itemscope\" itemtype=\"https:\/\/schema.org\/BlogPosting\" itemprop=\"blogPost\" ><div class='avia_textblock  '   itemprop=\"text\" ><p style=\"font-weight: 400; text-align: justify;\">Con el objetivo de conservar y proteger la flora y fauna del Humedal Vientos del Chelenko de Puerto Ingeniero Ib\u00e1\u00f1ez, se ingres\u00f3 este mi\u00e9rcoles 01 de junio la primera solicitud de declaratoria de Humedal Urbano de la Regi\u00f3n de Ays\u00e9n ante la Seremi de Medio Ambiente. Una iniciativa que naci\u00f3 desde la comunidad y que fue impulsada por la Ilustre Municipalidad de R\u00edo Ib\u00e1\u00f1ez.<\/p>\n<p style=\"font-weight: 400; text-align: justify;\">El Humedal Vientos del Chelenko est\u00e1 ubicado en la localidad de Puerto Ingeniero Ib\u00e1\u00f1ez y forma parte de la costanera del Lago General Carrera, del cual 65,63 hect\u00e1reas constituyen el pol\u00edgono que busca ser declarado Humedal Urbano. Un cambio de denominaci\u00f3n legal, que tiene como finalidad proteger los ecosistemas de humedales que se encuentran \u201ctotal o parcialmente dentro del l\u00edmite urbano\u201d de acuerdo a la\u00a0Ley\u00a0N\u00ba21.202.<\/p>\n<p style=\"font-weight: 400; text-align: justify;\">Por tal motivo, desde inicios de este a\u00f1o la Oficina de Fomento y Turismo de la Municipalidad de R\u00edo Ib\u00e1\u00f1ez, junto a organizaciones locales, la Universidad Austral, Copec y su aliado t\u00e9cnico, la Fundaci\u00f3n Kennedy; elaboraron un expediente para solicitar la declaraci\u00f3n de Humedal Urbano, el cual fue entregado este mi\u00e9rcoles primero de junio por el alcalde de la comuna de R\u00edo Ib\u00e1\u00f1ez, Marcelo Santana Vargas.<\/p>\n<p style=\"font-weight: 400; text-align: justify;\">El alcalde Santana, afirma que espera una pronta respuesta por parte del Ministerio de Medio Ambiente \u201cdeseamos tener dentro de las pr\u00f3ximas semanas una resoluci\u00f3n que declara a este humedal urbano, un anhelo de nuestra comunidad y que ha sido empujado por nuestros vecinos, que busca por sobre todo la protecci\u00f3n de este valioso lugar ecosist\u00e9mico\u201d.<\/p>\n<p style=\"font-weight: 400; text-align: justify;\">La iniciativa fue bien recibida por el Seremi de Medio Ambiente de la Regi\u00f3n de Ays\u00e9n, Juli\u00e1n C\u00e1rdenas Carvajal \u201ces un hito tremendamente relevante, por cuanto estos humedales en s\u00ed son grandes reservas de agua en primera medida, pero no solo eso, tambi\u00e9n son un elemento fundamental en la batalla que estamos dando como humanidad al cambio clim\u00e1tico\u201d afirm\u00f3 tras recibir la ficha de solicitud.<\/p>\n<p style=\"font-weight: 400; text-align: justify;\">De acuerdo al conocimiento cient\u00edfico, los humedales cumplen un rol clave en la mitigaci\u00f3n del cambio clim\u00e1tico, ya que potencian los procesos hidrol\u00f3gicos y ecol\u00f3gicos de su entorno, favorecen la mitigaci\u00f3n de inundaciones, capturan y filtran afluentes que bajan de los glaciares cordilleranos, previenen inundaciones, entre otras caracter\u00edsticas beneficiosas para su entorno.<\/p>\n<p style=\"font-weight: 400; text-align: justify;\">Sin embargo, este\u00a0lugar de gran valor paisaj\u00edstico y ecosist\u00e9mico, que cuenta con la presencia de m\u00e1s de 30 especies de flora y 50 especies de avifauna, se ha visto constantemente amenazado por el ingreso de animales dom\u00e9sticos, el paso de autom\u00f3viles, el ingreso de ganado, contaminaci\u00f3n, etc.<\/p>\n<p style=\"font-weight: 400; text-align: justify;\">Ante estas situaciones que se replican a lo largo del pa\u00eds, la Ley de Humedales Urbanos entrega a los municipios herramientas concretas para proteger estos ecosistemas, a trav\u00e9s de la elaboraci\u00f3n de Ordenanzas Generales y del requerimiento de ser incluidos en los Instrumentos de Planificaci\u00f3n Territorial a toda escala como \u201c\u00e1rea de protecci\u00f3n de valor natural\u201d.<\/p>\n<p style=\"font-weight: 400; text-align: justify;\">Una de las vecinas que form\u00f3 parte de esta iniciativa fue\u00a0Roxana Pinto, encargada del Comit\u00e9 Ambiental de la Agrupaci\u00f3n de Turismo de Puerto Ingeniero Ib\u00e1\u00f1ez \u201ccreo que soy una de las m\u00e1s felices con esta noticia, llev\u00e1bamos a\u00f1os preguntando qu\u00e9 se pod\u00eda hacer y la verdad, yo doy por hecho que este va a ser el primer Humedal Urbano de la Regi\u00f3n\u201d afirm\u00f3.<\/p>\n<p style=\"font-weight: 400; text-align: justify;\">El siguiente paso es esperar a que la ficha de solicitud de Humedal Urbano, sea evaluado y aprobado por el Ministerio de Medio Ambiente, para posteriormente ser publicado en el Diario Oficial.<\/p>\n<\/div><\/section><\/div><div  style='height:50px' class='hr hr-invisible   avia-builder-el-6  el_after_av_one_full  el_before_av_social_share '><span class='hr-inner ' ><span class='hr-inner-style'><\/span><\/span><\/div><\/p>\n<div  class='av-social-sharing-box  avia-builder-el-7  el_after_av_hr  el_before_av_hr  '><div class='av-share-box'><h5 class='av-share-link-description av-no-toc '>Compartir esta noticia<\/h5><ul class='av-share-box-list noLightbox'><li class='av-share-link av-social-link-facebook' ><a target=\"_blank\" aria-label=\"Compartir en Facebook\" href='https:\/\/www.facebook.com\/sharer.php?u=https:\/\/radiorevelacionfm.cl\/?p=17643&#038;t=%E2%80%9CVientos%20del%20Chelenko%E2%80%9D%20en%20camino%20a%20ser%20declarado%20el%20primer%20humedal%20urbano%20en%20la%20Regi%C3%B3n%20de%20Ays%C3%A9n' aria-hidden='false' data-av_icon='\ue8f3' data-av_iconfont='entypo-fontello' title='' data-avia-related-tooltip='Compartir en Facebook' rel=\"noopener\"><span class='avia_hidden_link_text'>Compartir en Facebook<\/span><\/a><\/li><li class='av-share-link av-social-link-twitter' ><a target=\"_blank\" aria-label=\"Compartir en Twitter\" href='https:\/\/twitter.com\/share?text=%E2%80%9CVientos%20del%20Chelenko%E2%80%9D%20en%20camino%20a%20ser%20declarado%20el%20primer%20humedal%20urbano%20en%20la%20Regi%C3%B3n%20de%20Ays%C3%A9n&#038;url=https:\/\/radiorevelacionfm.cl\/?p=17643' aria-hidden='false' data-av_icon='\ue8f1' data-av_iconfont='entypo-fontello' title='' data-avia-related-tooltip='Compartir en Twitter' rel=\"noopener\"><span class='avia_hidden_link_text'>Compartir en Twitter<\/span><\/a><\/li><li class='av-share-link av-social-link-whatsapp' ><a target=\"_blank\" aria-label=\"Compartir en Whatsapp\" href='https:\/\/api.whatsapp.com\/send?text=https:\/\/radiorevelacionfm.cl\/?p=17643' aria-hidden='false' data-av_icon='\uf232' data-av_iconfont='entypo-fontello' title='' data-avia-related-tooltip='Compartir en Whatsapp' rel=\"noopener\"><span class='avia_hidden_link_text'>Compartir en Whatsapp<\/span><\/a><\/li><li class='av-share-link av-social-link-linkedin' ><a target=\"_blank\" aria-label=\"Compartir en LinkedIn\" href='https:\/\/linkedin.com\/shareArticle?mini=true&#038;title=%E2%80%9CVientos%20del%20Chelenko%E2%80%9D%20en%20camino%20a%20ser%20declarado%20el%20primer%20humedal%20urbano%20en%20la%20Regi%C3%B3n%20de%20Ays%C3%A9n&#038;url=https:\/\/radiorevelacionfm.cl\/?p=17643' aria-hidden='false' data-av_icon='\ue8fc' data-av_iconfont='entypo-fontello' title='' data-avia-related-tooltip='Compartir en LinkedIn' rel=\"noopener\"><span class='avia_hidden_link_text'>Compartir en LinkedIn<\/span><\/a><\/li><li class='av-share-link av-social-link-mail' ><a  aria-label=\"Compartir por correo\" href='mailto:?subject=%E2%80%9CVientos%20del%20Chelenko%E2%80%9D%20en%20camino%20a%20ser%20declarado%20el%20primer%20humedal%20urbano%20en%20la%20Regi%C3%B3n%20de%20Ays%C3%A9n&#038;body=https:\/\/radiorevelacionfm.cl\/?p=17643' aria-hidden='false' data-av_icon='\ue805' data-av_iconfont='entypo-fontello' title='' data-avia-related-tooltip='Compartir por correo'><span class='avia_hidden_link_text'>Compartir por correo<\/span><\/a><\/li><\/ul><\/div><\/div>\n<div  style='height:50px' class='hr hr-invisible   avia-builder-el-8  el_after_av_social_share  el_before_av_comments_list '><span class='hr-inner ' ><span class='hr-inner-style'><\/span><\/span><\/div>\n<div  class='av-buildercomment  av-blog-meta-html-info-disabled av-blog-meta-tag-disabled  '><\/div>\n","protected":false},"excerpt":{"rendered":"","protected":false},"author":1,"featured_media":17644,"comment_status":"open","ping_status":"open","sticky":false,"template":"","format":"standard","meta":{"footnotes":""},"categories":[38],"tags":[],"class_list":["post-17643","post","type-post","status-publish","format-standard","has-post-thumbnail","hentry","category-regional"],"jetpack_featured_media_url":"https:\/\/radiorevelacionfm.cl\/wp-content\/uploads\/2022\/06\/fotohumedal2-1-1.jpg","_links":{"self":[{"href":"https:\/\/radiorevelacionfm.cl\/index.php?rest_route=\/wp\/v2\/posts\/17643","targetHints":{"allow":["GET"]}}],"collection":[{"href":"https:\/\/radiorevelacionfm.cl\/index.php?rest_route=\/wp\/v2\/posts"}],"about":[{"href":"https:\/\/radiorevelacionfm.cl\/index.php?rest_route=\/wp\/v2\/types\/post"}],"author":[{"embeddable":true,"href":"https:\/\/radiorevelacionfm.cl\/index.php?rest_route=\/wp\/v2\/users\/1"}],"replies":[{"embeddable":true,"href":"https:\/\/radiorevelacionfm.cl\/index.php?rest_route=%2Fwp%2Fv2%2Fcomments&post=17643"}],"version-history":[{"count":2,"href":"https:\/\/radiorevelacionfm.cl\/index.php?rest_route=\/wp\/v2\/posts\/17643\/revisions"}],"predecessor-version":[{"id":17646,"href":"https:\/\/radiorevelacionfm.cl\/index.php?rest_route=\/wp\/v2\/posts\/17643\/revisions\/17646"}],"wp:featuredmedia":[{"embeddable":true,"href":"https:\/\/radiorevelacionfm.cl\/index.php?rest_route=\/wp\/v2\/media\/17644"}],"wp:attachment":[{"href":"https:\/\/radiorevelacionfm.cl\/index.php?rest_route=%2Fwp%2Fv2%2Fmedia&parent=17643"}],"wp:term":[{"taxonomy":"category","embeddable":true,"href":"https:\/\/radiorevelacionfm.cl\/index.php?rest_route=%2Fwp%2Fv2%2Fcategories&post=17643"},{"taxonomy":"post_tag","embeddable":true,"href":"https:\/\/radiorevelacionfm.cl\/index.php?rest_route=%2Fwp%2Fv2%2Ftags&post=17643"}],"curies":[{"name":"wp","href":"https:\/\/api.w.org\/{rel}","templated":true}]}}