{"id":17638,"date":"2022-06-06T10:30:25","date_gmt":"2022-06-06T13:30:25","guid":{"rendered":"https:\/\/radiorevelacionfm.cl\/?p=17638"},"modified":"2022-06-06T10:30:25","modified_gmt":"2022-06-06T13:30:25","slug":"junji-aysen-atrevete-a-la-aventura-ninos-y-ninas-recrean-el-mundo-marino-en-su-jardin-infantil","status":"publish","type":"post","link":"https:\/\/radiorevelacionfm.cl\/?p=17638","title":{"rendered":"Junji Ays\u00e9n: \u201cAtr\u00e9vete a la aventura\u201d, ni\u00f1os y ni\u00f1as recrean el mundo marino en su jard\u00edn infantil"},"content":{"rendered":"<div class=\"flex_column av_one_full  flex_column_div av-zero-column-padding first  avia-builder-el-0  el_before_av_one_full  avia-builder-el-first  \" style='border-radius:0px; '><div  class='avia-image-container  av-styling-    avia-builder-el-1  avia-builder-el-no-sibling  avia-align-center '  itemprop=\"image\" itemscope=\"itemscope\" itemtype=\"https:\/\/schema.org\/ImageObject\"  ><div class='avia-image-container-inner'><div class='avia-image-overlay-wrap'><img decoding=\"async\" class='wp-image-17639 avia-img-lazy-loading-not-17639 avia_image' src=\"https:\/\/radiorevelacionfm.cl\/wp-content\/uploads\/2022\/06\/JUNJI-jardin-1-1.jpg\" alt='' title='JUNJI jardin (1) (1)' height=\"600\" width=\"800\"  itemprop=\"thumbnailUrl\" srcset=\"https:\/\/radiorevelacionfm.cl\/wp-content\/uploads\/2022\/06\/JUNJI-jardin-1-1.jpg 800w, https:\/\/radiorevelacionfm.cl\/wp-content\/uploads\/2022\/06\/JUNJI-jardin-1-1-300x225.jpg 300w, https:\/\/radiorevelacionfm.cl\/wp-content\/uploads\/2022\/06\/JUNJI-jardin-1-1-768x576.jpg 768w, https:\/\/radiorevelacionfm.cl\/wp-content\/uploads\/2022\/06\/JUNJI-jardin-1-1-705x529.jpg 705w, https:\/\/radiorevelacionfm.cl\/wp-content\/uploads\/2022\/06\/JUNJI-jardin-1-1-600x450.jpg 600w\" sizes=\"(max-width: 800px) 100vw, 800px\" \/><\/div><\/div><\/div><\/div><div class=\"flex_column av_one_full  flex_column_div av-zero-column-padding first  avia-builder-el-2  el_after_av_one_full  el_before_av_one_full  column-top-margin\" style='border-radius:0px; '><section class=\"av_textblock_section \"  itemscope=\"itemscope\" itemtype=\"https:\/\/schema.org\/BlogPosting\" itemprop=\"blogPost\" ><div class='avia_textblock  '   itemprop=\"text\" ><p style=\"text-align: center;\"><strong><span style=\"font-size: 18pt;\">Junji Ays\u00e9n: \u201cAtr\u00e9vete a la aventura\u201d, ni\u00f1os y ni\u00f1as recrean el mundo marino en su jard\u00edn infantil <\/span><\/strong><\/p>\n<div id=\"gtx-trans\" style=\"position: absolute; left: -50px; top: 4.31534px;\">\n<div class=\"gtx-trans-icon\"><\/div>\n<\/div>\n<\/div><\/section><\/div><div class=\"flex_column av_one_full  flex_column_div av-zero-column-padding first  avia-builder-el-4  el_after_av_one_full  el_before_av_hr  column-top-margin\" style='border-radius:0px; '><section class=\"av_textblock_section \"  itemscope=\"itemscope\" itemtype=\"https:\/\/schema.org\/BlogPosting\" itemprop=\"blogPost\" ><div class='avia_textblock  '   itemprop=\"text\" ><p style=\"text-align: justify;\">Como una manera de acercar a ni\u00f1os y ni\u00f1as a las bondades de nuestro mar a trav\u00e9s del conocimiento cient\u00edfico, el nivel medio mayor A del jard\u00edn infantil Mart\u00edn Pescador de Coyhaique finaliz\u00f3 una interesante experiencia junto a las familias y comunidad educativa.<\/p>\n<p style=\"text-align: justify;\">Cada jard\u00edn Junji escoge en sus inicios un sello que guiar\u00e1 las caracter\u00edsticas del aprendizaje de ni\u00f1os y ni\u00f1as. Jard\u00edn Infantil Mart\u00edn Pescador es de sello cient\u00edfico integral y es por eso que planific\u00f3 para sus p\u00e1rvulos una interesante actividad, la que fue escogida por los ni\u00f1os y ni\u00f1as: \u201ceste proyecto nace desde la misma necesidad de los ni\u00f1os y ni\u00f1as de nuestro nivel, a trav\u00e9s de un conversatorio que se realiz\u00f3, donde ellos pudieron optar entre tres tem\u00e1ticas, ellos decidieron optar por este proyecto que tiene que ver con los recursos del mar. Aqu\u00ed estamos favoreciendo una pedagog\u00eda activa en ni\u00f1os y ni\u00f1as, favoreciendo su rol protag\u00f3nico para que sean aprendizajes significativos, dando \u00e9nfasis la creatividad, y con un pensamiento de investigaci\u00f3n- acci\u00f3n e involucrando, adem\u00e1s, en este proceso, a las familias\u201d se\u00f1al\u00f3 Mariza Avenda\u00f1o, educadora Jard\u00edn Infantil Mart\u00edn Pescador.<\/p>\n<div class=\"code-block code-block-6\" style=\"text-align: justify;\">\n<div id=\"Inread\">Esta es una propuesta did\u00e1ctica que promueve la participaci\u00f3n de ni\u00f1os y ni\u00f1as en pr\u00e1cticas democr\u00e1ticas destacando sus voces a partir de sus intereses, ya sea buscando soluci\u00f3n a un problema que surge de manera espont\u00e1nea o de una necesidad de conocer o profundizar una tem\u00e1tica\u2026 \u201cEs muy importante que hoy se est\u00e9n trabajando d\u00e1ndole \u00e9nfasis al sello educativo en conjunto con las familias. Aprovechar el mes del mar para entregar aprendizajes significativos y que les permita desarrollarse no s\u00f3lo en lo cognitivo como en lo socioemocional. Estamos aqu\u00ed, reconociendo al equipo en estas pr\u00e1cticas innovadoras que permiten ense\u00f1anzas que transformar\u00e1n a nuestros ni\u00f1os y ni\u00f1as como mejores personas\u201d dijo Sergio Herrera Hern\u00e1ndez, director regional de Junji Ays\u00e9n.<\/div>\n<\/div>\n<p style=\"text-align: justify;\">Uno de los componentes esenciales de did\u00e1cticas innovadoras para potenciar aprendizajes significativos, es emplear enfoques y metodolog\u00edas que centren su trabajo en el juego como motor del desarrollo del pensamiento, habilidades sociales, emocionales y aprendizajes significativos en los ni\u00f1os y ni\u00f1as.<\/p>\n<p style=\"text-align: justify;\">Para Francisca Opazo, apoderada del jard\u00edn, esta fue una experiencia muy enriquecedora: \u201cme parece un proyecto s\u00faper bonito, me parece s\u00faper importante que las t\u00edas instruyan a los papas y que podamos trabajar a la par jard\u00edn y las familias. El trabajo que realizamos fue un pez globo que realizamos con materiales reciclados. Estamos muy contentos de participar y que sea una actividad bien l\u00fadica\u201d.<\/p>\n<\/div><\/section><\/div><div  style='height:50px' class='hr hr-invisible   avia-builder-el-6  el_after_av_one_full  el_before_av_social_share '><span class='hr-inner ' ><span class='hr-inner-style'><\/span><\/span><\/div><\/p>\n<div  class='av-social-sharing-box  avia-builder-el-7  el_after_av_hr  el_before_av_hr  '><div class='av-share-box'><h5 class='av-share-link-description av-no-toc '>Compartir esta noticia<\/h5><ul class='av-share-box-list noLightbox'><li class='av-share-link av-social-link-facebook' ><a target=\"_blank\" aria-label=\"Compartir en Facebook\" href='https:\/\/www.facebook.com\/sharer.php?u=https:\/\/radiorevelacionfm.cl\/?p=17638&#038;t=Junji%20Ays%C3%A9n%3A%20%E2%80%9CAtr%C3%A9vete%20a%20la%20aventura%E2%80%9D%2C%20ni%C3%B1os%20y%20ni%C3%B1as%20recrean%20el%20mundo%20marino%20en%20su%20jard%C3%ADn%20infantil' aria-hidden='false' data-av_icon='\ue8f3' data-av_iconfont='entypo-fontello' title='' data-avia-related-tooltip='Compartir en Facebook' rel=\"noopener\"><span class='avia_hidden_link_text'>Compartir en Facebook<\/span><\/a><\/li><li class='av-share-link av-social-link-twitter' ><a target=\"_blank\" aria-label=\"Compartir en Twitter\" href='https:\/\/twitter.com\/share?text=Junji%20Ays%C3%A9n%3A%20%E2%80%9CAtr%C3%A9vete%20a%20la%20aventura%E2%80%9D%2C%20ni%C3%B1os%20y%20ni%C3%B1as%20recrean%20el%20mundo%20marino%20en%20su%20jard%C3%ADn%20infantil&#038;url=https:\/\/radiorevelacionfm.cl\/?p=17638' aria-hidden='false' data-av_icon='\ue8f1' data-av_iconfont='entypo-fontello' title='' data-avia-related-tooltip='Compartir en Twitter' rel=\"noopener\"><span class='avia_hidden_link_text'>Compartir en Twitter<\/span><\/a><\/li><li class='av-share-link av-social-link-whatsapp' ><a target=\"_blank\" aria-label=\"Compartir en Whatsapp\" href='https:\/\/api.whatsapp.com\/send?text=https:\/\/radiorevelacionfm.cl\/?p=17638' aria-hidden='false' data-av_icon='\uf232' data-av_iconfont='entypo-fontello' title='' data-avia-related-tooltip='Compartir en Whatsapp' rel=\"noopener\"><span class='avia_hidden_link_text'>Compartir en Whatsapp<\/span><\/a><\/li><li class='av-share-link av-social-link-linkedin' ><a target=\"_blank\" aria-label=\"Compartir en LinkedIn\" href='https:\/\/linkedin.com\/shareArticle?mini=true&#038;title=Junji%20Ays%C3%A9n%3A%20%E2%80%9CAtr%C3%A9vete%20a%20la%20aventura%E2%80%9D%2C%20ni%C3%B1os%20y%20ni%C3%B1as%20recrean%20el%20mundo%20marino%20en%20su%20jard%C3%ADn%20infantil&#038;url=https:\/\/radiorevelacionfm.cl\/?p=17638' aria-hidden='false' data-av_icon='\ue8fc' data-av_iconfont='entypo-fontello' title='' data-avia-related-tooltip='Compartir en LinkedIn' rel=\"noopener\"><span class='avia_hidden_link_text'>Compartir en LinkedIn<\/span><\/a><\/li><li class='av-share-link av-social-link-mail' ><a  aria-label=\"Compartir por correo\" href='mailto:?subject=Junji%20Ays%C3%A9n%3A%20%E2%80%9CAtr%C3%A9vete%20a%20la%20aventura%E2%80%9D%2C%20ni%C3%B1os%20y%20ni%C3%B1as%20recrean%20el%20mundo%20marino%20en%20su%20jard%C3%ADn%20infantil&#038;body=https:\/\/radiorevelacionfm.cl\/?p=17638' aria-hidden='false' data-av_icon='\ue805' data-av_iconfont='entypo-fontello' title='' data-avia-related-tooltip='Compartir por correo'><span class='avia_hidden_link_text'>Compartir por correo<\/span><\/a><\/li><\/ul><\/div><\/div>\n<div  style='height:50px' class='hr hr-invisible   avia-builder-el-8  el_after_av_social_share  el_before_av_comments_list '><span class='hr-inner ' ><span class='hr-inner-style'><\/span><\/span><\/div>\n<div  class='av-buildercomment  av-blog-meta-html-info-disabled av-blog-meta-tag-disabled  '><\/div>\n","protected":false},"excerpt":{"rendered":"","protected":false},"author":1,"featured_media":17639,"comment_status":"open","ping_status":"open","sticky":false,"template":"","format":"standard","meta":{"footnotes":""},"categories":[49],"tags":[],"class_list":["post-17638","post","type-post","status-publish","format-standard","has-post-thumbnail","hentry","category-educacion"],"jetpack_featured_media_url":"https:\/\/radiorevelacionfm.cl\/wp-content\/uploads\/2022\/06\/JUNJI-jardin-1-1.jpg","_links":{"self":[{"href":"https:\/\/radiorevelacionfm.cl\/index.php?rest_route=\/wp\/v2\/posts\/17638","targetHints":{"allow":["GET"]}}],"collection":[{"href":"https:\/\/radiorevelacionfm.cl\/index.php?rest_route=\/wp\/v2\/posts"}],"about":[{"href":"https:\/\/radiorevelacionfm.cl\/index.php?rest_route=\/wp\/v2\/types\/post"}],"author":[{"embeddable":true,"href":"https:\/\/radiorevelacionfm.cl\/index.php?rest_route=\/wp\/v2\/users\/1"}],"replies":[{"embeddable":true,"href":"https:\/\/radiorevelacionfm.cl\/index.php?rest_route=%2Fwp%2Fv2%2Fcomments&post=17638"}],"version-history":[{"count":2,"href":"https:\/\/radiorevelacionfm.cl\/index.php?rest_route=\/wp\/v2\/posts\/17638\/revisions"}],"predecessor-version":[{"id":17642,"href":"https:\/\/radiorevelacionfm.cl\/index.php?rest_route=\/wp\/v2\/posts\/17638\/revisions\/17642"}],"wp:featuredmedia":[{"embeddable":true,"href":"https:\/\/radiorevelacionfm.cl\/index.php?rest_route=\/wp\/v2\/media\/17639"}],"wp:attachment":[{"href":"https:\/\/radiorevelacionfm.cl\/index.php?rest_route=%2Fwp%2Fv2%2Fmedia&parent=17638"}],"wp:term":[{"taxonomy":"category","embeddable":true,"href":"https:\/\/radiorevelacionfm.cl\/index.php?rest_route=%2Fwp%2Fv2%2Fcategories&post=17638"},{"taxonomy":"post_tag","embeddable":true,"href":"https:\/\/radiorevelacionfm.cl\/index.php?rest_route=%2Fwp%2Fv2%2Ftags&post=17638"}],"curies":[{"name":"wp","href":"https:\/\/api.w.org\/{rel}","templated":true}]}}