{"id":17633,"date":"2022-06-05T21:27:33","date_gmt":"2022-06-06T00:27:33","guid":{"rendered":"https:\/\/radiorevelacionfm.cl\/?p=17633"},"modified":"2022-06-05T21:33:51","modified_gmt":"2022-06-06T00:33:51","slug":"seremi-de-desarrollo-social-visita-nuevo-albergue-protege-para-personas-en-situacion-de-calle-en-coyhaique","status":"publish","type":"post","link":"https:\/\/radiorevelacionfm.cl\/?p=17633","title":{"rendered":"Seremi de Desarrollo Social visita nuevo \u201cAlbergue Protege\u201d para personas en situaci\u00f3n de calle en Coyhaique"},"content":{"rendered":"<div class=\"flex_column av_one_full  flex_column_div av-zero-column-padding first  avia-builder-el-0  el_before_av_one_full  avia-builder-el-first  \" style='border-radius:0px; '><div  class='avia-image-container  av-styling-    avia-builder-el-1  avia-builder-el-no-sibling  avia-align-center '  itemprop=\"image\" itemscope=\"itemscope\" itemtype=\"https:\/\/schema.org\/ImageObject\"  ><div class='avia-image-container-inner'><div class='avia-image-overlay-wrap'><img decoding=\"async\" class='wp-image-17634 avia-img-lazy-loading-not-17634 avia_image' src=\"https:\/\/radiorevelacionfm.cl\/wp-content\/uploads\/2022\/06\/Albergue0-1-1.jpg\" alt='' title='Albergue0 (1) (1)' height=\"600\" width=\"800\"  itemprop=\"thumbnailUrl\" srcset=\"https:\/\/radiorevelacionfm.cl\/wp-content\/uploads\/2022\/06\/Albergue0-1-1.jpg 800w, https:\/\/radiorevelacionfm.cl\/wp-content\/uploads\/2022\/06\/Albergue0-1-1-300x225.jpg 300w, https:\/\/radiorevelacionfm.cl\/wp-content\/uploads\/2022\/06\/Albergue0-1-1-768x576.jpg 768w, https:\/\/radiorevelacionfm.cl\/wp-content\/uploads\/2022\/06\/Albergue0-1-1-705x529.jpg 705w, https:\/\/radiorevelacionfm.cl\/wp-content\/uploads\/2022\/06\/Albergue0-1-1-600x450.jpg 600w\" sizes=\"(max-width: 800px) 100vw, 800px\" \/><\/div><\/div><\/div><\/div>\n<div class=\"flex_column av_one_full  flex_column_div av-zero-column-padding first  avia-builder-el-2  el_after_av_one_full  el_before_av_one_full  column-top-margin\" style='border-radius:0px; '><section class=\"av_textblock_section \"  itemscope=\"itemscope\" itemtype=\"https:\/\/schema.org\/BlogPosting\" itemprop=\"blogPost\" ><div class='avia_textblock  '   itemprop=\"text\" ><p style=\"text-align: center;\"><strong><span style=\"font-size: 18pt;\">Seremi de Desarrollo Social visita nuevo \u201cAlbergue Protege\u201d para personas en situaci\u00f3n de calle en Coyhaique <\/span><\/strong><\/p>\n<div id=\"gtx-trans\" style=\"position: absolute; left: -50px; top: 4.31534px;\">\n<div class=\"gtx-trans-icon\"><\/div>\n<\/div>\n<\/div><\/section><\/div>\n<div class=\"flex_column av_one_full  flex_column_div av-zero-column-padding first  avia-builder-el-4  el_after_av_one_full  el_before_av_hr  column-top-margin\" style='border-radius:0px; '><section class=\"av_textblock_section \"  itemscope=\"itemscope\" itemtype=\"https:\/\/schema.org\/BlogPosting\" itemprop=\"blogPost\" ><div class='avia_textblock  '   itemprop=\"text\" ><p style=\"text-align: justify;\">Una visita al nuevo \u201cAlbergue Protege\u201d que entrar\u00e1 en funcionamiento el mi\u00e9rcoles 8 de junio, realiz\u00f3 la Seremi de Desarrollo Social y Familia, Karina Acevedo, junto al coordinador del \u00c1rea Social, Claudio Venegas; quienes recorrieron el recinto en compa\u00f1\u00eda de la profesional del Centro de Investigaci\u00f3n y Desarrollo Tecnol\u00f3gico y Social (CIDETS), instituci\u00f3n a cargo del nuevo albergue.<\/p>\n<div class=\"code-block code-block-6\" style=\"text-align: justify;\"><\/div>\n<div class=\"code-block code-block-4\" style=\"text-align: justify;\">\n<div id=\"300x250-B\">\n<p style=\"text-align: justify;\">Esta iniciativa se suma a los dispositivos ya existentes para personas en Situaci\u00f3n de Calle, y que funcionar\u00e1 por 180 d\u00edas en la comuna de Coyhaique, se ejecutar\u00e1 v\u00eda convenio de transferencia de recursos de la Seremi de Desarrollo Social y Familia de la regi\u00f3n de Ays\u00e9n, por un monto de $86.000.000, tendr\u00e1 un cupo para 20 personas y funcionar\u00e1 las 24 horas del d\u00eda, de lunes a domingo.<\/p>\n<p style=\"text-align: justify;\">De acuerdo Registro Social para Personas en situaci\u00f3n de calle, de abril de 2022; 157 personas en la regi\u00f3n, se encuentran en esta condici\u00f3n, 4 de ellas son mujeres. En este sentido, Karina Acevedo explic\u00f3 el trabajo que est\u00e1 realizando el Ministerio en la regi\u00f3n, el que incluye el programa Calle, el cual es ejecutado por el Hogar de Cristo, en las comunas de Coyhaique y de Ays\u00e9n; adem\u00e1s el programa Noche Digna que tiene dos componentes: el Plan Invierno y los Centros Temporales para la Superaci\u00f3n y ahora el \u201cAlbergue Protege\u201d, que tiene por objetivo evitar la mortalidad en \u00e9poca invernal y en condiciones ambientales adversas.<\/p>\n<\/div>\n<\/div>\n<p style=\"text-align: justify;\">Seg\u00fan detall\u00f3 la titular de Desarrollo Social en Ays\u00e9n, \u201ceste albergue es un tremendo logro para la regi\u00f3n de Ays\u00e9n, para las gestiones de la serem\u00eda, para los profesionales, que han estado a cargo, es un convenio adem\u00e1s que nos colabora el Vicariato con mucho entusiasmo y compromiso. El Obispo nos ha facilitado este espacio para que se instale la fundaci\u00f3n y podamos tener ac\u00e1 un albergue distinto a lo que ten\u00edamos; con la misma calidad, con 20 camas disponibles, con el espacio de ba\u00f1o, cocina, de primera calidad. Con personas especializadas que llevan a\u00f1os trabajando en esta materia, y que, sin duda, nos van a dejar experiencia en conocimiento y capacidad instalada, as\u00ed que estamos muy contentos de poder dar respuesta a una demanda ciudadana que no es vista por la comunidad todos los d\u00edas, que sin embargo requiere la colaboraci\u00f3n de nosotros como sociedad y como Estado\u201d.<\/p>\n<p style=\"text-align: justify;\">El Centro de Investigaci\u00f3n y Desarrollo Tecnol\u00f3gico y Social (CIDETS) encargado del Albergue Protege, cuenta con experiencia de m\u00e1s de 15 a\u00f1os de trabajo con personas en situaci\u00f3n de vulnerabilidad y 10 a\u00f1os con personas en Situaci\u00f3n de Calle; en las regiones: Metropolitana, Valpara\u00edso y O\u00b4Higgins. En el albergue trabajar\u00e1n 13 personas entre monitores, t\u00e9cnicos, profesionales, personal de aseo y manipuladora de alimentos, al servicio de quienes ah\u00ed se hospeden, de lunes a domingo.<\/p>\n<p style=\"text-align: justify;\">En tanto, la Coordinadora del Albergue, Betsab\u00e9 C\u00e1ceres, de profesi\u00f3n Trabajadora Social, se refiri\u00f3 a la pr\u00f3xima apertura del recinto e invit\u00f3 a las personas que se encuentren en Situaci\u00f3n de Calle que se acerquen al ex sal\u00f3n Juan XXII, ubicado en Monreal N\u00b0466. \u201cHoy d\u00eda estamos en convenio con la Serem\u00eda de desarrollo Social y familia, hemos generado este convenio para instalar este albergue para 20 personas, es un albergue de 24 horas. Esperamos entregar todos los servicios de alimentaci\u00f3n, de ducha, de vestimenta, \u00a0de habitaci\u00f3n, de cama, para que las personas puedan dormir en un espacio seguro, calefaccionado. Atendidos por un equipo multidisciplinario, que busca realizar un apoyo psicosocial a las personas, no es solo servicio de hoteler\u00eda, por as\u00ed decirlo, sino tambi\u00e9n de apoyo psicosocial, tener espacios para colaborar en el espacio de ocio, avanzar a la inclusi\u00f3n a superar la situaci\u00f3n de calle\u201d, manifest\u00f3 C\u00e1ceres.<\/p>\n<p style=\"text-align: justify;\">Karina Acevedo, reiter\u00f3 su agradecimiento al Vicariato de Ays\u00e9n y en especial al Obispo Luis Infanti de la Mora por facilitar el recinto ex sal\u00f3n Juan XXII para que durante 180 d\u00edas funcione como \u201cAlbergue Protege\u201d para las personas en situaci\u00f3n de Calle.<\/p>\n<\/div><\/section><\/div><div  style='height:50px' class='hr hr-invisible   avia-builder-el-6  el_after_av_one_full  el_before_av_social_share '><span class='hr-inner ' ><span class='hr-inner-style'><\/span><\/span><\/div><\/p>\n<div  class='av-social-sharing-box  avia-builder-el-7  el_after_av_hr  el_before_av_hr  '><div class='av-share-box'><h5 class='av-share-link-description av-no-toc '>Compartir esta noticia<\/h5><ul class='av-share-box-list noLightbox'><li class='av-share-link av-social-link-facebook' ><a target=\"_blank\" aria-label=\"Compartir en Facebook\" href='https:\/\/www.facebook.com\/sharer.php?u=https:\/\/radiorevelacionfm.cl\/?p=17633&#038;t=Seremi%20de%20Desarrollo%20Social%20visita%20nuevo%20%E2%80%9CAlbergue%20Protege%E2%80%9D%20para%20personas%20en%20situaci%C3%B3n%20de%20calle%20en%20Coyhaique' aria-hidden='false' data-av_icon='\ue8f3' data-av_iconfont='entypo-fontello' title='' data-avia-related-tooltip='Compartir en Facebook' rel=\"noopener\"><span class='avia_hidden_link_text'>Compartir en Facebook<\/span><\/a><\/li><li class='av-share-link av-social-link-twitter' ><a target=\"_blank\" aria-label=\"Compartir en Twitter\" href='https:\/\/twitter.com\/share?text=Seremi%20de%20Desarrollo%20Social%20visita%20nuevo%20%E2%80%9CAlbergue%20Protege%E2%80%9D%20para%20personas%20en%20situaci%C3%B3n%20de%20calle%20en%20Coyhaique&#038;url=https:\/\/radiorevelacionfm.cl\/?p=17633' aria-hidden='false' data-av_icon='\ue8f1' data-av_iconfont='entypo-fontello' title='' data-avia-related-tooltip='Compartir en Twitter' rel=\"noopener\"><span class='avia_hidden_link_text'>Compartir en Twitter<\/span><\/a><\/li><li class='av-share-link av-social-link-whatsapp' ><a target=\"_blank\" aria-label=\"Compartir en Whatsapp\" href='https:\/\/api.whatsapp.com\/send?text=https:\/\/radiorevelacionfm.cl\/?p=17633' aria-hidden='false' data-av_icon='\uf232' data-av_iconfont='entypo-fontello' title='' data-avia-related-tooltip='Compartir en Whatsapp' rel=\"noopener\"><span class='avia_hidden_link_text'>Compartir en Whatsapp<\/span><\/a><\/li><li class='av-share-link av-social-link-linkedin' ><a target=\"_blank\" aria-label=\"Compartir en LinkedIn\" href='https:\/\/linkedin.com\/shareArticle?mini=true&#038;title=Seremi%20de%20Desarrollo%20Social%20visita%20nuevo%20%E2%80%9CAlbergue%20Protege%E2%80%9D%20para%20personas%20en%20situaci%C3%B3n%20de%20calle%20en%20Coyhaique&#038;url=https:\/\/radiorevelacionfm.cl\/?p=17633' aria-hidden='false' data-av_icon='\ue8fc' data-av_iconfont='entypo-fontello' title='' data-avia-related-tooltip='Compartir en LinkedIn' rel=\"noopener\"><span class='avia_hidden_link_text'>Compartir en LinkedIn<\/span><\/a><\/li><li class='av-share-link av-social-link-mail' ><a  aria-label=\"Compartir por correo\" href='mailto:?subject=Seremi%20de%20Desarrollo%20Social%20visita%20nuevo%20%E2%80%9CAlbergue%20Protege%E2%80%9D%20para%20personas%20en%20situaci%C3%B3n%20de%20calle%20en%20Coyhaique&#038;body=https:\/\/radiorevelacionfm.cl\/?p=17633' aria-hidden='false' data-av_icon='\ue805' data-av_iconfont='entypo-fontello' title='' data-avia-related-tooltip='Compartir por correo'><span class='avia_hidden_link_text'>Compartir por correo<\/span><\/a><\/li><\/ul><\/div><\/div>\n<div  style='height:50px' class='hr hr-invisible   avia-builder-el-8  el_after_av_social_share  el_before_av_comments_list '><span class='hr-inner ' ><span class='hr-inner-style'><\/span><\/span><\/div>\n<div  class='av-buildercomment  av-blog-meta-html-info-disabled av-blog-meta-tag-disabled  '><\/div>\n","protected":false},"excerpt":{"rendered":"","protected":false},"author":1,"featured_media":17634,"comment_status":"open","ping_status":"open","sticky":false,"template":"","format":"standard","meta":{"footnotes":""},"categories":[38],"tags":[],"class_list":["post-17633","post","type-post","status-publish","format-standard","has-post-thumbnail","hentry","category-regional"],"jetpack_featured_media_url":"https:\/\/radiorevelacionfm.cl\/wp-content\/uploads\/2022\/06\/Albergue0-1-1.jpg","_links":{"self":[{"href":"https:\/\/radiorevelacionfm.cl\/index.php?rest_route=\/wp\/v2\/posts\/17633","targetHints":{"allow":["GET"]}}],"collection":[{"href":"https:\/\/radiorevelacionfm.cl\/index.php?rest_route=\/wp\/v2\/posts"}],"about":[{"href":"https:\/\/radiorevelacionfm.cl\/index.php?rest_route=\/wp\/v2\/types\/post"}],"author":[{"embeddable":true,"href":"https:\/\/radiorevelacionfm.cl\/index.php?rest_route=\/wp\/v2\/users\/1"}],"replies":[{"embeddable":true,"href":"https:\/\/radiorevelacionfm.cl\/index.php?rest_route=%2Fwp%2Fv2%2Fcomments&post=17633"}],"version-history":[{"count":3,"href":"https:\/\/radiorevelacionfm.cl\/index.php?rest_route=\/wp\/v2\/posts\/17633\/revisions"}],"predecessor-version":[{"id":17636,"href":"https:\/\/radiorevelacionfm.cl\/index.php?rest_route=\/wp\/v2\/posts\/17633\/revisions\/17636"}],"wp:featuredmedia":[{"embeddable":true,"href":"https:\/\/radiorevelacionfm.cl\/index.php?rest_route=\/wp\/v2\/media\/17634"}],"wp:attachment":[{"href":"https:\/\/radiorevelacionfm.cl\/index.php?rest_route=%2Fwp%2Fv2%2Fmedia&parent=17633"}],"wp:term":[{"taxonomy":"category","embeddable":true,"href":"https:\/\/radiorevelacionfm.cl\/index.php?rest_route=%2Fwp%2Fv2%2Fcategories&post=17633"},{"taxonomy":"post_tag","embeddable":true,"href":"https:\/\/radiorevelacionfm.cl\/index.php?rest_route=%2Fwp%2Fv2%2Ftags&post=17633"}],"curies":[{"name":"wp","href":"https:\/\/api.w.org\/{rel}","templated":true}]}}