{"id":17630,"date":"2022-06-06T10:17:39","date_gmt":"2022-06-06T13:17:39","guid":{"rendered":"https:\/\/radiorevelacionfm.cl\/?p=17630"},"modified":"2022-06-06T10:17:39","modified_gmt":"2022-06-06T13:17:39","slug":"delegado-presidencial-de-aysen-y-dialogo-por-reforma-previsional-la-seguridad-social-necesita-un-cambio-una-transformacion","status":"publish","type":"post","link":"https:\/\/radiorevelacionfm.cl\/?p=17630","title":{"rendered":"Delegado presidencial de Ays\u00e9n y Di\u00e1logo por Reforma Previsional: \u00abla seguridad social necesita un cambio, una transformaci\u00f3n\u00bb."},"content":{"rendered":"<div class=\"flex_column av_one_full  flex_column_div av-zero-column-padding first  avia-builder-el-0  el_before_av_one_full  avia-builder-el-first  \" style='border-radius:0px; '><div  class='avia-image-container  av-styling-    avia-builder-el-1  avia-builder-el-no-sibling  avia-align-center '  itemprop=\"image\" itemscope=\"itemscope\" itemtype=\"https:\/\/schema.org\/ImageObject\"  ><div class='avia-image-container-inner'><div class='avia-image-overlay-wrap'><img decoding=\"async\" class='wp-image-17631 avia-img-lazy-loading-not-17631 avia_image' src=\"https:\/\/radiorevelacionfm.cl\/wp-content\/uploads\/2022\/06\/dialogopensiones_inauguracion_mesas3-1_optimized.jpg\" alt='' title='dialogopensiones_inauguracion_mesas3-(1)_optimized' height=\"600\" width=\"800\"  itemprop=\"thumbnailUrl\" srcset=\"https:\/\/radiorevelacionfm.cl\/wp-content\/uploads\/2022\/06\/dialogopensiones_inauguracion_mesas3-1_optimized.jpg 800w, https:\/\/radiorevelacionfm.cl\/wp-content\/uploads\/2022\/06\/dialogopensiones_inauguracion_mesas3-1_optimized-300x225.jpg 300w, https:\/\/radiorevelacionfm.cl\/wp-content\/uploads\/2022\/06\/dialogopensiones_inauguracion_mesas3-1_optimized-768x576.jpg 768w, https:\/\/radiorevelacionfm.cl\/wp-content\/uploads\/2022\/06\/dialogopensiones_inauguracion_mesas3-1_optimized-705x529.jpg 705w, https:\/\/radiorevelacionfm.cl\/wp-content\/uploads\/2022\/06\/dialogopensiones_inauguracion_mesas3-1_optimized-600x450.jpg 600w\" sizes=\"(max-width: 800px) 100vw, 800px\" \/><\/div><\/div><\/div><\/div><div class=\"flex_column av_one_full  flex_column_div av-zero-column-padding first  avia-builder-el-2  el_after_av_one_full  el_before_av_one_full  column-top-margin\" style='border-radius:0px; '><section class=\"av_textblock_section \"  itemscope=\"itemscope\" itemtype=\"https:\/\/schema.org\/BlogPosting\" itemprop=\"blogPost\" ><div class='avia_textblock  '   itemprop=\"text\" ><p style=\"text-align: center;\"><span style=\"font-size: 18pt;\"><b><span lang=\"ES\">Delegado presidencial de Ays\u00e9n y Di\u00e1logo por Reforma Previsional:<\/span><\/b><span lang=\"ES\">\u00a0<\/span><b><span lang=\"ES\">\u00abla seguridad social necesita un cambio, una transformaci\u00f3n\u00bb.<\/span><\/b><\/span><\/p>\n<div id=\"gtx-trans\" style=\"position: absolute; left: -50px; top: 4.31534px;\">\n<div class=\"gtx-trans-icon\"><\/div>\n<\/div>\n<\/div><\/section><\/div><div class=\"flex_column av_one_full  flex_column_div av-zero-column-padding first  avia-builder-el-4  el_after_av_one_full  el_before_av_hr  column-top-margin\" style='border-radius:0px; '><section class=\"av_textblock_section \"  itemscope=\"itemscope\" itemtype=\"https:\/\/schema.org\/BlogPosting\" itemprop=\"blogPost\" ><div class='avia_textblock  '   itemprop=\"text\" ><div class=\"v1gmail_default\">\n<p class=\"v1MsoNormal\" style=\"text-align: justify;\"><span lang=\"ES\">Al encabezar el Di\u00e1logo por Pensiones Dignas en la Regi\u00f3n de Ays\u00e9n, el Delegado Presidencial de la Regi\u00f3n de Ays\u00e9n, Rodrigo Araya, sostuvo que \u00abla seguridad social en Chile necesita un cambio, necesita una transformaci\u00f3n, y hace mucho tiempo que eso est\u00e1 claro. Est\u00e1 sobre la mesa\u00bb.<\/span><\/p>\n<p class=\"v1MsoNormal\" style=\"text-align: justify;\"><span lang=\"ES\">\u00abPara el Gobierno del Presidente Gabriel Boric es fundamental lograr consensos, establecer conversaciones con la ciudadan\u00eda en temas como los que estamos discutiendo hoy d\u00eda\u00bb, complement\u00f3 sobre el proceso de di\u00e1logos que impulsa el Ministerio del Trabajo y Previsi\u00f3n Social, los que entregar\u00e1n insumos y una base de legitimidad social al proyecto de reforma del sistema de pensiones que se ingresar\u00e1 en agosto al Congreso.<\/span><\/p>\n<p class=\"v1MsoNormal\" style=\"text-align: justify;\"><span lang=\"ES\">En ese sentido, valor\u00f3 la realizaci\u00f3n de los encuentros de participaci\u00f3n tripartita del Gobierno, trabajadores y empleadores, estos \u00faltimos representados a trav\u00e9s de la Central Unitaria de Trabajadores (CUT) y de la Confederaci\u00f3n de la Producci\u00f3n y el Comercio (CPC), respectivamente. \u00abPara nuestro Gobierno y nuestro Presidente Gabriel Boric, el sistema de seguridad social es trascendental. Estos di\u00e1logos son, justamente, el paso para poner los principios de este sistema de seguridad social en la discusi\u00f3n, es fundamental que los distintos sectores formen un di\u00e1logo tripartito y esperamos que la propuesta que va a llevar el legislativo en agosto est\u00e9n contenidos los puntos que se han podido consensuar a trav\u00e9s de todos los di\u00e1logos que se han hecho en nuestro pa\u00eds\u00bb, manifest\u00f3.<\/span><\/p>\n<p class=\"v1MsoNormal\" style=\"text-align: justify;\"><span lang=\"ES\">En el encuentro tambi\u00e9n dieron palabras de inicio el presidente de la CUT provincial Coyhaique, Mauricio Mu\u00f1oz, y la presidenta de la C\u00e1mara de Comercio de Coyhaique, Daissy Mondelo, representante de la CPC, cerrando la actividad el Seremi del Trabajo y Previsi\u00f3n Social de la Regi\u00f3n de Ays\u00e9n, Rodrigo D\u00edaz.<\/span><\/p>\n<p class=\"v1MsoNormal\" style=\"text-align: justify;\"><span lang=\"ES\">\u00c9ste \u00faltimo destac\u00f3 el espacio de escucha y respeto que existi\u00f3 en la sesi\u00f3n del Di\u00e1logo por las Pensiones, \u00ab(valoro) Que logremos escucharnos, dialogar, escuchar los puntos en los que estamos de acuerdo, pero tambi\u00e9n d\u00f3nde no, y que eso se refleje con tolerancia y con respeto, como hemos visto. Instancias como \u00e9stas son muy buenas, ojal\u00e1 se repliquen, trabajando de esta manera, haciendo carne lo que dice nuestro Presidente Boric, de escuchar a la gente, aqu\u00ed todo va a quedar plasmado, escuchando a la gente de la Regi\u00f3n de Ays\u00e9n y yo me voy feliz con eso\u00bb.<\/span><\/p>\n<p class=\"v1MsoNormal\" style=\"text-align: justify;\"><span lang=\"ES\">\u00a0<\/span><\/p>\n<p class=\"v1MsoNormal\" style=\"text-align: justify;\"><b><u><span lang=\"ES\">Participantes<\/span><\/u><\/b><u><\/u><\/p>\n<p class=\"v1MsoNormal\" style=\"text-align: justify;\"><span lang=\"ES\">En el Di\u00e1logo Social de la Regi\u00f3n de Ays\u00e9n participaron 43 personas que se distribuyeron en 6 mesas de trabajo quienes durante la ma\u00f1ana abordaron diversas aristas de las pensiones, entre ellas, los principios del sistema de seguridad social: Universalidad, Solidaridad, Igualdad, Participaci\u00f3n, Suficiencia y Sostenibilidad, plasmando en un documento su opini\u00f3n personal y luego trabajando en forma grupal.<\/span><\/p>\n<p class=\"v1MsoNormal\" style=\"text-align: justify;\"><span lang=\"ES\">El presidente de la CUT, Mauricio Mu\u00f1oz, apreci\u00f3 esta instancia tripartita, \u00abSentimos que estas conversaciones, donde est\u00e1 el empresariado, el Gobierno y estamos trabajadores -estos di\u00e1logos que se est\u00e1n haciendo en todo el pa\u00eds-, son la herramienta precisa para mejorar las condiciones de los trabajadores en materia de pensiones. Es por eso que es tan importante hablar con sinceridad y decir la verdad, en el sentido de que estamos con complicaciones en las pensiones. Se nos dijo en el a\u00f1o 80, 81 que las pensiones iban a tener una rentabilidad de reemplazo de un 80% y eso en la actualidad no es as\u00ed\u00bb.<\/span><\/p>\n<p class=\"v1MsoNormal\" style=\"text-align: justify;\"><span lang=\"ES\">Por su parte, el vicepresidente de la C\u00e1mara de Comercio Coyhaique, Claudio Sanhueza, hizo hincapi\u00e9 en la importancia de conversar sobre las pensiones, \u00abTratar de conversar mirando hacia adelante, es buscar aquellos puntos de uni\u00f3n, que permitan contar con un mejor sistema de pensiones, es algo muy importante para cada uno de nosotros. En este sentido, todos los que participan tienen que ser parte de la responsabilidad de buscar una mejor soluci\u00f3n, as\u00ed es que contentos y agradecidos por la invitaci\u00f3n, que ha tenido buena convocatoria y participaci\u00f3n activa\u00bb.\u00a0\u00a0<\/span><\/p>\n<p class=\"v1MsoNormal\" style=\"text-align: justify;\"><span lang=\"ES\">Otra de las asistentes fue Eva Navarro, trabajadora de una empresa pesquera de Puerto Chacabuco, quien recalc\u00f3 la importancia de tener informaci\u00f3n, \u00abEl di\u00e1logo muy participativo, al menos la mesa que me toc\u00f3, bastante participativo, enriquecedor en el sentido que a veces hay cosas que una desconoce y con esto vamos quedando claritos en la informaci\u00f3n. Hay cosas que una conoce y debe aportarlo como conocimiento y tambi\u00e9n para ver como trabajadores lo que desconocemos muchas veces. Este di\u00e1logo sirve para todo eso, para que aprendamos y para que podamos aprender algo. Fueron muy discutidos los puntos, muy buenas tambi\u00e9n las preguntas, no se lleg\u00f3 a muchos acuerdos, tenemos bastante diversidad de opiniones, que eso es bueno tambi\u00e9n porque as\u00ed una se va enriqueciendo. En los temas no todos opinamos de la misma manera, pero lo bueno es que qued\u00f3 plasmado ah\u00ed, cada idea, de cada uno de nosotros\u00bb. \u00a0\u00a0\u00a0\u00a0<\/span><\/p>\n<p class=\"v1MsoNormal\" style=\"text-align: justify;\"><span lang=\"ES\">En tanto Yasmina Molina, representante de una empresa gr\u00e1fica de Coyhaique, manifest\u00f3 \u00abMe pareci\u00f3 una excelente iniciativa porque la verdad es que existen pocas instancias donde los tres ejes nos veamos cara a acara y podamos compartir experiencias y vivencias, y sobre todo en este momento hist\u00f3rico que estamos viviendo, de tantos cambios y tantas cosas importantes que se nos vienen como pa\u00eds. Ha sido muy interesante el escuchar otras opiniones, otras visiones y tambi\u00e9n aprender porque en el cuestionario de repente hay que poner \u00abno s\u00e9\u00bb, porque una no sabe todas las cosas. As\u00ed que me pareci\u00f3 una excelente iniciativa y agradezco que me hayan invitado\u00bb.<\/span><\/p>\n<p class=\"v1MsoNormal\" style=\"text-align: justify;\"><span lang=\"ES\">Las organizaciones que no eran parte de la estructura tripartita (trabajadores, empleadores y Gobierno), pudieron conversar con el Seremi Rodrigo D\u00edaz y con un profesional del equipo de la Subsecretar\u00eda de Previsi\u00f3n Social, mediante un espacio denominado Consultas T\u00e9cnicas. En este caso, asistieron representantes de organizaciones de adultos mayores, del Consejo de la Sociedad Civil (Cosoc), Mesa de Mujeres Rurales, pensionados, entre otros.<\/span><\/p>\n<p class=\"v1MsoNormal\" style=\"text-align: justify;\"><span lang=\"ES\">En este caso, la dirigenta de adultos mayores de Valle Simpson y Coyhaique, Elsa Abarz\u00faa, agradeci\u00f3 el espacio de ser escuchados en sus demandas y visiones, \u00abYo estoy s\u00faper agradecida del Gobierno que nos haya invitado a este encuentro ciudadano por las Pensiones Dignas. Yo creo que era lo que se necesit\u00e1bamos porque todo se hac\u00eda entre cuatro paredes y que por fin ahora nos tomen en cuenta para dar opiniones sobre nuestras pensiones, se le va a agradecer por siempre por toda la gente que est\u00e1 participando aqu\u00ed. Para m\u00ed fue s\u00faper bueno, ten\u00eda muchas inquietudes que yo escucho de los adultos mayores, de mis colegas jubilados del Servicio de Salud, y pude plante\u00e1rselas al seremi y creo que fui muy escuchada y espero en Dios que este encuentro que para la Regi\u00f3n de Ays\u00e9n es muy importante, salgan cosas buenas\u00bb. \u00a0<\/span><\/p>\n<p class=\"v1MsoNormal\" style=\"text-align: justify;\"><span lang=\"ES\">Para conocer m\u00e1s sobre la metodolog\u00eda y cronograma del di\u00e1logo por las pensiones, se puede visitar el sitio web\u00a0<a href=\"http:\/\/www.pensionesparachile.cl\/\" target=\"_blank\" rel=\"noopener noreferrer\">www.pensionesparachile.cl<\/a>\u00a0donde adem\u00e1s en los pr\u00f3ximos d\u00edas habr\u00e1n im\u00e1genes de esta iniciativa en la Regi\u00f3n de Ays\u00e9n. Cabe consignar que el Banco Interamericano del Desarrollo, BID, sistematizar\u00e1 ambas instancias ya que todo fue grabado y se entregar\u00e1n los resultados en las pr\u00f3ximas semanas.<\/span><\/p>\n<\/div>\n<div class=\"v1gmail_default\" style=\"text-align: justify;\"><\/div>\n<\/div><\/section><\/div><div  style='height:50px' class='hr hr-invisible   avia-builder-el-6  el_after_av_one_full  el_before_av_social_share '><span class='hr-inner ' ><span class='hr-inner-style'><\/span><\/span><\/div><\/p>\n<div  class='av-social-sharing-box  avia-builder-el-7  el_after_av_hr  el_before_av_hr  '><div class='av-share-box'><h5 class='av-share-link-description av-no-toc '>Compartir esta noticia<\/h5><ul class='av-share-box-list noLightbox'><li class='av-share-link av-social-link-facebook' ><a target=\"_blank\" aria-label=\"Compartir en Facebook\" href='https:\/\/www.facebook.com\/sharer.php?u=https:\/\/radiorevelacionfm.cl\/?p=17630&#038;t=Delegado%20presidencial%20de%20Ays%C3%A9n%20y%20Di%C3%A1logo%20por%20Reforma%20Previsional%3A%20%C2%ABla%20seguridad%20social%20necesita%20un%20cambio%2C%20una%20transformaci%C3%B3n%C2%BB.' aria-hidden='false' data-av_icon='\ue8f3' data-av_iconfont='entypo-fontello' title='' data-avia-related-tooltip='Compartir en Facebook' rel=\"noopener\"><span class='avia_hidden_link_text'>Compartir en Facebook<\/span><\/a><\/li><li class='av-share-link av-social-link-twitter' ><a target=\"_blank\" aria-label=\"Compartir en Twitter\" href='https:\/\/twitter.com\/share?text=Delegado%20presidencial%20de%20Ays%C3%A9n%20y%20Di%C3%A1logo%20por%20Reforma%20Previsional%3A%20%C2%ABla%20seguridad%20social%20necesita%20un%20cambio%2C%20una%20transformaci%C3%B3n%C2%BB.&#038;url=https:\/\/radiorevelacionfm.cl\/?p=17630' aria-hidden='false' data-av_icon='\ue8f1' data-av_iconfont='entypo-fontello' title='' data-avia-related-tooltip='Compartir en Twitter' rel=\"noopener\"><span class='avia_hidden_link_text'>Compartir en Twitter<\/span><\/a><\/li><li class='av-share-link av-social-link-whatsapp' ><a target=\"_blank\" aria-label=\"Compartir en Whatsapp\" href='https:\/\/api.whatsapp.com\/send?text=https:\/\/radiorevelacionfm.cl\/?p=17630' aria-hidden='false' data-av_icon='\uf232' data-av_iconfont='entypo-fontello' title='' data-avia-related-tooltip='Compartir en Whatsapp' rel=\"noopener\"><span class='avia_hidden_link_text'>Compartir en Whatsapp<\/span><\/a><\/li><li class='av-share-link av-social-link-linkedin' ><a target=\"_blank\" aria-label=\"Compartir en LinkedIn\" href='https:\/\/linkedin.com\/shareArticle?mini=true&#038;title=Delegado%20presidencial%20de%20Ays%C3%A9n%20y%20Di%C3%A1logo%20por%20Reforma%20Previsional%3A%20%C2%ABla%20seguridad%20social%20necesita%20un%20cambio%2C%20una%20transformaci%C3%B3n%C2%BB.&#038;url=https:\/\/radiorevelacionfm.cl\/?p=17630' aria-hidden='false' data-av_icon='\ue8fc' data-av_iconfont='entypo-fontello' title='' data-avia-related-tooltip='Compartir en LinkedIn' rel=\"noopener\"><span class='avia_hidden_link_text'>Compartir en LinkedIn<\/span><\/a><\/li><li class='av-share-link av-social-link-mail' ><a  aria-label=\"Compartir por correo\" href='mailto:?subject=Delegado%20presidencial%20de%20Ays%C3%A9n%20y%20Di%C3%A1logo%20por%20Reforma%20Previsional%3A%20%C2%ABla%20seguridad%20social%20necesita%20un%20cambio%2C%20una%20transformaci%C3%B3n%C2%BB.&#038;body=https:\/\/radiorevelacionfm.cl\/?p=17630' aria-hidden='false' data-av_icon='\ue805' data-av_iconfont='entypo-fontello' title='' data-avia-related-tooltip='Compartir por correo'><span class='avia_hidden_link_text'>Compartir por correo<\/span><\/a><\/li><\/ul><\/div><\/div>\n<div  style='height:50px' class='hr hr-invisible   avia-builder-el-8  el_after_av_social_share  el_before_av_comments_list '><span class='hr-inner ' ><span class='hr-inner-style'><\/span><\/span><\/div>\n<div  class='av-buildercomment  av-blog-meta-html-info-disabled av-blog-meta-tag-disabled  '><\/div>\n","protected":false},"excerpt":{"rendered":"","protected":false},"author":1,"featured_media":17631,"comment_status":"open","ping_status":"open","sticky":false,"template":"","format":"standard","meta":{"footnotes":""},"categories":[38],"tags":[],"class_list":["post-17630","post","type-post","status-publish","format-standard","has-post-thumbnail","hentry","category-regional"],"jetpack_featured_media_url":"https:\/\/radiorevelacionfm.cl\/wp-content\/uploads\/2022\/06\/dialogopensiones_inauguracion_mesas3-1_optimized.jpg","_links":{"self":[{"href":"https:\/\/radiorevelacionfm.cl\/index.php?rest_route=\/wp\/v2\/posts\/17630","targetHints":{"allow":["GET"]}}],"collection":[{"href":"https:\/\/radiorevelacionfm.cl\/index.php?rest_route=\/wp\/v2\/posts"}],"about":[{"href":"https:\/\/radiorevelacionfm.cl\/index.php?rest_route=\/wp\/v2\/types\/post"}],"author":[{"embeddable":true,"href":"https:\/\/radiorevelacionfm.cl\/index.php?rest_route=\/wp\/v2\/users\/1"}],"replies":[{"embeddable":true,"href":"https:\/\/radiorevelacionfm.cl\/index.php?rest_route=%2Fwp%2Fv2%2Fcomments&post=17630"}],"version-history":[{"count":2,"href":"https:\/\/radiorevelacionfm.cl\/index.php?rest_route=\/wp\/v2\/posts\/17630\/revisions"}],"predecessor-version":[{"id":17641,"href":"https:\/\/radiorevelacionfm.cl\/index.php?rest_route=\/wp\/v2\/posts\/17630\/revisions\/17641"}],"wp:featuredmedia":[{"embeddable":true,"href":"https:\/\/radiorevelacionfm.cl\/index.php?rest_route=\/wp\/v2\/media\/17631"}],"wp:attachment":[{"href":"https:\/\/radiorevelacionfm.cl\/index.php?rest_route=%2Fwp%2Fv2%2Fmedia&parent=17630"}],"wp:term":[{"taxonomy":"category","embeddable":true,"href":"https:\/\/radiorevelacionfm.cl\/index.php?rest_route=%2Fwp%2Fv2%2Fcategories&post=17630"},{"taxonomy":"post_tag","embeddable":true,"href":"https:\/\/radiorevelacionfm.cl\/index.php?rest_route=%2Fwp%2Fv2%2Ftags&post=17630"}],"curies":[{"name":"wp","href":"https:\/\/api.w.org\/{rel}","templated":true}]}}