{"id":17626,"date":"2022-06-05T20:11:53","date_gmt":"2022-06-05T23:11:53","guid":{"rendered":"https:\/\/radiorevelacionfm.cl\/?p=17626"},"modified":"2022-06-05T20:11:53","modified_gmt":"2022-06-05T23:11:53","slug":"pdi-realiza-recoleccion-de-residuos-en-el-rio-aysen-en-el-marco-del-dia-mundial-del-medio-ambiente","status":"publish","type":"post","link":"https:\/\/radiorevelacionfm.cl\/?p=17626","title":{"rendered":"PDI realiza recolecci\u00f3n de residuos en el R\u00edo Ays\u00e9n en el marco del D\u00eda Mundial del Medio Ambiente"},"content":{"rendered":"<div class=\"flex_column av_one_full  flex_column_div av-zero-column-padding first  avia-builder-el-0  el_before_av_one_full  avia-builder-el-first  \" style='border-radius:0px; '><div  class='avia-image-container  av-styling-    avia-builder-el-1  avia-builder-el-no-sibling  avia-align-center '  itemprop=\"image\" itemscope=\"itemscope\" itemtype=\"https:\/\/schema.org\/ImageObject\"  ><div class='avia-image-container-inner'><div class='avia-image-overlay-wrap'><img decoding=\"async\" class='wp-image-17627 avia-img-lazy-loading-not-17627 avia_image' src=\"https:\/\/radiorevelacionfm.cl\/wp-content\/uploads\/2022\/06\/05-06-2022-jornada-de-limpieza-recoleccion-y-reciclaje-en-rio-aysen-bidema-005-1_optimized.jpeg\" alt='' title='05-06-2022-jornada-de-limpieza-recolecci\u00f3n-y-reciclaje-en-r\u00edo-ays\u00e9n---bidema-005-(1)_optimized' height=\"600\" width=\"1048\"  itemprop=\"thumbnailUrl\" srcset=\"https:\/\/radiorevelacionfm.cl\/wp-content\/uploads\/2022\/06\/05-06-2022-jornada-de-limpieza-recoleccion-y-reciclaje-en-rio-aysen-bidema-005-1_optimized.jpeg 1048w, https:\/\/radiorevelacionfm.cl\/wp-content\/uploads\/2022\/06\/05-06-2022-jornada-de-limpieza-recoleccion-y-reciclaje-en-rio-aysen-bidema-005-1_optimized-300x172.jpeg 300w, https:\/\/radiorevelacionfm.cl\/wp-content\/uploads\/2022\/06\/05-06-2022-jornada-de-limpieza-recoleccion-y-reciclaje-en-rio-aysen-bidema-005-1_optimized-1030x590.jpeg 1030w, https:\/\/radiorevelacionfm.cl\/wp-content\/uploads\/2022\/06\/05-06-2022-jornada-de-limpieza-recoleccion-y-reciclaje-en-rio-aysen-bidema-005-1_optimized-768x440.jpeg 768w, https:\/\/radiorevelacionfm.cl\/wp-content\/uploads\/2022\/06\/05-06-2022-jornada-de-limpieza-recoleccion-y-reciclaje-en-rio-aysen-bidema-005-1_optimized-705x404.jpeg 705w, https:\/\/radiorevelacionfm.cl\/wp-content\/uploads\/2022\/06\/05-06-2022-jornada-de-limpieza-recoleccion-y-reciclaje-en-rio-aysen-bidema-005-1_optimized-600x344.jpeg 600w\" sizes=\"(max-width: 1048px) 100vw, 1048px\" \/><\/div><\/div><\/div><\/div><div class=\"flex_column av_one_full  flex_column_div av-zero-column-padding first  avia-builder-el-2  el_after_av_one_full  el_before_av_one_full  column-top-margin\" style='border-radius:0px; '><section class=\"av_textblock_section \"  itemscope=\"itemscope\" itemtype=\"https:\/\/schema.org\/BlogPosting\" itemprop=\"blogPost\" ><div class='avia_textblock  '   itemprop=\"text\" ><p style=\"text-align: center;\"><span style=\"font-size: 18pt;\"><strong>PDI realiza recolecci\u00f3n de residuos en el R\u00edo Ays\u00e9n en el marco del D\u00eda Mundial del Medio Ambiente<\/strong><\/span><\/p>\n<div id=\"gtx-trans\" style=\"position: absolute; left: -50px; top: 4.31534px;\">\n<div class=\"gtx-trans-icon\"><\/div>\n<\/div>\n<\/div><\/section><\/div><div class=\"flex_column av_one_full  flex_column_div av-zero-column-padding first  avia-builder-el-4  el_after_av_one_full  el_before_av_hr  column-top-margin\" style='border-radius:0px; '><section class=\"av_textblock_section \"  itemscope=\"itemscope\" itemtype=\"https:\/\/schema.org\/BlogPosting\" itemprop=\"blogPost\" ><div class='avia_textblock  '   itemprop=\"text\" ><p style=\"text-align: justify;\">Este domingo 5 de junio se conmemor\u00f3 el D\u00eda Mundial del Medio Ambiente, fecha instaurada en el a\u00f1o 1972 por la Organizaci\u00f3n de Naciones Unidas, mientras se desarrollaba la primera jornada de la Conferencia de las Naciones Unidas sobre el Medio Humano en Estocolmo, donde se acord\u00f3 que cada 5 de junio se conmemorar\u00eda este hito tan significativo.<\/p>\n<p style=\"text-align: justify;\">Desde la fecha y dirigido por el Programa de las Naciones Unidas para el Medio Ambiente (PNUMA), en todas las partes del mundo se celebra este d\u00eda y Chile se suma a esta actividad con la finalidad de crear conciencia en la ciudadan\u00eda acerca del cuidado y la conservaci\u00f3n del medio ambiente, a fin de recordar el enorme valor de la naturaleza y lo significativo que es protegerla para poder tener un futuro m\u00e1s sostenible.<\/p>\n<p style=\"text-align: justify;\">En este contexto, la Polic\u00eda de Investigaciones de Chile, a trav\u00e9s de la Brigada Investigadora de Delitos del Medio Ambiente y Patrimonio Cultural (BIDEMA) Ays\u00e9n, organiz\u00f3 una jornada de limpieza, recolecci\u00f3n y reciclaje en el sector de Isla D\u00edaz, en los alrededores del R\u00edo Ays\u00e9n, reforzando el llamado a la protecci\u00f3n del entorno y de los ecosistemas.<\/p>\n<p style=\"text-align: justify;\">As\u00ed, durante este domingo y con la colaboraci\u00f3n de la planta de gesti\u00f3n de residuos \u201cReciclajes Martino\u201d junto al Tren Ecol\u00f3gico de Don Christian Martino, un equipo compuesto por cerca de 30 personas, entre personal institucional, familia policial y agrupaciones ambientalistas de la comuna, se llev\u00f3 a cabo la recolecci\u00f3n y reciclaje de los residuos existentes en el lugar.<\/p>\n<p style=\"text-align: justify;\">\u201cCon esta actividad buscamos concientizar a los ni\u00f1os, ni\u00f1as y adolescentes sobre el cuidado y protecci\u00f3n de nuestro entorno, recalcando la importancia de vivir de forma sostenible y convertir nuestros h\u00e1bitos en estilos de vida m\u00e1s limpios y ecol\u00f3gicos, con acciones que nos ayuden a proteger y defender la salud del planeta, a fin de aminorar el r\u00e1pido avance de los efectos del cambio clim\u00e1tico\u201d, puntualiz\u00f3 el subprefecto Claudio Reyes, jefe de la BIDEMA Ays\u00e9n, destacando que los ecosistemas son el sustento de la vida en el planeta, y su defensa y cuidado redunda de forma directa en la salud del planeta y de todas las personas.<\/p>\n<p style=\"text-align: justify;\">Con la conmemoraci\u00f3n de este d\u00eda no s\u00f3lo se busca el rescate de los ecosistemas destruidos o degradados, sino que se resguarden aquellos que a\u00fan est\u00e1n intactos, pues un ecosistema saludable, otorga variados beneficios para la humanidad, tales como contar con una biodiversidad mejorada, suelos m\u00e1s f\u00e9rtiles y tratar de retroceder los efectos del cambio clim\u00e1tico.<\/p>\n<p style=\"text-align: justify;\">\u201cJustamente, aqu\u00ed es donde el rol de la BIDEMA Ays\u00e9n cobra especial relevancia debido a que esta brigada especializada se encuentra en constante adaptaci\u00f3n a los nuevos escenarios y fen\u00f3menos medioambientales emergentes. Adem\u00e1s, nuestros detectives se est\u00e1n capacitando permanentemente para actualizar sus conocimientos y experiencias en materia de investigaci\u00f3n medioambiental\u201d, puntualiz\u00f3 el subprefecto Claudio Reyes.<\/p>\n<p style=\"text-align: justify;\">La siguiente d\u00e9cada ser\u00e1 muy importante para detener y revertir el desgaste ambiental de los ecosistemas del mundo y cada acci\u00f3n que se realice ir\u00e1 en directo beneficio para mejorar la calidad de vida, orientando a la ciudadan\u00eda hacia un futuro m\u00e1s sostenible donde la PDI no est\u00e1 ajena a esta realidad, sum\u00e1ndose a este tipo de iniciativas que buscan generar acciones concretas de cuidado del entorno.<\/p>\n<\/div><\/section><\/div><div  style='height:50px' class='hr hr-invisible   avia-builder-el-6  el_after_av_one_full  el_before_av_social_share '><span class='hr-inner ' ><span class='hr-inner-style'><\/span><\/span><\/div><\/p>\n<div  class='av-social-sharing-box  avia-builder-el-7  el_after_av_hr  el_before_av_hr  '><div class='av-share-box'><h5 class='av-share-link-description av-no-toc '>Compartir esta noticia<\/h5><ul class='av-share-box-list noLightbox'><li class='av-share-link av-social-link-facebook' ><a target=\"_blank\" aria-label=\"Compartir en Facebook\" href='https:\/\/www.facebook.com\/sharer.php?u=https:\/\/radiorevelacionfm.cl\/?p=17626&#038;t=PDI%20realiza%20recolecci%C3%B3n%20de%20residuos%20en%20el%20R%C3%ADo%20Ays%C3%A9n%20en%20el%20marco%20del%20D%C3%ADa%20Mundial%20del%20Medio%20Ambiente' aria-hidden='false' data-av_icon='\ue8f3' data-av_iconfont='entypo-fontello' title='' data-avia-related-tooltip='Compartir en Facebook' rel=\"noopener\"><span class='avia_hidden_link_text'>Compartir en Facebook<\/span><\/a><\/li><li class='av-share-link av-social-link-twitter' ><a target=\"_blank\" aria-label=\"Compartir en Twitter\" href='https:\/\/twitter.com\/share?text=PDI%20realiza%20recolecci%C3%B3n%20de%20residuos%20en%20el%20R%C3%ADo%20Ays%C3%A9n%20en%20el%20marco%20del%20D%C3%ADa%20Mundial%20del%20Medio%20Ambiente&#038;url=https:\/\/radiorevelacionfm.cl\/?p=17626' aria-hidden='false' data-av_icon='\ue8f1' data-av_iconfont='entypo-fontello' title='' data-avia-related-tooltip='Compartir en Twitter' rel=\"noopener\"><span class='avia_hidden_link_text'>Compartir en Twitter<\/span><\/a><\/li><li class='av-share-link av-social-link-whatsapp' ><a target=\"_blank\" aria-label=\"Compartir en Whatsapp\" href='https:\/\/api.whatsapp.com\/send?text=https:\/\/radiorevelacionfm.cl\/?p=17626' aria-hidden='false' data-av_icon='\uf232' data-av_iconfont='entypo-fontello' title='' data-avia-related-tooltip='Compartir en Whatsapp' rel=\"noopener\"><span class='avia_hidden_link_text'>Compartir en Whatsapp<\/span><\/a><\/li><li class='av-share-link av-social-link-linkedin' ><a target=\"_blank\" aria-label=\"Compartir en LinkedIn\" href='https:\/\/linkedin.com\/shareArticle?mini=true&#038;title=PDI%20realiza%20recolecci%C3%B3n%20de%20residuos%20en%20el%20R%C3%ADo%20Ays%C3%A9n%20en%20el%20marco%20del%20D%C3%ADa%20Mundial%20del%20Medio%20Ambiente&#038;url=https:\/\/radiorevelacionfm.cl\/?p=17626' aria-hidden='false' data-av_icon='\ue8fc' data-av_iconfont='entypo-fontello' title='' data-avia-related-tooltip='Compartir en LinkedIn' rel=\"noopener\"><span class='avia_hidden_link_text'>Compartir en LinkedIn<\/span><\/a><\/li><li class='av-share-link av-social-link-mail' ><a  aria-label=\"Compartir por correo\" href='mailto:?subject=PDI%20realiza%20recolecci%C3%B3n%20de%20residuos%20en%20el%20R%C3%ADo%20Ays%C3%A9n%20en%20el%20marco%20del%20D%C3%ADa%20Mundial%20del%20Medio%20Ambiente&#038;body=https:\/\/radiorevelacionfm.cl\/?p=17626' aria-hidden='false' data-av_icon='\ue805' data-av_iconfont='entypo-fontello' title='' data-avia-related-tooltip='Compartir por correo'><span class='avia_hidden_link_text'>Compartir por correo<\/span><\/a><\/li><\/ul><\/div><\/div>\n<div  style='height:50px' class='hr hr-invisible   avia-builder-el-8  el_after_av_social_share  el_before_av_comments_list '><span class='hr-inner ' ><span class='hr-inner-style'><\/span><\/span><\/div>\n<div  class='av-buildercomment  av-blog-meta-html-info-disabled av-blog-meta-tag-disabled  '><\/div>\n","protected":false},"excerpt":{"rendered":"","protected":false},"author":1,"featured_media":17627,"comment_status":"open","ping_status":"open","sticky":false,"template":"","format":"standard","meta":{"footnotes":""},"categories":[39],"tags":[],"class_list":["post-17626","post","type-post","status-publish","format-standard","has-post-thumbnail","hentry","category-medio-ambiente"],"jetpack_featured_media_url":"https:\/\/radiorevelacionfm.cl\/wp-content\/uploads\/2022\/06\/05-06-2022-jornada-de-limpieza-recoleccion-y-reciclaje-en-rio-aysen-bidema-005-1_optimized.jpeg","_links":{"self":[{"href":"https:\/\/radiorevelacionfm.cl\/index.php?rest_route=\/wp\/v2\/posts\/17626","targetHints":{"allow":["GET"]}}],"collection":[{"href":"https:\/\/radiorevelacionfm.cl\/index.php?rest_route=\/wp\/v2\/posts"}],"about":[{"href":"https:\/\/radiorevelacionfm.cl\/index.php?rest_route=\/wp\/v2\/types\/post"}],"author":[{"embeddable":true,"href":"https:\/\/radiorevelacionfm.cl\/index.php?rest_route=\/wp\/v2\/users\/1"}],"replies":[{"embeddable":true,"href":"https:\/\/radiorevelacionfm.cl\/index.php?rest_route=%2Fwp%2Fv2%2Fcomments&post=17626"}],"version-history":[{"count":2,"href":"https:\/\/radiorevelacionfm.cl\/index.php?rest_route=\/wp\/v2\/posts\/17626\/revisions"}],"predecessor-version":[{"id":17629,"href":"https:\/\/radiorevelacionfm.cl\/index.php?rest_route=\/wp\/v2\/posts\/17626\/revisions\/17629"}],"wp:featuredmedia":[{"embeddable":true,"href":"https:\/\/radiorevelacionfm.cl\/index.php?rest_route=\/wp\/v2\/media\/17627"}],"wp:attachment":[{"href":"https:\/\/radiorevelacionfm.cl\/index.php?rest_route=%2Fwp%2Fv2%2Fmedia&parent=17626"}],"wp:term":[{"taxonomy":"category","embeddable":true,"href":"https:\/\/radiorevelacionfm.cl\/index.php?rest_route=%2Fwp%2Fv2%2Fcategories&post=17626"},{"taxonomy":"post_tag","embeddable":true,"href":"https:\/\/radiorevelacionfm.cl\/index.php?rest_route=%2Fwp%2Fv2%2Ftags&post=17626"}],"curies":[{"name":"wp","href":"https:\/\/api.w.org\/{rel}","templated":true}]}}