{"id":17618,"date":"2022-06-05T19:47:17","date_gmt":"2022-06-05T22:47:17","guid":{"rendered":"https:\/\/radiorevelacionfm.cl\/?p=17618"},"modified":"2022-06-05T19:47:17","modified_gmt":"2022-06-05T22:47:17","slug":"alta-participacion-ciudadana-en-inicio-de-proyecto-de-gef-que-busca-mejorar-la-gobernanza-marino-costera-en-la-comuna-de-cisnes","status":"publish","type":"post","link":"https:\/\/radiorevelacionfm.cl\/?p=17618","title":{"rendered":"Alta participaci\u00f3n ciudadana en inicio de proyecto de GEF que busca mejorar la gobernanza marino costera en la comuna de Cisnes"},"content":{"rendered":"<div class=\"flex_column av_one_full  flex_column_div av-zero-column-padding first  avia-builder-el-0  el_before_av_one_full  avia-builder-el-first  \" style='border-radius:0px; '><div  class='avia-image-container  av-styling-    avia-builder-el-1  avia-builder-el-no-sibling  avia-align-center '  itemprop=\"image\" itemscope=\"itemscope\" itemtype=\"https:\/\/schema.org\/ImageObject\"  ><div class='avia-image-container-inner'><div class='avia-image-overlay-wrap'><img decoding=\"async\" class='wp-image-17619 avia-img-lazy-loading-not-17619 avia_image' src=\"https:\/\/radiorevelacionfm.cl\/wp-content\/uploads\/2022\/06\/lanzamiento-gef-fao-muni-4-1_optimized.jpg\" alt='' title='lanzamiento-gef---fao-muni-4-(1)_optimized' height=\"600\" width=\"900\"  itemprop=\"thumbnailUrl\" srcset=\"https:\/\/radiorevelacionfm.cl\/wp-content\/uploads\/2022\/06\/lanzamiento-gef-fao-muni-4-1_optimized.jpg 900w, https:\/\/radiorevelacionfm.cl\/wp-content\/uploads\/2022\/06\/lanzamiento-gef-fao-muni-4-1_optimized-300x200.jpg 300w, https:\/\/radiorevelacionfm.cl\/wp-content\/uploads\/2022\/06\/lanzamiento-gef-fao-muni-4-1_optimized-768x512.jpg 768w, https:\/\/radiorevelacionfm.cl\/wp-content\/uploads\/2022\/06\/lanzamiento-gef-fao-muni-4-1_optimized-705x470.jpg 705w, https:\/\/radiorevelacionfm.cl\/wp-content\/uploads\/2022\/06\/lanzamiento-gef-fao-muni-4-1_optimized-600x400.jpg 600w\" sizes=\"(max-width: 900px) 100vw, 900px\" \/><\/div><\/div><\/div><\/div><div class=\"flex_column av_one_full  flex_column_div av-zero-column-padding first  avia-builder-el-2  el_after_av_one_full  el_before_av_one_full  column-top-margin\" style='border-radius:0px; '><section class=\"av_textblock_section \"  itemscope=\"itemscope\" itemtype=\"https:\/\/schema.org\/BlogPosting\" itemprop=\"blogPost\" ><div class='avia_textblock  '   itemprop=\"text\" ><p style=\"text-align: center;\"><strong><span style=\"font-size: 18pt;\">Alta participaci\u00f3n ciudadana en inicio de proyecto de GEF que busca mejorar la gobernanza marino costera en la comuna de Cisnes<\/span><\/strong><\/p>\n<div id=\"gtx-trans\" style=\"position: absolute; left: -50px; top: 4.31534px;\">\n<div class=\"gtx-trans-icon\"><\/div>\n<\/div>\n<\/div><\/section><\/div><div class=\"flex_column av_one_full  flex_column_div av-zero-column-padding first  avia-builder-el-4  el_after_av_one_full  el_before_av_hr  column-top-margin\" style='border-radius:0px; '><section class=\"av_textblock_section \"  itemscope=\"itemscope\" itemtype=\"https:\/\/schema.org\/BlogPosting\" itemprop=\"blogPost\" ><div class='avia_textblock  '   itemprop=\"text\" ><p style=\"text-align: justify;\">El pasado jueves 02 de junio se desarroll\u00f3 el taller llamado \u201cEncuentros desde el mar y las costas de la Comuna de Cisnes\u201d<strong>,<\/strong> que congreg\u00f3 a la comunidad local, autoridades, gremios, academia y Ongs, en el marco del lanzamiento del proyecto GEF Gobernanza Marina Costero, el cual busca avanzar hacia la conservaci\u00f3n y el uso sostenible de los recursos marino costeros, para las generaciones presentes y futuras.<\/p>\n<p style=\"text-align: justify;\">Con gran asistencia, la actividad que se efectu\u00f3 en el gimnasio municipal de Puerto Cisnes, representantes de las localidades de la Comuna de Cisnes tuvieron la oportunidad de plantear durante el taller, las diversas problem\u00e1ticas que existen en la actualidad en el ecosistema marino y sus posibles soluciones.<\/p>\n<p style=\"text-align: justify;\">Para Luis LLeuc\u00fan C\u00e1rdenas, presidente del Comit\u00e9 Social R\u00edo Figueroa de La Junta, el encuentro fue muy satisfactorio ya que, \u201caprendimos lo m\u00e1s importante la sociabilidad, el que nos hayan considerados a nosotros como personas comunes para formar parte de la elaboraci\u00f3n de un proyecto que considera todas las \u00e1reas, turismo, el cuidado de todos los ecosistemas que tenemos en nuestra localidad, lo que m\u00e1s rescato es el trabajo abierto hoy en Cisnes.\u201d, coment\u00f3.<\/p>\n<p style=\"text-align: justify;\">Para el coordinador del Proyecto FAO Miguel Moreno, la convocatoria al lanzamiento y posterior taller fue muy inesperada, superando las expectativas. \u201cLogramos convocar en esta primera instancia partiendo el proyecto, un espacio de dialogo de conversaci\u00f3n que empieza bastante positivo, con unas mesas de di\u00e1logos que se van instalando a nivel local y regional y creo que tiene bastante buena perspectiva positiva el impacto que puede tener el proyecto en el territorio para el mejoramiento de la sustentabilidad, de la conservaci\u00f3n, del desarrollo marino costero\u201d.<\/p>\n<p style=\"text-align: justify;\">La Comuna de Cisnes fue una de las comunas seleccionadas para el piloto del proyecto, mediante un proceso participativo y preliminar, as\u00ed lo manifest\u00f3 el representante de FAO para Latinoam\u00e9rica Jos\u00e9 Aguilar Manjarrez: \u201cFue seleccionada como uno de los sitios pilotos del proyecto, destacando como sitio representativo de \u00e1reas marinas importantes ecol\u00f3gicas o biol\u00f3gicamente significativas, donde diversas instituciones y actores locales han impulsado importantes procesos locales y regionales de ordenamiento y planificaci\u00f3n territorial , entre otras iniciativas, las cuales valoramos y buscamos contribuir en su fortalecimiento.\u201d<\/p>\n<p style=\"text-align: justify;\">\u201cNosotros como Comuna de Cisnes estamos muy contentos de haber sido parte de la selecci\u00f3n de este proyecto que es piloto a nivel nacional, partimos en su minuto solamente pensando en el espacio de Ra\u00fal Mar\u00edn Balmaceda, pero gracias tambi\u00e9n a las conversaciones y al di\u00e1logo que se sostuvo en su minuto con integrantes de la FAO y tambi\u00e9n con los buenos oficios del Ministerio Ambiente, pudimos extender este proyecto a cada rinc\u00f3n del litoral, utilizable hoy en d\u00eda de nuestra comuna, que incorpora todo lo que es el sector del Canal Moraleda hasta el sur puerto Gaviota, y hacia el norte hasta Ra\u00fal Mar\u00edn Balmaceda , incorporando a las 7 localidades de nuestra comuna de Cisnes\u201d, sostuvo el edil comunal, quien recalc\u00f3 el valor de la participaci\u00f3n de todos los actores que conviven en el territorio, y as\u00ed sentar las bases de un ordenamiento futuro que permita proyectar un crecimiento conjunto.<\/p>\n<p style=\"text-align: justify;\">Para el Seremi del Medio Ambiente, Juli\u00e1n C\u00e1rdenas, \u201ces tremendamente valioso el momento que estamos viviendo porque es la primera vez que hemos decidido como comunidad reunirnos y conversar entre todos y todas. Es una oportunidad \u00fanica donde todos los actores que conviven en este maritorio se convocan para abordar los desaf\u00edos que enfrentamos. Sabemos que existen diferencias y usos que se han contrapuesto y esta es la oportunidad para dialogar y encontrar soluciones conjuntas\u201d.<\/p>\n<p style=\"text-align: justify;\">El proyecto tendr\u00e1 una duraci\u00f3n de 4 a\u00f1os, y ya comenz\u00f3 la etapa de trabajo en los territorios junto a las comunidades, espec\u00edficamente en Ra\u00fal Mar\u00edn Balmaceda, Melimoyu, Puyuhuapi, Puerto Cisnes, Puerto Gala y Puerto Gaviota, todas localidades de la regi\u00f3n de Ays\u00e9n.<\/p>\n<p style=\"text-align: justify;\">El proyecto es implementado por la Organizaci\u00f3n de las Naciones Unidas para la Alimentaci\u00f3n y la Agricultura (FAO) y ejecutado por el Ministerio del Medio Ambiente, junto a la Subsecretar\u00eda de Pesca y Sernapesca.<\/p>\n<p style=\"text-align: justify;\">Chile tiene m\u00e1s de 4 mil km lineales de costa y los ecosistemas marino costeros tienen una biodiversidad \u00fanica y muy importante en el mundo. El pa\u00eds es una potencia pesquera y acu\u00edcola a nivel mundial, por esta raz\u00f3n dentro de los socios estrat\u00e9gicos del proyecto est\u00e1 Subsecretar\u00eda de Pesca y Acuicultura y Sernapesca. Para el Director Regional de la Subsecretaria de Pesca y Acuicultura, Oscar Henr\u00edquez Sep\u00falveda, la colaboraci\u00f3n con este proyecto es muy importante. \u201cM\u00e1s que nada reiterar nuestra alegr\u00eda y motivaci\u00f3n con respecto a este proyecto y toda la ayuda necesaria que podamos entregar como subsecretaria y reitero la participaci\u00f3n ciudadana, esto es un icono a nivel nacional, son dos regiones que fueron seleccionadas, y a la comuna de cisnes que sea parte de este proyecto es muy importante para el nivel pa\u00eds en tema de participaci\u00f3n ciudadana\u201d.<\/p>\n<p style=\"text-align: justify;\">El proyecto busca generar beneficios ambientales globales, adem\u00e1s de beneficios socio-econ\u00f3micos. Entre ellos se encuentra mejorar las capacidades de hombres y mujeres que se dedican a actividades pesqueras en comunidades piloto para la implementaci\u00f3n de pr\u00e1cticas y tecnolog\u00edas, as\u00ed como tambi\u00e9n, ecosistemas marinos costeros con gesti\u00f3n y sistemas de gobernanza fortalecidos para su conservaci\u00f3n y uso sostenible. Asimismo, se espera que haya un aumento de sus ingresos asociados al uso sostenible de los recursos y ecosistemas marinos.<\/p>\n<\/div><\/section><\/div><div  style='height:50px' class='hr hr-invisible   avia-builder-el-6  el_after_av_one_full  el_before_av_social_share '><span class='hr-inner ' ><span class='hr-inner-style'><\/span><\/span><\/div><\/p>\n<div  class='av-social-sharing-box  avia-builder-el-7  el_after_av_hr  el_before_av_hr  '><div class='av-share-box'><h5 class='av-share-link-description av-no-toc '>Compartir esta noticia<\/h5><ul class='av-share-box-list noLightbox'><li class='av-share-link av-social-link-facebook' ><a target=\"_blank\" aria-label=\"Compartir en Facebook\" href='https:\/\/www.facebook.com\/sharer.php?u=https:\/\/radiorevelacionfm.cl\/?p=17618&#038;t=Alta%20participaci%C3%B3n%20ciudadana%20en%20inicio%20de%20proyecto%20de%20GEF%20que%20busca%20mejorar%20la%20gobernanza%20marino%20costera%20en%20la%20comuna%20de%20Cisnes' aria-hidden='false' data-av_icon='\ue8f3' data-av_iconfont='entypo-fontello' title='' data-avia-related-tooltip='Compartir en Facebook' rel=\"noopener\"><span class='avia_hidden_link_text'>Compartir en Facebook<\/span><\/a><\/li><li class='av-share-link av-social-link-twitter' ><a target=\"_blank\" aria-label=\"Compartir en Twitter\" href='https:\/\/twitter.com\/share?text=Alta%20participaci%C3%B3n%20ciudadana%20en%20inicio%20de%20proyecto%20de%20GEF%20que%20busca%20mejorar%20la%20gobernanza%20marino%20costera%20en%20la%20comuna%20de%20Cisnes&#038;url=https:\/\/radiorevelacionfm.cl\/?p=17618' aria-hidden='false' data-av_icon='\ue8f1' data-av_iconfont='entypo-fontello' title='' data-avia-related-tooltip='Compartir en Twitter' rel=\"noopener\"><span class='avia_hidden_link_text'>Compartir en Twitter<\/span><\/a><\/li><li class='av-share-link av-social-link-whatsapp' ><a target=\"_blank\" aria-label=\"Compartir en Whatsapp\" href='https:\/\/api.whatsapp.com\/send?text=https:\/\/radiorevelacionfm.cl\/?p=17618' aria-hidden='false' data-av_icon='\uf232' data-av_iconfont='entypo-fontello' title='' data-avia-related-tooltip='Compartir en Whatsapp' rel=\"noopener\"><span class='avia_hidden_link_text'>Compartir en Whatsapp<\/span><\/a><\/li><li class='av-share-link av-social-link-linkedin' ><a target=\"_blank\" aria-label=\"Compartir en LinkedIn\" href='https:\/\/linkedin.com\/shareArticle?mini=true&#038;title=Alta%20participaci%C3%B3n%20ciudadana%20en%20inicio%20de%20proyecto%20de%20GEF%20que%20busca%20mejorar%20la%20gobernanza%20marino%20costera%20en%20la%20comuna%20de%20Cisnes&#038;url=https:\/\/radiorevelacionfm.cl\/?p=17618' aria-hidden='false' data-av_icon='\ue8fc' data-av_iconfont='entypo-fontello' title='' data-avia-related-tooltip='Compartir en LinkedIn' rel=\"noopener\"><span class='avia_hidden_link_text'>Compartir en LinkedIn<\/span><\/a><\/li><li class='av-share-link av-social-link-mail' ><a  aria-label=\"Compartir por correo\" href='mailto:?subject=Alta%20participaci%C3%B3n%20ciudadana%20en%20inicio%20de%20proyecto%20de%20GEF%20que%20busca%20mejorar%20la%20gobernanza%20marino%20costera%20en%20la%20comuna%20de%20Cisnes&#038;body=https:\/\/radiorevelacionfm.cl\/?p=17618' aria-hidden='false' data-av_icon='\ue805' data-av_iconfont='entypo-fontello' title='' data-avia-related-tooltip='Compartir por correo'><span class='avia_hidden_link_text'>Compartir por correo<\/span><\/a><\/li><\/ul><\/div><\/div>\n<div  style='height:50px' class='hr hr-invisible   avia-builder-el-8  el_after_av_social_share  el_before_av_comments_list '><span class='hr-inner ' ><span class='hr-inner-style'><\/span><\/span><\/div>\n<div  class='av-buildercomment  av-blog-meta-html-info-disabled av-blog-meta-tag-disabled  '><\/div>\n","protected":false},"excerpt":{"rendered":"","protected":false},"author":1,"featured_media":17619,"comment_status":"open","ping_status":"open","sticky":false,"template":"","format":"standard","meta":{"footnotes":""},"categories":[38],"tags":[],"class_list":["post-17618","post","type-post","status-publish","format-standard","has-post-thumbnail","hentry","category-regional"],"jetpack_featured_media_url":"https:\/\/radiorevelacionfm.cl\/wp-content\/uploads\/2022\/06\/lanzamiento-gef-fao-muni-4-1_optimized.jpg","_links":{"self":[{"href":"https:\/\/radiorevelacionfm.cl\/index.php?rest_route=\/wp\/v2\/posts\/17618","targetHints":{"allow":["GET"]}}],"collection":[{"href":"https:\/\/radiorevelacionfm.cl\/index.php?rest_route=\/wp\/v2\/posts"}],"about":[{"href":"https:\/\/radiorevelacionfm.cl\/index.php?rest_route=\/wp\/v2\/types\/post"}],"author":[{"embeddable":true,"href":"https:\/\/radiorevelacionfm.cl\/index.php?rest_route=\/wp\/v2\/users\/1"}],"replies":[{"embeddable":true,"href":"https:\/\/radiorevelacionfm.cl\/index.php?rest_route=%2Fwp%2Fv2%2Fcomments&post=17618"}],"version-history":[{"count":2,"href":"https:\/\/radiorevelacionfm.cl\/index.php?rest_route=\/wp\/v2\/posts\/17618\/revisions"}],"predecessor-version":[{"id":17621,"href":"https:\/\/radiorevelacionfm.cl\/index.php?rest_route=\/wp\/v2\/posts\/17618\/revisions\/17621"}],"wp:featuredmedia":[{"embeddable":true,"href":"https:\/\/radiorevelacionfm.cl\/index.php?rest_route=\/wp\/v2\/media\/17619"}],"wp:attachment":[{"href":"https:\/\/radiorevelacionfm.cl\/index.php?rest_route=%2Fwp%2Fv2%2Fmedia&parent=17618"}],"wp:term":[{"taxonomy":"category","embeddable":true,"href":"https:\/\/radiorevelacionfm.cl\/index.php?rest_route=%2Fwp%2Fv2%2Fcategories&post=17618"},{"taxonomy":"post_tag","embeddable":true,"href":"https:\/\/radiorevelacionfm.cl\/index.php?rest_route=%2Fwp%2Fv2%2Ftags&post=17618"}],"curies":[{"name":"wp","href":"https:\/\/api.w.org\/{rel}","templated":true}]}}