{"id":17614,"date":"2022-06-04T20:53:49","date_gmt":"2022-06-04T23:53:49","guid":{"rendered":"https:\/\/radiorevelacionfm.cl\/?p=17614"},"modified":"2022-06-04T20:53:49","modified_gmt":"2022-06-04T23:53:49","slug":"habilitan-punto-verde-en-jardin-infantil-de-puerto-aguirre","status":"publish","type":"post","link":"https:\/\/radiorevelacionfm.cl\/?p=17614","title":{"rendered":"Habilitan Punto Verde en Jard\u00edn Infantil de Puerto Aguirre"},"content":{"rendered":"<div class=\"flex_column av_one_full  flex_column_div av-zero-column-padding first  avia-builder-el-0  el_before_av_one_full  avia-builder-el-first  \" style='border-radius:0px; '><div  class='avia-image-container  av-styling-    avia-builder-el-1  avia-builder-el-no-sibling  avia-align-center '  itemprop=\"image\" itemscope=\"itemscope\" itemtype=\"https:\/\/schema.org\/ImageObject\"  ><div class='avia-image-container-inner'><div class='avia-image-overlay-wrap'><img decoding=\"async\" class='wp-image-17615 avia-img-lazy-loading-not-17615 avia_image' src=\"https:\/\/radiorevelacionfm.cl\/wp-content\/uploads\/2022\/06\/5-17-1-1.jpeg\" alt='' title='5 (17) (1) (1)' height=\"600\" width=\"1067\"  itemprop=\"thumbnailUrl\" srcset=\"https:\/\/radiorevelacionfm.cl\/wp-content\/uploads\/2022\/06\/5-17-1-1.jpeg 1067w, https:\/\/radiorevelacionfm.cl\/wp-content\/uploads\/2022\/06\/5-17-1-1-300x169.jpeg 300w, https:\/\/radiorevelacionfm.cl\/wp-content\/uploads\/2022\/06\/5-17-1-1-1030x579.jpeg 1030w, https:\/\/radiorevelacionfm.cl\/wp-content\/uploads\/2022\/06\/5-17-1-1-768x432.jpeg 768w, https:\/\/radiorevelacionfm.cl\/wp-content\/uploads\/2022\/06\/5-17-1-1-705x396.jpeg 705w, https:\/\/radiorevelacionfm.cl\/wp-content\/uploads\/2022\/06\/5-17-1-1-600x337.jpeg 600w\" sizes=\"(max-width: 1067px) 100vw, 1067px\" \/><\/div><\/div><\/div><\/div><div class=\"flex_column av_one_full  flex_column_div av-zero-column-padding first  avia-builder-el-2  el_after_av_one_full  el_before_av_one_full  column-top-margin\" style='border-radius:0px; '><section class=\"av_textblock_section \"  itemscope=\"itemscope\" itemtype=\"https:\/\/schema.org\/BlogPosting\" itemprop=\"blogPost\" ><div class='avia_textblock  '   itemprop=\"text\" ><p style=\"text-align: center;\"><strong><span style=\"font-size: 18pt;\">Habilitan Punto Verde en Jard\u00edn Infantil de Puerto Aguirre<\/span><\/strong><\/p>\n<div id=\"gtx-trans\" style=\"position: absolute; left: -50px; top: 4.31534px;\">\n<div class=\"gtx-trans-icon\"><\/div>\n<\/div>\n<\/div><\/section><\/div><div class=\"flex_column av_one_full  flex_column_div av-zero-column-padding first  avia-builder-el-4  el_after_av_one_full  el_before_av_hr  column-top-margin\" style='border-radius:0px; '><section class=\"av_textblock_section \"  itemscope=\"itemscope\" itemtype=\"https:\/\/schema.org\/BlogPosting\" itemprop=\"blogPost\" ><div class='avia_textblock  '   itemprop=\"text\" ><p style=\"font-weight: 400; text-align: justify;\">La iniciativa consiste en un punto limpio de recolecci\u00f3n de pl\u00e1stico, aluminio, cart\u00f3n y vidrio, que busca potenciar la educaci\u00f3n ambiental sobre el reciclaje y h\u00e1bitos sustentables desde temprana edad y que surge de un trabajo colaborativo entre el Jard\u00edn Infantil y Sala Cuna \u201cLos Cipreses\u201d de Puerto Aguirre en Islas Huichas y la Agrupaci\u00f3n de Educadores por la Sustentabilidad Reinventays\u00e9n.<\/p>\n<p style=\"font-weight: 400; text-align: justify;\">La directora del Jard\u00edn Infantil y Sala Cuna \u201cLos Cipreses\u201d, Tatiana C\u00e1rdenas Tavie destac\u00f3 que fueron \u201cbeneficiados con este Punto Verde en el marco del proyecto\u00a0<em>S\u00fabete al tren de la conciencia\u00a0<\/em>que busca apoyar a unidades educativas y organizaciones que tengan una trayectoria de trabajo en red y que busquen promover pr\u00e1cticas pedag\u00f3gicas en torno a la agricultura y\/o que promuevan el reciclaje y reducci\u00f3n de residuos\u201d.<\/p>\n<p style=\"font-weight: 400; text-align: justify;\">Desde el establecimiento destacan que la instalaci\u00f3n de este punto verde es un reconocimiento por parte de Reinventays\u00e9n al trabajo que vienen desarrollando en materia de cuidado y protecci\u00f3n del medioambiente.<\/p>\n<p style=\"font-weight: 400; text-align: justify;\">Espec\u00edficamente, se trata de la instalaci\u00f3n de un punto verde completamente techado, con contenedores separados para la disposici\u00f3n de residuos s\u00f3lidos inorg\u00e1nicos los que posteriormente son retirados desde Islas Huichas hasta la planta de Reciclajes Martino en Puerto Ays\u00e9n.<\/p>\n<p style=\"font-weight: 400; text-align: justify;\">\u201cContar con un Punto Verde en nuestra comunidad educativa impacta en el trabajo que desarrollamos ya que potencia nuestro sello educativo institucional que nos permitir\u00e1 promover un cambio cultural en la gesti\u00f3n de nuestros residuos, tanto en el hogar de nuestros p\u00e1rvulos como en nuestro establecimiento. Adem\u00e1s reforzar\u00e1 el trabajo en red con las escuelas e instituciones presentes en la localidad fomentando una cultura hacia el reciclaje, que nos permitir\u00e1 aportar de manera consciente y con acciones concretas en la protecci\u00f3n y el cuidado de nuestro entorno y del planeta\u201d, sentenci\u00f3 Tatiana C\u00e1rdenas Tavie.<\/p>\n<p style=\"font-weight: 400; text-align: justify;\">Cabe destacar que adicionalmente el establecimiento educacional de primera infancia ha realizado diversas acciones y talleres ligadas a tem\u00e1ticas medioambientales tales como agricultura rural, compostaje, que durante el 2021 les permiti\u00f3 realizar el proyecto huerto demostrativo mi jard\u00edn mi hogar, siempre contando con el acompa\u00f1amiento de profesionales del \u00e1rea de educaci\u00f3n ambiental y por agentes relevantes de Reinventays\u00e9n.<\/p>\n<p style=\"font-weight: 400; text-align: justify;\">Cristian Martino, due\u00f1o de reciclajes Martino y miembro de Reinventays\u00e9n destac\u00f3 que con la instalaci\u00f3n de este punto verde se busca \u201cincentivar el cuidado del medioambiente, trabajar con los residuos en pos de la reutilizaci\u00f3n, reciclaje y que estos terminen contaminando tierras, mares, oc\u00e9anos, canales, los que finalmente son destinados a vertederos saturados de basura\u201d. A la vez recalca que \u201ceso se evita con campa\u00f1as educativas de concientizaci\u00f3n, particularmente con los ni\u00f1os m\u00e1s peque\u00f1os porque son ellos los que generan los cambios, quienes llegan con el mensaje a sus hogares, provocan ese cambio para un mejor vivir\u201d.<\/p>\n<p style=\"font-weight: 400; text-align: justify;\">Finalmente, cabe destacar que la instalaci\u00f3n de este Punto Verde en el Jard\u00edn Infantil y Sala Cuna \u201cLos Cipreses\u201d se da en el contexto de celebraci\u00f3n del D\u00eda Internacional del Medioambiente y reforzando el sello de su Proyecto Educativo Institucional que es \u201cCultural Medioambiental\u201d.<\/p>\n<\/div><\/section><\/div><div  style='height:50px' class='hr hr-invisible   avia-builder-el-6  el_after_av_one_full  el_before_av_social_share '><span class='hr-inner ' ><span class='hr-inner-style'><\/span><\/span><\/div><\/p>\n<div  class='av-social-sharing-box  avia-builder-el-7  el_after_av_hr  el_before_av_hr  '><div class='av-share-box'><h5 class='av-share-link-description av-no-toc '>Compartir esta noticia<\/h5><ul class='av-share-box-list noLightbox'><li class='av-share-link av-social-link-facebook' ><a target=\"_blank\" aria-label=\"Compartir en Facebook\" href='https:\/\/www.facebook.com\/sharer.php?u=https:\/\/radiorevelacionfm.cl\/?p=17614&#038;t=Habilitan%20Punto%20Verde%20en%20Jard%C3%ADn%20Infantil%20de%20Puerto%20Aguirre' aria-hidden='false' data-av_icon='\ue8f3' data-av_iconfont='entypo-fontello' title='' data-avia-related-tooltip='Compartir en Facebook' rel=\"noopener\"><span class='avia_hidden_link_text'>Compartir en Facebook<\/span><\/a><\/li><li class='av-share-link av-social-link-twitter' ><a target=\"_blank\" aria-label=\"Compartir en Twitter\" href='https:\/\/twitter.com\/share?text=Habilitan%20Punto%20Verde%20en%20Jard%C3%ADn%20Infantil%20de%20Puerto%20Aguirre&#038;url=https:\/\/radiorevelacionfm.cl\/?p=17614' aria-hidden='false' data-av_icon='\ue8f1' data-av_iconfont='entypo-fontello' title='' data-avia-related-tooltip='Compartir en Twitter' rel=\"noopener\"><span class='avia_hidden_link_text'>Compartir en Twitter<\/span><\/a><\/li><li class='av-share-link av-social-link-whatsapp' ><a target=\"_blank\" aria-label=\"Compartir en Whatsapp\" href='https:\/\/api.whatsapp.com\/send?text=https:\/\/radiorevelacionfm.cl\/?p=17614' aria-hidden='false' data-av_icon='\uf232' data-av_iconfont='entypo-fontello' title='' data-avia-related-tooltip='Compartir en Whatsapp' rel=\"noopener\"><span class='avia_hidden_link_text'>Compartir en Whatsapp<\/span><\/a><\/li><li class='av-share-link av-social-link-linkedin' ><a target=\"_blank\" aria-label=\"Compartir en LinkedIn\" href='https:\/\/linkedin.com\/shareArticle?mini=true&#038;title=Habilitan%20Punto%20Verde%20en%20Jard%C3%ADn%20Infantil%20de%20Puerto%20Aguirre&#038;url=https:\/\/radiorevelacionfm.cl\/?p=17614' aria-hidden='false' data-av_icon='\ue8fc' data-av_iconfont='entypo-fontello' title='' data-avia-related-tooltip='Compartir en LinkedIn' rel=\"noopener\"><span class='avia_hidden_link_text'>Compartir en LinkedIn<\/span><\/a><\/li><li class='av-share-link av-social-link-mail' ><a  aria-label=\"Compartir por correo\" href='mailto:?subject=Habilitan%20Punto%20Verde%20en%20Jard%C3%ADn%20Infantil%20de%20Puerto%20Aguirre&#038;body=https:\/\/radiorevelacionfm.cl\/?p=17614' aria-hidden='false' data-av_icon='\ue805' data-av_iconfont='entypo-fontello' title='' data-avia-related-tooltip='Compartir por correo'><span class='avia_hidden_link_text'>Compartir por correo<\/span><\/a><\/li><\/ul><\/div><\/div>\n<div  style='height:50px' class='hr hr-invisible   avia-builder-el-8  el_after_av_social_share  el_before_av_comments_list '><span class='hr-inner ' ><span class='hr-inner-style'><\/span><\/span><\/div>\n<div  class='av-buildercomment  av-blog-meta-html-info-disabled av-blog-meta-tag-disabled  '><\/div>\n","protected":false},"excerpt":{"rendered":"","protected":false},"author":1,"featured_media":17615,"comment_status":"open","ping_status":"open","sticky":false,"template":"","format":"standard","meta":{"footnotes":""},"categories":[39],"tags":[],"class_list":["post-17614","post","type-post","status-publish","format-standard","has-post-thumbnail","hentry","category-medio-ambiente"],"jetpack_featured_media_url":"https:\/\/radiorevelacionfm.cl\/wp-content\/uploads\/2022\/06\/5-17-1-1.jpeg","_links":{"self":[{"href":"https:\/\/radiorevelacionfm.cl\/index.php?rest_route=\/wp\/v2\/posts\/17614","targetHints":{"allow":["GET"]}}],"collection":[{"href":"https:\/\/radiorevelacionfm.cl\/index.php?rest_route=\/wp\/v2\/posts"}],"about":[{"href":"https:\/\/radiorevelacionfm.cl\/index.php?rest_route=\/wp\/v2\/types\/post"}],"author":[{"embeddable":true,"href":"https:\/\/radiorevelacionfm.cl\/index.php?rest_route=\/wp\/v2\/users\/1"}],"replies":[{"embeddable":true,"href":"https:\/\/radiorevelacionfm.cl\/index.php?rest_route=%2Fwp%2Fv2%2Fcomments&post=17614"}],"version-history":[{"count":2,"href":"https:\/\/radiorevelacionfm.cl\/index.php?rest_route=\/wp\/v2\/posts\/17614\/revisions"}],"predecessor-version":[{"id":17617,"href":"https:\/\/radiorevelacionfm.cl\/index.php?rest_route=\/wp\/v2\/posts\/17614\/revisions\/17617"}],"wp:featuredmedia":[{"embeddable":true,"href":"https:\/\/radiorevelacionfm.cl\/index.php?rest_route=\/wp\/v2\/media\/17615"}],"wp:attachment":[{"href":"https:\/\/radiorevelacionfm.cl\/index.php?rest_route=%2Fwp%2Fv2%2Fmedia&parent=17614"}],"wp:term":[{"taxonomy":"category","embeddable":true,"href":"https:\/\/radiorevelacionfm.cl\/index.php?rest_route=%2Fwp%2Fv2%2Fcategories&post=17614"},{"taxonomy":"post_tag","embeddable":true,"href":"https:\/\/radiorevelacionfm.cl\/index.php?rest_route=%2Fwp%2Fv2%2Ftags&post=17614"}],"curies":[{"name":"wp","href":"https:\/\/api.w.org\/{rel}","templated":true}]}}