{"id":17610,"date":"2022-06-04T14:44:05","date_gmt":"2022-06-04T17:44:05","guid":{"rendered":"https:\/\/radiorevelacionfm.cl\/?p=17610"},"modified":"2022-06-04T14:44:05","modified_gmt":"2022-06-04T17:44:05","slug":"parte-segundo-piloto-de-electromovilidad-en-la-locomocion-colectiva-de-coyhaique-y-puerto-aysen","status":"publish","type":"post","link":"https:\/\/radiorevelacionfm.cl\/?p=17610","title":{"rendered":"Parte segundo piloto de electromovilidad en la locomoci\u00f3n colectiva de Coyhaique y Puerto Ays\u00e9n"},"content":{"rendered":"<div class=\"flex_column av_one_full  flex_column_div av-zero-column-padding first  avia-builder-el-0  el_before_av_one_full  avia-builder-el-first  \" style='border-radius:0px; '><div  class='avia-image-container  av-styling-    avia-builder-el-1  avia-builder-el-no-sibling  avia-align-center '  itemprop=\"image\" itemscope=\"itemscope\" itemtype=\"https:\/\/schema.org\/ImageObject\"  ><div class='avia-image-container-inner'><div class='avia-image-overlay-wrap'><img decoding=\"async\" class='wp-image-17611 avia-img-lazy-loading-not-17611 avia_image' src=\"https:\/\/radiorevelacionfm.cl\/wp-content\/uploads\/2022\/06\/electromovilidad1-1_optimized.jpg\" alt='' title='electromovilidad1-(1)_optimized' height=\"600\" width=\"800\"  itemprop=\"thumbnailUrl\" srcset=\"https:\/\/radiorevelacionfm.cl\/wp-content\/uploads\/2022\/06\/electromovilidad1-1_optimized.jpg 800w, https:\/\/radiorevelacionfm.cl\/wp-content\/uploads\/2022\/06\/electromovilidad1-1_optimized-300x225.jpg 300w, https:\/\/radiorevelacionfm.cl\/wp-content\/uploads\/2022\/06\/electromovilidad1-1_optimized-768x576.jpg 768w, https:\/\/radiorevelacionfm.cl\/wp-content\/uploads\/2022\/06\/electromovilidad1-1_optimized-705x529.jpg 705w, https:\/\/radiorevelacionfm.cl\/wp-content\/uploads\/2022\/06\/electromovilidad1-1_optimized-600x450.jpg 600w\" sizes=\"(max-width: 800px) 100vw, 800px\" \/><\/div><\/div><\/div><\/div><div class=\"flex_column av_one_full  flex_column_div av-zero-column-padding first  avia-builder-el-2  el_after_av_one_full  el_before_av_one_full  column-top-margin\" style='border-radius:0px; '><section class=\"av_textblock_section \"  itemscope=\"itemscope\" itemtype=\"https:\/\/schema.org\/BlogPosting\" itemprop=\"blogPost\" ><div class='avia_textblock  '   itemprop=\"text\" ><p style=\"text-align: center;\"><strong><span style=\"font-size: 18pt;\">Parte segundo piloto de electromovilidad en la locomoci\u00f3n colectiva de Coyhaique y Puerto Ays\u00e9n<\/span><\/strong><\/p>\n<div id=\"gtx-trans\" style=\"position: absolute; left: -50px; top: 4.31534px;\">\n<div class=\"gtx-trans-icon\"><\/div>\n<\/div>\n<\/div><\/section><\/div><div class=\"flex_column av_one_full  flex_column_div av-zero-column-padding first  avia-builder-el-4  el_after_av_one_full  el_before_av_hr  column-top-margin\" style='border-radius:0px; '><section class=\"av_textblock_section \"  itemscope=\"itemscope\" itemtype=\"https:\/\/schema.org\/BlogPosting\" itemprop=\"blogPost\" ><div class='avia_textblock  '   itemprop=\"text\" ><p style=\"text-align: justify;\">Este jueves con menos cinco grados bajo cero en Coyhaique se lanz\u00f3 oficialmente el segundo piloto de electromovilidad de taxis colectivos de la Regi\u00f3n de Ays\u00e9n.<\/p>\n<p style=\"text-align: justify;\">Se trata de una alianza p\u00fablico privada entre la empresa Voltera, Edelaysen y el Ministerio de Transportes y Telecomunicaciones, que contempla cinco veh\u00edculos el\u00e9ctricos provenientes de China circulando por un a\u00f1o en las calles de Coyhaique y uno en la ciudad de Puerto Ays\u00e9n.<\/p>\n<div class=\"code-block code-block-4\" style=\"text-align: justify;\">\n<div id=\"300x250-B\">Leonardo Mor\u00e1n Aldana, gerente zonal de Edelaysen, destac\u00f3 el foco de la empresa el\u00e9ctrica para participar de estas iniciativas que buscan mejorar la calidad de vida de los habitantes de la Regi\u00f3n de Ays\u00e9n.<\/div>\n<\/div>\n<p style=\"text-align: justify;\">\u201cHace a\u00f1os que venimos en una misi\u00f3n de poder demostrar que la energ\u00eda el\u00e9ctrica puede ser una soluci\u00f3n confiable, limpia y de precio accesible para resolver problemas que tenemos como comunidad, por ejemplo, la contaminaci\u00f3n por la calefacci\u00f3n. La misi\u00f3n nuestra es asegurar tener energ\u00eda disponible, limpia y a un precio razonable\u201d se\u00f1al\u00f3 Mor\u00e1n.<\/p>\n<p style=\"text-align: justify;\">Desde el Gobierno de Chile, la Seremi de Transportes y Telecomunicaciones, Claudia Cantero detall\u00f3 que para desarrollar este hito, \u201chemos sorteado bastante dificultades. Desde nuestro ministerio estamos impulsando y trabajando en distintos proyectos que tiene que ver con la electromovilidad, la formulaci\u00f3n de iniciativas que son alternativas a lo que ya tradicionalmente existe y sobre todo con las energ\u00edas renovables y limpias\u201d.<\/p>\n<p style=\"text-align: justify;\">Andr\u00e9s Vergara, CEO y cofundador de la empresa Voltera, entreg\u00f3 informaci\u00f3n sobre la eficiencia de los veh\u00edculos, donde se\u00f1ala que \u201cun auto normal, anda en el orden de los 200 kil\u00f3metros al d\u00eda, y eso hace que al a\u00f1o anden alrededor de 70 mil kil\u00f3metros. Este es un auto que con 20 mil kil\u00f3metros al a\u00f1o ya sale m\u00e1s barato. Entonces no tiene ning\u00fan sentido econ\u00f3mico que Chile tenga autos colectivos contaminantes, que son m\u00e1s caros en el costo por kil\u00f3metro que no sean el\u00e9ctricos. El problema es que la gente no los conoce, no tiene donde cargar, entonces la idea de este proyecto experimental es mostrar que, si se puede en Ays\u00e9n, se puede en Coyhaique, se puede en todo Chile\u201d.<\/p>\n<p style=\"text-align: justify;\">Por otro lado, Carlos Gatica Villegas, alcalde de Coyhaique destac\u00f3 la iniciativa proyectando a la comuna como una de las sostenibles de Chile.<\/p>\n<p style=\"text-align: justify;\">\u201cCon este proyecto m\u00e1s los buses el\u00e9ctricos, si es que se llegasen a ejecutar, Coyhaique ser\u00eda la ciudad con mayor porcentaje de poblaci\u00f3n transportados con electromovilidad. Ser\u00edamos la ciudad con mayor capacidad tecnol\u00f3gica por habitante, y eso nos posiciona como una ciudad en v\u00edas de ser sostenible totalmente y generar soluciones en materias de electromovilidad del transporte p\u00fablico\u201d se\u00f1al\u00f3 Gatica.<\/p>\n<p style=\"text-align: justify;\">Finalmente cabe resaltar las palabras de uno de los protagonistas del lanzamiento, Isaac Ovando, conductor del veh\u00edculo el\u00e9ctrico que trasladar\u00e1 pasajeros por primera vez en la ciudad de Puerto Ays\u00e9n.<\/p>\n<p style=\"text-align: justify;\">\u201cHa tenido muy buena aceptaci\u00f3n por parte de la gente, es s\u00faper ecol\u00f3gico, la gente ve que es un auto s\u00faper c\u00f3modo, amigable con el medio ambiente, ha tenido muy buena aceptaci\u00f3n\u201d dice Ovando, quien agrega que se caracteriza \u201cpor ser muy arriesgado en todo lo que emprendo, y estas son cosas nuevas que la gente les tiene miedo, y a mi me gusta apostar al futuro. Si funcionan en China, por qu\u00e9 no en la Regi\u00f3n de Ays\u00e9n, un poco m\u00e1s aislada, pero yo creo que est\u00e1n las condiciones dadas para que esto perdure en el tiempo. Este piloto va a marcar un antes y despu\u00e9s en a regi\u00f3n\u201d indic\u00f3 Ovando.<\/p>\n<\/div><\/section><\/div><div  style='height:50px' class='hr hr-invisible   avia-builder-el-6  el_after_av_one_full  el_before_av_social_share '><span class='hr-inner ' ><span class='hr-inner-style'><\/span><\/span><\/div><\/p>\n<div  class='av-social-sharing-box  avia-builder-el-7  el_after_av_hr  el_before_av_hr  '><div class='av-share-box'><h5 class='av-share-link-description av-no-toc '>Compartir esta noticia<\/h5><ul class='av-share-box-list noLightbox'><li class='av-share-link av-social-link-facebook' ><a target=\"_blank\" aria-label=\"Compartir en Facebook\" href='https:\/\/www.facebook.com\/sharer.php?u=https:\/\/radiorevelacionfm.cl\/?p=17610&#038;t=Parte%20segundo%20piloto%20de%20electromovilidad%20en%20la%20locomoci%C3%B3n%20colectiva%20de%20Coyhaique%20y%20Puerto%20Ays%C3%A9n' aria-hidden='false' data-av_icon='\ue8f3' data-av_iconfont='entypo-fontello' title='' data-avia-related-tooltip='Compartir en Facebook' rel=\"noopener\"><span class='avia_hidden_link_text'>Compartir en Facebook<\/span><\/a><\/li><li class='av-share-link av-social-link-twitter' ><a target=\"_blank\" aria-label=\"Compartir en Twitter\" href='https:\/\/twitter.com\/share?text=Parte%20segundo%20piloto%20de%20electromovilidad%20en%20la%20locomoci%C3%B3n%20colectiva%20de%20Coyhaique%20y%20Puerto%20Ays%C3%A9n&#038;url=https:\/\/radiorevelacionfm.cl\/?p=17610' aria-hidden='false' data-av_icon='\ue8f1' data-av_iconfont='entypo-fontello' title='' data-avia-related-tooltip='Compartir en Twitter' rel=\"noopener\"><span class='avia_hidden_link_text'>Compartir en Twitter<\/span><\/a><\/li><li class='av-share-link av-social-link-whatsapp' ><a target=\"_blank\" aria-label=\"Compartir en Whatsapp\" href='https:\/\/api.whatsapp.com\/send?text=https:\/\/radiorevelacionfm.cl\/?p=17610' aria-hidden='false' data-av_icon='\uf232' data-av_iconfont='entypo-fontello' title='' data-avia-related-tooltip='Compartir en Whatsapp' rel=\"noopener\"><span class='avia_hidden_link_text'>Compartir en Whatsapp<\/span><\/a><\/li><li class='av-share-link av-social-link-linkedin' ><a target=\"_blank\" aria-label=\"Compartir en LinkedIn\" href='https:\/\/linkedin.com\/shareArticle?mini=true&#038;title=Parte%20segundo%20piloto%20de%20electromovilidad%20en%20la%20locomoci%C3%B3n%20colectiva%20de%20Coyhaique%20y%20Puerto%20Ays%C3%A9n&#038;url=https:\/\/radiorevelacionfm.cl\/?p=17610' aria-hidden='false' data-av_icon='\ue8fc' data-av_iconfont='entypo-fontello' title='' data-avia-related-tooltip='Compartir en LinkedIn' rel=\"noopener\"><span class='avia_hidden_link_text'>Compartir en LinkedIn<\/span><\/a><\/li><li class='av-share-link av-social-link-mail' ><a  aria-label=\"Compartir por correo\" href='mailto:?subject=Parte%20segundo%20piloto%20de%20electromovilidad%20en%20la%20locomoci%C3%B3n%20colectiva%20de%20Coyhaique%20y%20Puerto%20Ays%C3%A9n&#038;body=https:\/\/radiorevelacionfm.cl\/?p=17610' aria-hidden='false' data-av_icon='\ue805' data-av_iconfont='entypo-fontello' title='' data-avia-related-tooltip='Compartir por correo'><span class='avia_hidden_link_text'>Compartir por correo<\/span><\/a><\/li><\/ul><\/div><\/div>\n<div  style='height:50px' class='hr hr-invisible   avia-builder-el-8  el_after_av_social_share  el_before_av_comments_list '><span class='hr-inner ' ><span class='hr-inner-style'><\/span><\/span><\/div>\n<div  class='av-buildercomment  av-blog-meta-html-info-disabled av-blog-meta-tag-disabled  '><\/div>\n","protected":false},"excerpt":{"rendered":"","protected":false},"author":1,"featured_media":17611,"comment_status":"open","ping_status":"open","sticky":false,"template":"","format":"standard","meta":{"footnotes":""},"categories":[38],"tags":[],"class_list":["post-17610","post","type-post","status-publish","format-standard","has-post-thumbnail","hentry","category-regional"],"jetpack_featured_media_url":"https:\/\/radiorevelacionfm.cl\/wp-content\/uploads\/2022\/06\/electromovilidad1-1_optimized.jpg","_links":{"self":[{"href":"https:\/\/radiorevelacionfm.cl\/index.php?rest_route=\/wp\/v2\/posts\/17610","targetHints":{"allow":["GET"]}}],"collection":[{"href":"https:\/\/radiorevelacionfm.cl\/index.php?rest_route=\/wp\/v2\/posts"}],"about":[{"href":"https:\/\/radiorevelacionfm.cl\/index.php?rest_route=\/wp\/v2\/types\/post"}],"author":[{"embeddable":true,"href":"https:\/\/radiorevelacionfm.cl\/index.php?rest_route=\/wp\/v2\/users\/1"}],"replies":[{"embeddable":true,"href":"https:\/\/radiorevelacionfm.cl\/index.php?rest_route=%2Fwp%2Fv2%2Fcomments&post=17610"}],"version-history":[{"count":2,"href":"https:\/\/radiorevelacionfm.cl\/index.php?rest_route=\/wp\/v2\/posts\/17610\/revisions"}],"predecessor-version":[{"id":17613,"href":"https:\/\/radiorevelacionfm.cl\/index.php?rest_route=\/wp\/v2\/posts\/17610\/revisions\/17613"}],"wp:featuredmedia":[{"embeddable":true,"href":"https:\/\/radiorevelacionfm.cl\/index.php?rest_route=\/wp\/v2\/media\/17611"}],"wp:attachment":[{"href":"https:\/\/radiorevelacionfm.cl\/index.php?rest_route=%2Fwp%2Fv2%2Fmedia&parent=17610"}],"wp:term":[{"taxonomy":"category","embeddable":true,"href":"https:\/\/radiorevelacionfm.cl\/index.php?rest_route=%2Fwp%2Fv2%2Fcategories&post=17610"},{"taxonomy":"post_tag","embeddable":true,"href":"https:\/\/radiorevelacionfm.cl\/index.php?rest_route=%2Fwp%2Fv2%2Ftags&post=17610"}],"curies":[{"name":"wp","href":"https:\/\/api.w.org\/{rel}","templated":true}]}}