{"id":17524,"date":"2022-06-03T10:53:25","date_gmt":"2022-06-03T13:53:25","guid":{"rendered":"https:\/\/radiorevelacionfm.cl\/?p=17524"},"modified":"2022-06-03T10:53:25","modified_gmt":"2022-06-03T13:53:25","slug":"programa-con-buena-energia-capacita-a-familias-de-cochrane","status":"publish","type":"post","link":"https:\/\/radiorevelacionfm.cl\/?p=17524","title":{"rendered":"Programa \u201cCon Buena Energ\u00eda\u201d capacita a familias de Cochrane"},"content":{"rendered":"<div class=\"flex_column av_one_full  flex_column_div av-zero-column-padding first  avia-builder-el-0  el_before_av_one_full  avia-builder-el-first  \" style='border-radius:0px; '><div  class='avia-image-container  av-styling-    avia-builder-el-1  avia-builder-el-no-sibling  avia-align-center '  itemprop=\"image\" itemscope=\"itemscope\" itemtype=\"https:\/\/schema.org\/ImageObject\"  ><div class='avia-image-container-inner'><div class='avia-image-overlay-wrap'><img decoding=\"async\" class='wp-image-17525 avia-img-lazy-loading-not-17525 avia_image' src=\"https:\/\/radiorevelacionfm.cl\/wp-content\/uploads\/2022\/06\/Foto1-5-1-1.jpg\" alt='' title='Foto1 (5) (1) (1)' height=\"600\" width=\"961\"  itemprop=\"thumbnailUrl\" srcset=\"https:\/\/radiorevelacionfm.cl\/wp-content\/uploads\/2022\/06\/Foto1-5-1-1.jpg 961w, https:\/\/radiorevelacionfm.cl\/wp-content\/uploads\/2022\/06\/Foto1-5-1-1-300x187.jpg 300w, https:\/\/radiorevelacionfm.cl\/wp-content\/uploads\/2022\/06\/Foto1-5-1-1-768x480.jpg 768w, https:\/\/radiorevelacionfm.cl\/wp-content\/uploads\/2022\/06\/Foto1-5-1-1-705x440.jpg 705w, https:\/\/radiorevelacionfm.cl\/wp-content\/uploads\/2022\/06\/Foto1-5-1-1-600x375.jpg 600w\" sizes=\"(max-width: 961px) 100vw, 961px\" \/><\/div><\/div><\/div><\/div><div class=\"flex_column av_one_full  flex_column_div av-zero-column-padding first  avia-builder-el-2  el_after_av_one_full  el_before_av_one_full  column-top-margin\" style='border-radius:0px; '><section class=\"av_textblock_section \"  itemscope=\"itemscope\" itemtype=\"https:\/\/schema.org\/BlogPosting\" itemprop=\"blogPost\" ><div class='avia_textblock  '   itemprop=\"text\" ><p style=\"text-align: center;\"><span style=\"font-size: 18pt;\"><strong>Programa \u201cCon Buena Energ\u00eda\u201d capacita a familias de Cochrane<\/strong><\/span><\/p>\n<div id=\"gtx-trans\" style=\"position: absolute; left: -50px; top: 4.31534px;\"><\/div>\n<\/div><\/section><\/div><div class=\"flex_column av_one_full  flex_column_div av-zero-column-padding first  avia-builder-el-4  el_after_av_one_full  el_before_av_hr  column-top-margin\" style='border-radius:0px; '><section class=\"av_textblock_section \"  itemscope=\"itemscope\" itemtype=\"https:\/\/schema.org\/BlogPosting\" itemprop=\"blogPost\" ><div class='avia_textblock  '   itemprop=\"text\" ><p style=\"text-align: justify;\">Con la presencia del Seremi de Energ\u00eda de Ays\u00e9n, Carlos D\u00edaz, 22 familias de Cochrane se capacitaron en eficiencia energ\u00e9tica gracias al programa \u201cCon Buena Energ\u00eda\u201d del Ministerio de Energ\u00eda (MEN).<\/p>\n<p style=\"text-align: justify;\">Para el Secretario Regional Ministerial, estas actividades representan una gran oportunidad de aprendizaje para potenciar una cultura regional de la eficiencia energ\u00e9tica. \u00a0\u201cEsperamos que tanto la capacitaci\u00f3n como los kits de ahorro que entregamos a las familias de Cochrane, les permitan sumarse a la cultura del uso eficiente de la energ\u00eda, que nos permitir\u00e1 enfrentar de mejor manera los desaf\u00edos del desarrollo sostenible que tenemos en el presente y futuro y, por supuesto, ayudar a la econom\u00eda familiar\u201d explic\u00f3 el Seremi D\u00edaz.<\/p>\n<p style=\"text-align: justify;\">Entre los contenidos del taller destaca el aprendizaje sobre consumos energ\u00e9ticos de los principales artefactos del hogar, aislaci\u00f3n t\u00e9rmica de la vivienda, consejos para el uso eficiente de calefactores y cocinas, lectura de la boleta electricidad, entre otras tem\u00e1ticas.<\/p>\n<p style=\"text-align: justify;\">Tambi\u00e9n la actividad consider\u00f3 la entrega de un kit eficiente que incluye dos ampolletas LED, un sello de puertas y ventanas, una zapatilla con interruptor, un magneto con consejos de eficiencia energ\u00e9tica y una bolsa reutilizable.<\/p>\n<p style=\"text-align: justify;\">Karen Sanzana vecina de Cochrane que particip\u00f3 de la capacitaci\u00f3n se\u00f1al\u00f3 que \u201cla actividad me pareci\u00f3 muy buena ya que pude aclarar un mont\u00f3n de dudas que ten\u00eda respecto del consumo energ\u00e9tico en mi casa. Adem\u00e1s, nos explicaron c\u00f3mo entender la cuenta de electricidad y nos entregaron muchos tips que me permitir\u00e1n ahorrar electricidad\u201d.<\/p>\n<p style=\"text-align: justify;\">Por su parte, Ilda Troncoso indic\u00f3 que \u201cel taller de hoy me gust\u00f3 mucho ya que ten\u00eda informaci\u00f3n muy interesante y f\u00e1cil de entender, adem\u00e1s nos entregaron un kit de eficiencia energ\u00e9tica que me va a servir mucho en mi hogar. Estoy muy contenta por haber participado en esta capacitaci\u00f3n y voy a aplicar los consejos que nos dieron\u201d.<\/p>\n<p style=\"text-align: justify;\">TIPS DE EFICIENCIA ENERG\u00c9TICA EN INVIERNO<\/p>\n<ul style=\"text-align: justify;\">\n<li>Comprueba que no existan fugas ni corrientes de aire en las puertas y ventanas que dan al exterior. Si es necesario utiliza sellos<\/li>\n<\/ul>\n<ul style=\"text-align: justify;\">\n<li>Las cortinas pueden ayudarnos mucho cuando se trata de frenar las bajas temperaturas. Por ello, se recomienda utilizar cortinas gruesas para evitar que se escape el calor por las ventanas.<\/li>\n<\/ul>\n<ul style=\"text-align: justify;\">\n<li>Evite ventilar la casa por m\u00e1s de diez minutos para no derrochar energ\u00eda. La ventilaci\u00f3n del aire es necesaria, pero es fundamental no dejar escapar el calor que hemos acumulado en el hogar. Por tanto, durante el invierno no es recomendable ventilar la casa por m\u00e1s de 10 minutos.<\/li>\n<\/ul>\n<ul style=\"text-align: justify;\">\n<li>Pintar con colores claros las paredes del hogar nos ayudar\u00e1 a tener que utilizar menos fuentes lum\u00ednicas y por consiguiente ahorrar energ\u00eda.<\/li>\n<\/ul>\n<ul style=\"text-align: justify;\">\n<li>En invierno se recomienda colocar el termostato del refrigerador al m\u00ednimo ya que, al estar el ambiente m\u00e1s fr\u00edo, con el m\u00ednimo es suficiente y por consiguiente ahorramos energ\u00eda.<\/li>\n<\/ul>\n<p><strong>\u00a0<\/strong><\/p>\n<\/div><\/section><\/div><div  style='height:50px' class='hr hr-invisible   avia-builder-el-6  el_after_av_one_full  el_before_av_social_share '><span class='hr-inner ' ><span class='hr-inner-style'><\/span><\/span><\/div><\/p>\n<div  class='av-social-sharing-box  avia-builder-el-7  el_after_av_hr  el_before_av_hr  '><div class='av-share-box'><h5 class='av-share-link-description av-no-toc '>Compartir esta noticia<\/h5><ul class='av-share-box-list noLightbox'><li class='av-share-link av-social-link-facebook' ><a target=\"_blank\" aria-label=\"Compartir en Facebook\" href='https:\/\/www.facebook.com\/sharer.php?u=https:\/\/radiorevelacionfm.cl\/?p=17524&#038;t=Programa%20%E2%80%9CCon%20Buena%20Energ%C3%ADa%E2%80%9D%20capacita%20a%20familias%20de%20Cochrane' aria-hidden='false' data-av_icon='\ue8f3' data-av_iconfont='entypo-fontello' title='' data-avia-related-tooltip='Compartir en Facebook' rel=\"noopener\"><span class='avia_hidden_link_text'>Compartir en Facebook<\/span><\/a><\/li><li class='av-share-link av-social-link-twitter' ><a target=\"_blank\" aria-label=\"Compartir en Twitter\" href='https:\/\/twitter.com\/share?text=Programa%20%E2%80%9CCon%20Buena%20Energ%C3%ADa%E2%80%9D%20capacita%20a%20familias%20de%20Cochrane&#038;url=https:\/\/radiorevelacionfm.cl\/?p=17524' aria-hidden='false' data-av_icon='\ue8f1' data-av_iconfont='entypo-fontello' title='' data-avia-related-tooltip='Compartir en Twitter' rel=\"noopener\"><span class='avia_hidden_link_text'>Compartir en Twitter<\/span><\/a><\/li><li class='av-share-link av-social-link-whatsapp' ><a target=\"_blank\" aria-label=\"Compartir en Whatsapp\" href='https:\/\/api.whatsapp.com\/send?text=https:\/\/radiorevelacionfm.cl\/?p=17524' aria-hidden='false' data-av_icon='\uf232' data-av_iconfont='entypo-fontello' title='' data-avia-related-tooltip='Compartir en Whatsapp' rel=\"noopener\"><span class='avia_hidden_link_text'>Compartir en Whatsapp<\/span><\/a><\/li><li class='av-share-link av-social-link-linkedin' ><a target=\"_blank\" aria-label=\"Compartir en LinkedIn\" href='https:\/\/linkedin.com\/shareArticle?mini=true&#038;title=Programa%20%E2%80%9CCon%20Buena%20Energ%C3%ADa%E2%80%9D%20capacita%20a%20familias%20de%20Cochrane&#038;url=https:\/\/radiorevelacionfm.cl\/?p=17524' aria-hidden='false' data-av_icon='\ue8fc' data-av_iconfont='entypo-fontello' title='' data-avia-related-tooltip='Compartir en LinkedIn' rel=\"noopener\"><span class='avia_hidden_link_text'>Compartir en LinkedIn<\/span><\/a><\/li><li class='av-share-link av-social-link-mail' ><a  aria-label=\"Compartir por correo\" href='mailto:?subject=Programa%20%E2%80%9CCon%20Buena%20Energ%C3%ADa%E2%80%9D%20capacita%20a%20familias%20de%20Cochrane&#038;body=https:\/\/radiorevelacionfm.cl\/?p=17524' aria-hidden='false' data-av_icon='\ue805' data-av_iconfont='entypo-fontello' title='' data-avia-related-tooltip='Compartir por correo'><span class='avia_hidden_link_text'>Compartir por correo<\/span><\/a><\/li><\/ul><\/div><\/div>\n<div  style='height:50px' class='hr hr-invisible   avia-builder-el-8  el_after_av_social_share  el_before_av_comments_list '><span class='hr-inner ' ><span class='hr-inner-style'><\/span><\/span><\/div>\n<div  class='av-buildercomment  av-blog-meta-html-info-disabled av-blog-meta-tag-disabled  '><\/div>\n","protected":false},"excerpt":{"rendered":"","protected":false},"author":1,"featured_media":17525,"comment_status":"open","ping_status":"open","sticky":false,"template":"","format":"standard","meta":{"footnotes":""},"categories":[38],"tags":[],"class_list":["post-17524","post","type-post","status-publish","format-standard","has-post-thumbnail","hentry","category-regional"],"jetpack_featured_media_url":"https:\/\/radiorevelacionfm.cl\/wp-content\/uploads\/2022\/06\/Foto1-5-1-1.jpg","_links":{"self":[{"href":"https:\/\/radiorevelacionfm.cl\/index.php?rest_route=\/wp\/v2\/posts\/17524","targetHints":{"allow":["GET"]}}],"collection":[{"href":"https:\/\/radiorevelacionfm.cl\/index.php?rest_route=\/wp\/v2\/posts"}],"about":[{"href":"https:\/\/radiorevelacionfm.cl\/index.php?rest_route=\/wp\/v2\/types\/post"}],"author":[{"embeddable":true,"href":"https:\/\/radiorevelacionfm.cl\/index.php?rest_route=\/wp\/v2\/users\/1"}],"replies":[{"embeddable":true,"href":"https:\/\/radiorevelacionfm.cl\/index.php?rest_route=%2Fwp%2Fv2%2Fcomments&post=17524"}],"version-history":[{"count":2,"href":"https:\/\/radiorevelacionfm.cl\/index.php?rest_route=\/wp\/v2\/posts\/17524\/revisions"}],"predecessor-version":[{"id":17560,"href":"https:\/\/radiorevelacionfm.cl\/index.php?rest_route=\/wp\/v2\/posts\/17524\/revisions\/17560"}],"wp:featuredmedia":[{"embeddable":true,"href":"https:\/\/radiorevelacionfm.cl\/index.php?rest_route=\/wp\/v2\/media\/17525"}],"wp:attachment":[{"href":"https:\/\/radiorevelacionfm.cl\/index.php?rest_route=%2Fwp%2Fv2%2Fmedia&parent=17524"}],"wp:term":[{"taxonomy":"category","embeddable":true,"href":"https:\/\/radiorevelacionfm.cl\/index.php?rest_route=%2Fwp%2Fv2%2Fcategories&post=17524"},{"taxonomy":"post_tag","embeddable":true,"href":"https:\/\/radiorevelacionfm.cl\/index.php?rest_route=%2Fwp%2Fv2%2Ftags&post=17524"}],"curies":[{"name":"wp","href":"https:\/\/api.w.org\/{rel}","templated":true}]}}