{"id":17520,"date":"2022-06-02T18:20:15","date_gmt":"2022-06-02T21:20:15","guid":{"rendered":"https:\/\/radiorevelacionfm.cl\/?p=17520"},"modified":"2022-06-02T18:20:15","modified_gmt":"2022-06-02T21:20:15","slug":"corfo-abre-convocatoria-para-apoyar-el-despegue-comercial-de-emprendedores-y-emprendedoras","status":"publish","type":"post","link":"https:\/\/radiorevelacionfm.cl\/?p=17520","title":{"rendered":"Corfo abre convocatoria para apoyar el despegue comercial de emprendedores y emprendedoras"},"content":{"rendered":"<div class=\"flex_column av_one_full  flex_column_div av-zero-column-padding first  avia-builder-el-0  el_before_av_one_full  avia-builder-el-first  \" style='border-radius:0px; '><div  class='avia-image-container  av-styling-    avia-builder-el-1  avia-builder-el-no-sibling  avia-align-center '  itemprop=\"image\" itemscope=\"itemscope\" itemtype=\"https:\/\/schema.org\/ImageObject\"  ><div class='avia-image-container-inner'><div class='avia-image-overlay-wrap'><img decoding=\"async\" class='wp-image-17521 avia-img-lazy-loading-not-17521 avia_image' src=\"https:\/\/radiorevelacionfm.cl\/wp-content\/uploads\/2022\/06\/Semilla-Expande-002-1-1.jpg\" alt='' title='Semilla Expande 002 (1) (1)' height=\"600\" width=\"907\"  itemprop=\"thumbnailUrl\" srcset=\"https:\/\/radiorevelacionfm.cl\/wp-content\/uploads\/2022\/06\/Semilla-Expande-002-1-1.jpg 907w, https:\/\/radiorevelacionfm.cl\/wp-content\/uploads\/2022\/06\/Semilla-Expande-002-1-1-300x198.jpg 300w, https:\/\/radiorevelacionfm.cl\/wp-content\/uploads\/2022\/06\/Semilla-Expande-002-1-1-768x508.jpg 768w, https:\/\/radiorevelacionfm.cl\/wp-content\/uploads\/2022\/06\/Semilla-Expande-002-1-1-705x466.jpg 705w, https:\/\/radiorevelacionfm.cl\/wp-content\/uploads\/2022\/06\/Semilla-Expande-002-1-1-600x397.jpg 600w\" sizes=\"(max-width: 907px) 100vw, 907px\" \/><\/div><\/div><\/div><\/div><div class=\"flex_column av_one_full  flex_column_div av-zero-column-padding first  avia-builder-el-2  el_after_av_one_full  el_before_av_one_full  column-top-margin\" style='border-radius:0px; '><section class=\"av_textblock_section \"  itemscope=\"itemscope\" itemtype=\"https:\/\/schema.org\/BlogPosting\" itemprop=\"blogPost\" ><div class='avia_textblock  '   itemprop=\"text\" ><p style=\"text-align: center;\"><span style=\"font-size: 18pt;\"><b>Corfo abre convocatoria para apoyar el despegue comercial de emprendedores y emprendedoras\u00a0<\/b><\/span><\/p>\n<div id=\"gtx-trans\" style=\"position: absolute; left: -50px; top: 4.31534px;\">\n<div class=\"gtx-trans-icon\"><\/div>\n<\/div>\n<\/div><\/section><\/div><div class=\"flex_column av_one_full  flex_column_div av-zero-column-padding first  avia-builder-el-4  el_after_av_one_full  el_before_av_hr  column-top-margin\" style='border-radius:0px; '><section class=\"av_textblock_section \"  itemscope=\"itemscope\" itemtype=\"https:\/\/schema.org\/BlogPosting\" itemprop=\"blogPost\" ><div class='avia_textblock  '   itemprop=\"text\" ><p style=\"text-align: justify;\">Hasta el jueves 30 de junio se encontrar\u00e1n abiertas las postulaciones al programa de Corfo\u00a0<a href=\"https:\/\/www.corfo.cl\/sites\/cpp\/convocatorias\/movil\/semilla_expande\" target=\"_blank\" rel=\"noopener\" data-saferedirecturl=\"https:\/\/www.google.com\/url?q=https:\/\/www.corfo.cl\/sites\/cpp\/convocatorias\/movil\/semilla_expande&amp;source=gmail&amp;ust=1654285049878000&amp;usg=AOvVaw0HkfjBaDAjiXdITanO4cPx\">Semilla Expande<\/a>, el cual busca apoyar a emprendimientos innovadores y\u00a0<b>que ya cuenten con ventas<\/b>, para fomentar su consolidaci\u00f3n comercial a nivel nacional y promover la internacionalizaci\u00f3n de su soluci\u00f3n o negocio.<\/p>\n<p style=\"text-align: justify;\">En una primera etapa, los interesados podr\u00e1n postular a un subsidio m\u00e1ximo de $25 millones o $28,3 millones, si el emprendimiento o empresa es liderado por mujeres, con posibilidad de extensi\u00f3n a una segunda etapa de cofinanciamiento y plazo adicional.<\/p>\n<p style=\"text-align: justify;\">\u201cDesde Corfo estamos comprometidos con reforzar el emprendimiento y la innovaci\u00f3n, como la forma de encontrar las soluciones a los desaf\u00edos que tenemos en los territorios y los sectores productivos. Conocemos el potencial que existe en nuestras regiones para la demanda local, pero tambi\u00e9n para la demanda internacional, en donde Chile se ha posicionado como l\u00edder, dada la sofisticaci\u00f3n y alto grado de tecnolog\u00eda de nuestros emprendimientos. Es por eso que, a trav\u00e9s de Semilla Expande, buscamos potenciar que estos proyectos sigan su crecimiento y desarrollo en nuestro pa\u00eds, pero tambi\u00e9n pensando a escala global\u201d, se\u00f1al\u00f3 la Gerenta de Emprendimiento, Carmen Contreras.<\/p>\n<p style=\"text-align: justify;\">En esta nueva convocatoria,\u00a0<a href=\"https:\/\/www.corfo.cl\/sites\/cpp\/convocatorias\/movil\/semilla_expande\" target=\"_blank\" rel=\"noopener\" data-saferedirecturl=\"https:\/\/www.google.com\/url?q=https:\/\/www.corfo.cl\/sites\/cpp\/convocatorias\/movil\/semilla_expande&amp;source=gmail&amp;ust=1654285049878000&amp;usg=AOvVaw0HkfjBaDAjiXdITanO4cPx\">Semilla Expande<\/a>\u00a0cofinanciar\u00e1 hasta el 75% del costo de los proyectos, y hasta un 85% aquellos liderados por mujeres. De esta manera, los emprendimientos seleccionados por Corfo podr\u00e1n financiar actividades que permitan lograr el crecimiento inicial y su despegue comercial del negocio, tales como actividades de marketing y difusi\u00f3n comercial, certificaci\u00f3n de productos, exploraci\u00f3n y b\u00fasqueda de clientes, entre algunas.<\/p>\n<p style=\"text-align: justify;\"><a name=\"m_-1257543137160352908_m_8012886406572699036_x__Hlk78475194\"><\/a>Aquellos emprendimientos que quieran postular a\u00a0<a href=\"https:\/\/www.corfo.cl\/sites\/cpp\/convocatorias\/movil\/semilla_expande\" target=\"_blank\" rel=\"noopener\" data-saferedirecturl=\"https:\/\/www.google.com\/url?q=https:\/\/www.corfo.cl\/sites\/cpp\/convocatorias\/movil\/semilla_expande&amp;source=gmail&amp;ust=1654285049878000&amp;usg=AOvVaw0HkfjBaDAjiXdITanO4cPx\">Semilla Expande<\/a>\u00a0deben cumplir con dos requisitos claves: estar constituidos\u00a0<b>como personas jur\u00eddicas en Chile<\/b>\u00a0y\u00a0<b>contar con ventas que no superen los $60 millones<\/b>\u00a0en los \u00faltimos 12 meses. Adicionalmente al cofinanciamiento, este programa ofrece una serie de servicios para potenciar a los proyectos, tales como la asistencia de incubadoras o aceleradoras de negocios, mentor\u00edas y desarrollo de habilidades seg\u00fan la metodolog\u00eda de\u00a0<a href=\"https:\/\/www.elviajedelemprendedor.cl\/\" target=\"_blank\" rel=\"noopener\" data-saferedirecturl=\"https:\/\/www.google.com\/url?q=https:\/\/www.elviajedelemprendedor.cl\/&amp;source=gmail&amp;ust=1654285049878000&amp;usg=AOvVaw1GmP-T5PD90AegoQre7_gZ\">El Viaje del Emprendedor<\/a>.<\/p>\n<p style=\"text-align: justify;\">Las postulaciones a Semilla Expande ya se encuentran disponibles a trav\u00e9s del sitio\u00a0<a href=\"http:\/\/www.corfo.cl\/\" target=\"_blank\" rel=\"noopener\" data-saferedirecturl=\"https:\/\/www.google.com\/url?q=http:\/\/www.corfo.cl&amp;source=gmail&amp;ust=1654285049878000&amp;usg=AOvVaw0uSK5GOd9_SXbXrSkJ8dDB\">www.corfo.cl<\/a>, secci\u00f3n Programas y convocatorias, hasta\u00a0<b>el jueves 30 de junio 2022, a las 16:00 horas<\/b>. Para resolver dudas o consultas, se realizar\u00e1n dos Facebook Live a trav\u00e9s de la cuenta oficial de la Corporaci\u00f3n el martes 07 y el mi\u00e9rcoles 22 de junio, a las 11:00 hrs.<\/p>\n<\/div><\/section><\/div><div  style='height:50px' class='hr hr-invisible   avia-builder-el-6  el_after_av_one_full  el_before_av_social_share '><span class='hr-inner ' ><span class='hr-inner-style'><\/span><\/span><\/div><\/p>\n<div  class='av-social-sharing-box  avia-builder-el-7  el_after_av_hr  el_before_av_hr  '><div class='av-share-box'><h5 class='av-share-link-description av-no-toc '>Compartir esta noticia<\/h5><ul class='av-share-box-list noLightbox'><li class='av-share-link av-social-link-facebook' ><a target=\"_blank\" aria-label=\"Compartir en Facebook\" href='https:\/\/www.facebook.com\/sharer.php?u=https:\/\/radiorevelacionfm.cl\/?p=17520&#038;t=Corfo%20abre%20convocatoria%20para%20apoyar%20el%20despegue%20comercial%20de%20emprendedores%20y%20emprendedoras' aria-hidden='false' data-av_icon='\ue8f3' data-av_iconfont='entypo-fontello' title='' data-avia-related-tooltip='Compartir en Facebook' rel=\"noopener\"><span class='avia_hidden_link_text'>Compartir en Facebook<\/span><\/a><\/li><li class='av-share-link av-social-link-twitter' ><a target=\"_blank\" aria-label=\"Compartir en Twitter\" href='https:\/\/twitter.com\/share?text=Corfo%20abre%20convocatoria%20para%20apoyar%20el%20despegue%20comercial%20de%20emprendedores%20y%20emprendedoras&#038;url=https:\/\/radiorevelacionfm.cl\/?p=17520' aria-hidden='false' data-av_icon='\ue8f1' data-av_iconfont='entypo-fontello' title='' data-avia-related-tooltip='Compartir en Twitter' rel=\"noopener\"><span class='avia_hidden_link_text'>Compartir en Twitter<\/span><\/a><\/li><li class='av-share-link av-social-link-whatsapp' ><a target=\"_blank\" aria-label=\"Compartir en Whatsapp\" href='https:\/\/api.whatsapp.com\/send?text=https:\/\/radiorevelacionfm.cl\/?p=17520' aria-hidden='false' data-av_icon='\uf232' data-av_iconfont='entypo-fontello' title='' data-avia-related-tooltip='Compartir en Whatsapp' rel=\"noopener\"><span class='avia_hidden_link_text'>Compartir en Whatsapp<\/span><\/a><\/li><li class='av-share-link av-social-link-linkedin' ><a target=\"_blank\" aria-label=\"Compartir en LinkedIn\" href='https:\/\/linkedin.com\/shareArticle?mini=true&#038;title=Corfo%20abre%20convocatoria%20para%20apoyar%20el%20despegue%20comercial%20de%20emprendedores%20y%20emprendedoras&#038;url=https:\/\/radiorevelacionfm.cl\/?p=17520' aria-hidden='false' data-av_icon='\ue8fc' data-av_iconfont='entypo-fontello' title='' data-avia-related-tooltip='Compartir en LinkedIn' rel=\"noopener\"><span class='avia_hidden_link_text'>Compartir en LinkedIn<\/span><\/a><\/li><li class='av-share-link av-social-link-mail' ><a  aria-label=\"Compartir por correo\" href='mailto:?subject=Corfo%20abre%20convocatoria%20para%20apoyar%20el%20despegue%20comercial%20de%20emprendedores%20y%20emprendedoras&#038;body=https:\/\/radiorevelacionfm.cl\/?p=17520' aria-hidden='false' data-av_icon='\ue805' data-av_iconfont='entypo-fontello' title='' data-avia-related-tooltip='Compartir por correo'><span class='avia_hidden_link_text'>Compartir por correo<\/span><\/a><\/li><\/ul><\/div><\/div>\n<div  style='height:50px' class='hr hr-invisible   avia-builder-el-8  el_after_av_social_share  el_before_av_comments_list '><span class='hr-inner ' ><span class='hr-inner-style'><\/span><\/span><\/div>\n<div  class='av-buildercomment  av-blog-meta-html-info-disabled av-blog-meta-tag-disabled  '><\/div>\n","protected":false},"excerpt":{"rendered":"","protected":false},"author":1,"featured_media":17521,"comment_status":"open","ping_status":"open","sticky":false,"template":"","format":"standard","meta":{"footnotes":""},"categories":[38],"tags":[],"class_list":["post-17520","post","type-post","status-publish","format-standard","has-post-thumbnail","hentry","category-regional"],"jetpack_featured_media_url":"https:\/\/radiorevelacionfm.cl\/wp-content\/uploads\/2022\/06\/Semilla-Expande-002-1-1.jpg","_links":{"self":[{"href":"https:\/\/radiorevelacionfm.cl\/index.php?rest_route=\/wp\/v2\/posts\/17520","targetHints":{"allow":["GET"]}}],"collection":[{"href":"https:\/\/radiorevelacionfm.cl\/index.php?rest_route=\/wp\/v2\/posts"}],"about":[{"href":"https:\/\/radiorevelacionfm.cl\/index.php?rest_route=\/wp\/v2\/types\/post"}],"author":[{"embeddable":true,"href":"https:\/\/radiorevelacionfm.cl\/index.php?rest_route=\/wp\/v2\/users\/1"}],"replies":[{"embeddable":true,"href":"https:\/\/radiorevelacionfm.cl\/index.php?rest_route=%2Fwp%2Fv2%2Fcomments&post=17520"}],"version-history":[{"count":2,"href":"https:\/\/radiorevelacionfm.cl\/index.php?rest_route=\/wp\/v2\/posts\/17520\/revisions"}],"predecessor-version":[{"id":17531,"href":"https:\/\/radiorevelacionfm.cl\/index.php?rest_route=\/wp\/v2\/posts\/17520\/revisions\/17531"}],"wp:featuredmedia":[{"embeddable":true,"href":"https:\/\/radiorevelacionfm.cl\/index.php?rest_route=\/wp\/v2\/media\/17521"}],"wp:attachment":[{"href":"https:\/\/radiorevelacionfm.cl\/index.php?rest_route=%2Fwp%2Fv2%2Fmedia&parent=17520"}],"wp:term":[{"taxonomy":"category","embeddable":true,"href":"https:\/\/radiorevelacionfm.cl\/index.php?rest_route=%2Fwp%2Fv2%2Fcategories&post=17520"},{"taxonomy":"post_tag","embeddable":true,"href":"https:\/\/radiorevelacionfm.cl\/index.php?rest_route=%2Fwp%2Fv2%2Ftags&post=17520"}],"curies":[{"name":"wp","href":"https:\/\/api.w.org\/{rel}","templated":true}]}}