{"id":17516,"date":"2022-06-02T21:15:44","date_gmt":"2022-06-03T00:15:44","guid":{"rendered":"https:\/\/radiorevelacionfm.cl\/?p=17516"},"modified":"2022-06-02T21:15:44","modified_gmt":"2022-06-03T00:15:44","slug":"cuenta-presidencial-recoge-iniciativas-de-conectividad-digital-impulsadas-por-la-senadora-ximena-ordenes","status":"publish","type":"post","link":"https:\/\/radiorevelacionfm.cl\/?p=17516","title":{"rendered":"Cuenta Presidencial recoge iniciativas de conectividad digital impulsadas por la senadora Ximena Ordenes"},"content":{"rendered":"<div class=\"flex_column av_one_full  flex_column_div av-zero-column-padding first  avia-builder-el-0  el_before_av_one_full  avia-builder-el-first  \" style='border-radius:0px; '><div  class='avia-image-container  av-styling-    avia-builder-el-1  avia-builder-el-no-sibling  avia-align-center '  itemprop=\"image\" itemscope=\"itemscope\" itemtype=\"https:\/\/schema.org\/ImageObject\"  ><div class='avia-image-container-inner'><div class='avia-image-overlay-wrap'><img decoding=\"async\" class='wp-image-17518 avia-img-lazy-loading-not-17518 avia_image' src=\"https:\/\/radiorevelacionfm.cl\/wp-content\/uploads\/2022\/06\/Senadora-Ordenes-2022-06-02-1-1.jpeg\" alt='' title='Senadora Ordenes 2022-06-02 (1) (1)' height=\"600\" width=\"927\"  itemprop=\"thumbnailUrl\" srcset=\"https:\/\/radiorevelacionfm.cl\/wp-content\/uploads\/2022\/06\/Senadora-Ordenes-2022-06-02-1-1.jpeg 927w, https:\/\/radiorevelacionfm.cl\/wp-content\/uploads\/2022\/06\/Senadora-Ordenes-2022-06-02-1-1-300x194.jpeg 300w, https:\/\/radiorevelacionfm.cl\/wp-content\/uploads\/2022\/06\/Senadora-Ordenes-2022-06-02-1-1-768x497.jpeg 768w, https:\/\/radiorevelacionfm.cl\/wp-content\/uploads\/2022\/06\/Senadora-Ordenes-2022-06-02-1-1-705x456.jpeg 705w, https:\/\/radiorevelacionfm.cl\/wp-content\/uploads\/2022\/06\/Senadora-Ordenes-2022-06-02-1-1-600x388.jpeg 600w\" sizes=\"(max-width: 927px) 100vw, 927px\" \/><\/div><\/div><\/div><\/div><div class=\"flex_column av_one_full  flex_column_div av-zero-column-padding first  avia-builder-el-2  el_after_av_one_full  el_before_av_one_full  column-top-margin\" style='border-radius:0px; '><section class=\"av_textblock_section \"  itemscope=\"itemscope\" itemtype=\"https:\/\/schema.org\/BlogPosting\" itemprop=\"blogPost\" ><div class='avia_textblock  '   itemprop=\"text\" ><p style=\"text-align: center;\"><span style=\"font-size: 18pt;\"><b>Cuenta Presidencial recoge iniciativas de conectividad digital impulsadas por la senadora Ximena Ordenes<\/b><\/span><\/p>\n<div id=\"gtx-trans\" style=\"position: absolute; left: -50px; top: 4.31534px;\">\n<div class=\"gtx-trans-icon\"><\/div>\n<\/div>\n<\/div><\/section><\/div><div class=\"flex_column av_one_full  flex_column_div av-zero-column-padding first  avia-builder-el-4  el_after_av_one_full  el_before_av_hr  column-top-margin\" style='border-radius:0px; '><section class=\"av_textblock_section \"  itemscope=\"itemscope\" itemtype=\"https:\/\/schema.org\/BlogPosting\" itemprop=\"blogPost\" ><div class='avia_textblock  '   itemprop=\"text\" ><p style=\"font-weight: 400; text-align: justify;\">Durante la primera Cuenta P\u00fablica a la Naci\u00f3n del presidente Gabriel Boric realizada ante el Congreso Pleno en Valpara\u00edso este 1 de Junio, se incluy\u00f3 una importante cantidad de proyectos en materia de equidad territorial, y en particular, de conectividad, entre los que destac\u00f3 el \u201cPlan Brecha Digital Cero\u201d, iniciativa que recoge el trabajo legislativo desarrollado por la senadora Ximena Ordenes desde la Comisi\u00f3n de Transportes y Telecomunicaciones.<\/p>\n<p style=\"font-weight: 400; text-align: justify;\">La senadora Ordenes valor\u00f3 la inclusi\u00f3n de la conectividad entre los ejes program\u00e1ticos del presidente Boric, \u201cporque concuerda con la Estrategia de Transformaci\u00f3n Digital Chile 2035 que lanzamos hace pocos d\u00edas en la CEPAL, y que habla de un esfuerzo p\u00fablico-privado unitario en materia de conectividad digital, as\u00ed como tambi\u00e9n se reconoce el trabajo que hemos realizado desde la Comisi\u00f3n de Transportes y Telecomunicaciones del Senado en estas materias, para poner fin a las brechas digitales y democratizar el acceso a la tecnolog\u00eda en todos los territorios de nuestro pa\u00eds\u201d.<\/p>\n<p style=\"font-weight: 400; text-align: justify;\">En su discurso, el presidente Boric se\u00f1al\u00f3 que, para enfrentar la desigualdad en materia de conectividad, \u201cnuestro Plan Brecha Digital Cero asegurar\u00e1, al a\u00f1o 2025, que todos los habitantes del pa\u00eds tengan acceso a conectividad. Esto requiere un esfuerzo sostenido de continuaci\u00f3n de actuales iniciativas como lo es el Proyecto de Ley de Internet como Servicio B\u00e1sico y la generaci\u00f3n de nuevos proyectos que nos permitan llegar a zonas aisladas y rurales\u00bb.<\/p>\n<p style=\"font-weight: 400; text-align: justify;\">La senadora Ximena Ordenes concord\u00f3 con el presidente la Rep\u00fablica en reconocer que \u201cInternet es un derecho, un derecho que debe consagrar el acceso a las redes de comunicaciones para la ciudadan\u00eda, tal como aprobamos en el Senado el proyecto que reconoce a Internet como un servicio p\u00fablico durante el mes de abril del 2021\u201d.<\/p>\n<p style=\"font-weight: 400; text-align: justify;\">La agenda digital, que lidera la senadora Ordenes desde la Comisi\u00f3n de Transportes y Telecomunicaciones del Senado, busca que la conectividad sea reconocida, as\u00ed como el derecho a internet como un servicio esencial, por lo que \u201cel anuncio presidencial de continuar con estos esfuerzos constituye un reconocimiento al trabajo que hacemos desde el Senado en materia digital\u201d.<\/p>\n<p style=\"font-weight: 400; text-align: justify;\">\u201cEstamos trabajando en el Senado para sacar adelante esta iniciativa para ampliar la banda ancha. En Chile un 70% de la poblaci\u00f3n tiene acceso a internet, la mitad con fibra \u00f3ptica, sin embargo, estamos conscientes de que tenemos que avanzar en conectar al 30% restante\u201d, se\u00f1al\u00f3 la senadora con motivo del lanzamiento de la agenda digital chile 2035.<\/p>\n<p style=\"font-weight: 400; text-align: justify;\"><strong>Pilares del Plan Brecha Digital Cero<\/strong><\/p>\n<p style=\"font-weight: 400; text-align: justify;\">Seg\u00fan indica el Gobierno, el primer eje denominado \u201cRegulaci\u00f3n para la conectividad\u201d agrupa todos los proyectos de ley que est\u00e1n en discusi\u00f3n en el Congreso -tanto de la agenda legislativa que impulsa SUBTEL como iniciativas de administraciones pasadas- que apuntan a disminuir las diferencias y a \u201cemparejar la cancha\u201d en t\u00e9rminos de tener las mismas oportunidades de acceso a una red de Internet, entre ellos, los proyectos que se impulsa desde la comisi\u00f3n que lidera Ximena Ordenes en el Senado.<\/p>\n<p style=\"font-weight: 400; text-align: justify;\">El segundo eje del plan es el de\u00a0\u201cInfraestructura Digital\u201d, que agrupa los proyectos \u00daltima Milla, para acercar la conectividad a zonas rurales y aisladas; Conectividad para la Educaci\u00f3n, que considera la conexi\u00f3n de m\u00e1s de diez mil colegios en el pa\u00eds; Fibras \u00d3pticas Nacional, Austral y Tarapac\u00e1, que conectar\u00e1n regiones, comunas y localidades a lo largo de todo el pa\u00eds; Wifi Chilegob, y el despliegue 5G, que incluye contraprestaciones sociales que beneficiar\u00e1n a 366 localidades de Chile con internet de alta velocidad.<\/p>\n<p style=\"font-weight: 400; text-align: justify;\">Un tercer pilar es \u201cNuestros Proyectos\u201d, donde destacan la creaci\u00f3n de una Empresa Estatal de Telecomunicaciones -cuya org\u00e1nica se est\u00e1 definiendo, que permitir\u00e1 ofertar servicios en zonas donde existe escasa o nula oferta- y un Subsidio a la Demanda.<\/p>\n<p style=\"font-weight: 400; text-align: justify;\">Y, por \u00faltimo, el cuarto eje de este plan es\u00a0\u201cConectividad para todos\u201d, que apunta a entregar soluciones para las \u201czonas rojas\u201d de las ciudades, a trav\u00e9s de diferentes alternativas: Trabajo con municipios vulnerables; Mesas contra el robo de cables y vandalismo; Cooperativas de Internet y otras formas de organizaci\u00f3n ciudadana para el acceso a Internet; y Alfabetizaci\u00f3n digital, seg\u00fan se detalla en el sitio web del Gobierno.<\/p>\n<p style=\"font-weight: 400; text-align: justify;\">\u201cDesde la Comisi\u00f3n de Transportes y Telecomunicaciones vamos a legislar y apoyar el desaf\u00edo de levantar el Plan para terminar con la brecha digital en nuestro pa\u00eds, con el mismo compromiso que hemos demostrado para mejorar la conectividad en nuestro pa\u00eds, porque la desigualdad se expresa con m\u00e1s fuerza en zonas donde las telecomunicaciones son reducidas o inexistentes\u201d, dijo la senadora Ximena Ordenes.<\/p>\n<\/div><\/section><\/div><div  style='height:50px' class='hr hr-invisible   avia-builder-el-6  el_after_av_one_full  el_before_av_social_share '><span class='hr-inner ' ><span class='hr-inner-style'><\/span><\/span><\/div><\/p>\n<div  class='av-social-sharing-box  avia-builder-el-7  el_after_av_hr  el_before_av_hr  '><div class='av-share-box'><h5 class='av-share-link-description av-no-toc '>Compartir esta noticia<\/h5><ul class='av-share-box-list noLightbox'><li class='av-share-link av-social-link-facebook' ><a target=\"_blank\" aria-label=\"Compartir en Facebook\" href='https:\/\/www.facebook.com\/sharer.php?u=https:\/\/radiorevelacionfm.cl\/?p=17516&#038;t=Cuenta%20Presidencial%20recoge%20iniciativas%20de%20conectividad%20digital%20impulsadas%20por%20la%20senadora%20Ximena%20Ordenes' aria-hidden='false' data-av_icon='\ue8f3' data-av_iconfont='entypo-fontello' title='' data-avia-related-tooltip='Compartir en Facebook' rel=\"noopener\"><span class='avia_hidden_link_text'>Compartir en Facebook<\/span><\/a><\/li><li class='av-share-link av-social-link-twitter' ><a target=\"_blank\" aria-label=\"Compartir en Twitter\" href='https:\/\/twitter.com\/share?text=Cuenta%20Presidencial%20recoge%20iniciativas%20de%20conectividad%20digital%20impulsadas%20por%20la%20senadora%20Ximena%20Ordenes&#038;url=https:\/\/radiorevelacionfm.cl\/?p=17516' aria-hidden='false' data-av_icon='\ue8f1' data-av_iconfont='entypo-fontello' title='' data-avia-related-tooltip='Compartir en Twitter' rel=\"noopener\"><span class='avia_hidden_link_text'>Compartir en Twitter<\/span><\/a><\/li><li class='av-share-link av-social-link-whatsapp' ><a target=\"_blank\" aria-label=\"Compartir en Whatsapp\" href='https:\/\/api.whatsapp.com\/send?text=https:\/\/radiorevelacionfm.cl\/?p=17516' aria-hidden='false' data-av_icon='\uf232' data-av_iconfont='entypo-fontello' title='' data-avia-related-tooltip='Compartir en Whatsapp' rel=\"noopener\"><span class='avia_hidden_link_text'>Compartir en Whatsapp<\/span><\/a><\/li><li class='av-share-link av-social-link-linkedin' ><a target=\"_blank\" aria-label=\"Compartir en LinkedIn\" href='https:\/\/linkedin.com\/shareArticle?mini=true&#038;title=Cuenta%20Presidencial%20recoge%20iniciativas%20de%20conectividad%20digital%20impulsadas%20por%20la%20senadora%20Ximena%20Ordenes&#038;url=https:\/\/radiorevelacionfm.cl\/?p=17516' aria-hidden='false' data-av_icon='\ue8fc' data-av_iconfont='entypo-fontello' title='' data-avia-related-tooltip='Compartir en LinkedIn' rel=\"noopener\"><span class='avia_hidden_link_text'>Compartir en LinkedIn<\/span><\/a><\/li><li class='av-share-link av-social-link-mail' ><a  aria-label=\"Compartir por correo\" href='mailto:?subject=Cuenta%20Presidencial%20recoge%20iniciativas%20de%20conectividad%20digital%20impulsadas%20por%20la%20senadora%20Ximena%20Ordenes&#038;body=https:\/\/radiorevelacionfm.cl\/?p=17516' aria-hidden='false' data-av_icon='\ue805' data-av_iconfont='entypo-fontello' title='' data-avia-related-tooltip='Compartir por correo'><span class='avia_hidden_link_text'>Compartir por correo<\/span><\/a><\/li><\/ul><\/div><\/div>\n<div  style='height:50px' class='hr hr-invisible   avia-builder-el-8  el_after_av_social_share  el_before_av_comments_list '><span class='hr-inner ' ><span class='hr-inner-style'><\/span><\/span><\/div>\n<div  class='av-buildercomment  av-blog-meta-html-info-disabled av-blog-meta-tag-disabled  '><\/div>\n","protected":false},"excerpt":{"rendered":"","protected":false},"author":1,"featured_media":17518,"comment_status":"open","ping_status":"open","sticky":false,"template":"","format":"standard","meta":{"footnotes":""},"categories":[35],"tags":[],"class_list":["post-17516","post","type-post","status-publish","format-standard","has-post-thumbnail","hentry","category-politica"],"jetpack_featured_media_url":"https:\/\/radiorevelacionfm.cl\/wp-content\/uploads\/2022\/06\/Senadora-Ordenes-2022-06-02-1-1.jpeg","_links":{"self":[{"href":"https:\/\/radiorevelacionfm.cl\/index.php?rest_route=\/wp\/v2\/posts\/17516","targetHints":{"allow":["GET"]}}],"collection":[{"href":"https:\/\/radiorevelacionfm.cl\/index.php?rest_route=\/wp\/v2\/posts"}],"about":[{"href":"https:\/\/radiorevelacionfm.cl\/index.php?rest_route=\/wp\/v2\/types\/post"}],"author":[{"embeddable":true,"href":"https:\/\/radiorevelacionfm.cl\/index.php?rest_route=\/wp\/v2\/users\/1"}],"replies":[{"embeddable":true,"href":"https:\/\/radiorevelacionfm.cl\/index.php?rest_route=%2Fwp%2Fv2%2Fcomments&post=17516"}],"version-history":[{"count":2,"href":"https:\/\/radiorevelacionfm.cl\/index.php?rest_route=\/wp\/v2\/posts\/17516\/revisions"}],"predecessor-version":[{"id":17550,"href":"https:\/\/radiorevelacionfm.cl\/index.php?rest_route=\/wp\/v2\/posts\/17516\/revisions\/17550"}],"wp:featuredmedia":[{"embeddable":true,"href":"https:\/\/radiorevelacionfm.cl\/index.php?rest_route=\/wp\/v2\/media\/17518"}],"wp:attachment":[{"href":"https:\/\/radiorevelacionfm.cl\/index.php?rest_route=%2Fwp%2Fv2%2Fmedia&parent=17516"}],"wp:term":[{"taxonomy":"category","embeddable":true,"href":"https:\/\/radiorevelacionfm.cl\/index.php?rest_route=%2Fwp%2Fv2%2Fcategories&post=17516"},{"taxonomy":"post_tag","embeddable":true,"href":"https:\/\/radiorevelacionfm.cl\/index.php?rest_route=%2Fwp%2Fv2%2Ftags&post=17516"}],"curies":[{"name":"wp","href":"https:\/\/api.w.org\/{rel}","templated":true}]}}