{"id":17512,"date":"2022-06-02T16:10:25","date_gmt":"2022-06-02T19:10:25","guid":{"rendered":"https:\/\/radiorevelacionfm.cl\/?p=17512"},"modified":"2022-06-02T16:10:25","modified_gmt":"2022-06-02T19:10:25","slug":"presentan-resultados-del-estudio-de-factibilidad-de-cogeneracion-geotermica-en-puyuhuapi","status":"publish","type":"post","link":"https:\/\/radiorevelacionfm.cl\/?p=17512","title":{"rendered":"Presentan resultados del estudio de Factibilidad de Cogeneraci\u00f3n Geot\u00e9rmica en Puyuhuapi"},"content":{"rendered":"<div class=\"flex_column av_one_full  flex_column_div av-zero-column-padding first  avia-builder-el-0  el_before_av_one_full  avia-builder-el-first  \" style='border-radius:0px; '><div  class='avia-image-container  av-styling-    avia-builder-el-1  avia-builder-el-no-sibling  avia-align-center '  itemprop=\"image\" itemscope=\"itemscope\" itemtype=\"https:\/\/schema.org\/ImageObject\"  ><div class='avia-image-container-inner'><div class='avia-image-overlay-wrap'><img decoding=\"async\" class='wp-image-17513 avia-img-lazy-loading-not-17513 avia_image' src=\"https:\/\/radiorevelacionfm.cl\/wp-content\/uploads\/2022\/06\/presentacion-FIC-puyuhuapi-2-1-1.jpg\" alt='' title='presentaci\u00f3n FIC puyuhuapi 2 (1) (1)' height=\"600\" width=\"900\"  itemprop=\"thumbnailUrl\" srcset=\"https:\/\/radiorevelacionfm.cl\/wp-content\/uploads\/2022\/06\/presentacion-FIC-puyuhuapi-2-1-1.jpg 900w, https:\/\/radiorevelacionfm.cl\/wp-content\/uploads\/2022\/06\/presentacion-FIC-puyuhuapi-2-1-1-300x200.jpg 300w, https:\/\/radiorevelacionfm.cl\/wp-content\/uploads\/2022\/06\/presentacion-FIC-puyuhuapi-2-1-1-768x512.jpg 768w, https:\/\/radiorevelacionfm.cl\/wp-content\/uploads\/2022\/06\/presentacion-FIC-puyuhuapi-2-1-1-705x470.jpg 705w, https:\/\/radiorevelacionfm.cl\/wp-content\/uploads\/2022\/06\/presentacion-FIC-puyuhuapi-2-1-1-600x400.jpg 600w\" sizes=\"(max-width: 900px) 100vw, 900px\" \/><\/div><\/div><\/div><\/div><div class=\"flex_column av_one_full  flex_column_div av-zero-column-padding first  avia-builder-el-2  el_after_av_one_full  el_before_av_one_full  column-top-margin\" style='border-radius:0px; '><section class=\"av_textblock_section \"  itemscope=\"itemscope\" itemtype=\"https:\/\/schema.org\/BlogPosting\" itemprop=\"blogPost\" ><div class='avia_textblock  '   itemprop=\"text\" ><p style=\"text-align: center;\"><strong><span style=\"font-size: 18pt;\">Presentan resultados del estudio de Factibilidad de Cogeneraci\u00f3n Geot\u00e9rmica en Puyuhuapi<\/span><\/strong><\/p>\n<div id=\"gtx-trans\" style=\"position: absolute; left: -50px; top: 4.31534px;\">\n<div class=\"gtx-trans-icon\"><\/div>\n<\/div>\n<\/div><\/section><\/div><div class=\"flex_column av_one_full  flex_column_div av-zero-column-padding first  avia-builder-el-4  el_after_av_one_full  el_before_av_hr  column-top-margin\" style='border-radius:0px; '><section class=\"av_textblock_section \"  itemscope=\"itemscope\" itemtype=\"https:\/\/schema.org\/BlogPosting\" itemprop=\"blogPost\" ><div class='avia_textblock  '   itemprop=\"text\" ><p style=\"font-weight: 400; text-align: justify;\">El Centro de Excelencia en Geotermia de Los Andes (CEGA) realiz\u00f3 este mi\u00e9rcoles el conversatorio \u201cOrientaciones para la generaci\u00f3n el\u00e9ctrica en base a geotermia en la Regi\u00f3n de Ays\u00e9n\u00bb, en el marco de actividades de finalizaci\u00f3n del proyecto FIC \u00abFactibilidad de cogeneraci\u00f3n geot\u00e9rmica en Puyuhuapi\u201d, ejecutado por dicha instituci\u00f3n y financiado por el Fondo para la Innovaci\u00f3n y Competitividad del Gobierno Regional de Ays\u00e9n.<\/p>\n<p style=\"font-weight: 400; text-align: justify;\">El estudio, realizado entre los a\u00f1os 2020 y 2022, incluy\u00f3 las perspectivas sociales, t\u00e9cnicas, econ\u00f3micas y legales en torno a la instalaci\u00f3n de una planta de cogeneraci\u00f3n geot\u00e9rmica en la localidad de Puyuhuapi, comuna de Cisnes. En este marco, se realizaron diversos estudios geol\u00f3gicos y geof\u00edsicos; levantamiento de necesidades energ\u00e9ticas de los habitantes de la zona; evaluaci\u00f3n de diversos escenarios econ\u00f3micos y revisi\u00f3n de los tr\u00e1mites legales necesarios para llevar a cabo un proyecto de esta \u00edndole. Estos aspectos fueron tambi\u00e9n incluidos en las orientaciones para el trabajo a futuro, incorporados en la Hoja de Ruta que el CEGA entreg\u00f3 esta ma\u00f1ana a las m\u00e1ximas autoridades regionales.<\/p>\n<p style=\"font-weight: 400; text-align: justify;\">El investigador del CEGA y coordinador del proyecto, Nicol\u00e1s P\u00e9rez, indic\u00f3 que \u201canalizamos, desde una perspectiva multidisciplinaria, distintas variables durante estos dos a\u00f1os. Nuestra conclusi\u00f3n es que la construcci\u00f3n de una planta de cogeneraci\u00f3n geot\u00e9rmica es factible en Puyuhuapi. Por ejemplo, el agua termal de la zona puede alcanzar entre 120\u00ba y 150\u00ba en profundidad, temperatura suficiente para generar electricidad\u201d.<\/p>\n<p style=\"font-weight: 400; text-align: justify;\">Este proyecto se\u00f1ala que en Puyuhuapi podr\u00eda instalarse una peque\u00f1a planta de cogeneraci\u00f3n, la que podr\u00eda generar entre 0,3 y 1 MW el\u00e9ctrico. El calor residual de esta planta se ocupar\u00eda para otro proceso productivo, como la construcci\u00f3n de invernaderos, calefacci\u00f3n distrital o balnearios tur\u00edsticos.<\/p>\n<p style=\"font-weight: 400; text-align: justify;\">En ese sentido, el seremi de Energ\u00eda de Ays\u00e9n, Carlos D\u00edaz, destac\u00f3 que \u201cla geotermia es una tecnolog\u00eda muy atractiva, que sin duda tenemos que analizar. Puede ser complementaria a otras fuentes de generaci\u00f3n, como la e\u00f3lica o la hidroel\u00e9ctrica. El beneficio de la geotermia respecto a esas otras fuentes es que, adem\u00e1s de la generaci\u00f3n el\u00e9ctrica, tiene un importante aporte t\u00e9rmico que se podr\u00eda aprovechar para reemplazar la calefacci\u00f3n a le\u00f1a en Puyuhuapi mediante calefacci\u00f3n distrital\u201d.<\/p>\n<p style=\"font-weight: 400; text-align: justify;\">Por su parte, el director del CEGA, Diego Morata, sostuvo que la Regi\u00f3n de Ays\u00e9n cuenta con un gran potencial geot\u00e9rmico, \u201ctanto para calefacci\u00f3n como generaci\u00f3n el\u00e9ctrica, lo que podr\u00eda transformarse en una soluci\u00f3n para las variadas demandas energ\u00e9ticas de la zona\u201d.<\/p>\n<p style=\"font-weight: 400; text-align: justify;\">\u201cLugares como el Fiordo de Ays\u00e9n, Puyuhuapi y el Lago General Carrera son algunas de las localidades con mayor presencia del recurso. Por lo mismo, sabemos que es un terreno f\u00e9rtil al momento de proyectar la inclusi\u00f3n de energ\u00eda limpia, sustentable y costo eficiente como lo es la geotermia\u201d, explic\u00f3 Morata.<\/p>\n<p style=\"font-weight: 400; text-align: justify;\"><strong>Participaci\u00f3n de la comunidad<\/strong><\/p>\n<p style=\"font-weight: 400; text-align: justify;\">Un punto relevante del trabajo realizado por CEGA en la regi\u00f3n fue la activa participaci\u00f3n de las personas de Puyuhuapi en el transcurso de estos dos a\u00f1os. Previo a la presentaci\u00f3n del 1 de junio, el equipo del Centro estuvo en la localidad conversando con una decena de vecinos de Puyuhuapi.<\/p>\n<p style=\"font-weight: 400; text-align: justify;\">En la instancia se mostraron los resultados y pasos a seguir para la construcci\u00f3n de una planta de cogeneraci\u00f3n geot\u00e9rmica, en donde las y los vecinos dieron a conocer sus impresiones y anhelos ante esta posibilidad.<\/p>\n<p style=\"font-weight: 400; text-align: justify;\">El alcalde de Cisnes, Francisco Roncagliolo, manifest\u00f3 que \u201cestamos muy contentos como comuna de que se haya desarrollado este proyecto en Puyuhuapi con la participaci\u00f3n de la comunidad y distintos actores locales. Este proyecto significa una alternativa viable y tenemos las caracter\u00edsticas necesarias en la zona para hacerlo\u201d.<\/p>\n<p style=\"font-weight: 400; text-align: justify;\">La encargada del \u00e1rea social del proyecto e investigadora CEGA, Sof\u00eda Vargas, apunt\u00f3 a que un punto importante a considerar es que \u201cla aceptaci\u00f3n social de un proyecto de estas caracter\u00edsticas es que no es est\u00e1tica, puede ir cambiando\u201d.<\/p>\n<p style=\"font-weight: 400; text-align: justify;\">\u201cLa localidad tiene la intenci\u00f3n de que este proyecto se realice porque se ve como una oportunidad de mejorar la calidad de vida. Tambi\u00e9n es necesario considerar que es una planta peque\u00f1a, lo que generar\u00eda poco impacto en el territorio y paisaje. Esta motivaci\u00f3n es como una semilla, que hay que cultivar y germinar para que el proyecto se pueda realizar, considerando las variables sociales\u201d, explic\u00f3 Vargas.<\/p>\n<p style=\"font-weight: 400; text-align: justify;\"><strong>Pasos a seguir<\/strong><\/p>\n<p style=\"font-weight: 400; text-align: justify;\">El seremi de Medio Ambiente de Ays\u00e9n, Juli\u00e1n C\u00e1rdenas, remarc\u00f3 que este proyecto posibilitar\u00eda diversificar la matriz energ\u00e9tica de la regi\u00f3n y ayudar\u00eda a descontaminar los diferentes poblados de la zona. \u201cNos permitir\u00eda tener una energ\u00eda limpia, producida por una fuente renovable, no convencional, pero que es altamente limpia y provechosa, en cuanto no demanda la quema de combustibles f\u00f3siles, sino que utiliza netamente la temperatura de nuestro planeta para obtener alta cantidad de energ\u00eda el\u00e9ctrica\u201d, sostuvo C\u00e1rdenas.<\/p>\n<p style=\"font-weight: 400; text-align: justify;\">El Gobierno Regional de Ays\u00e9n tambi\u00e9n estuvo presente de la actividad a trav\u00e9s de su gobernador subrogante, Oscar del Solar, quien manifest\u00f3 que \u201ceste FIC nos servir\u00e1 para desarrollar futuras iniciativas. Esto nos permite tener un conocimiento, bases y datos para desarrollar este trabajo, que es muy acorde a lo que sucede en el planeta con las energ\u00edas renovables y el cambio clim\u00e1tico\u201d.<\/p>\n<p style=\"font-weight: 400; text-align: justify;\">Nicol\u00e1s P\u00e9rez puso \u00e9nfasis en la necesidad de realizar una mesa de trabajo para generar los lineamientos bases para que la planta de cogeneraci\u00f3n geot\u00e9rmica en Puyuhuapi sea una realidad.<\/p>\n<p style=\"font-weight: 400; text-align: justify;\">\u201cEsta ser\u00eda la planta geot\u00e9rmica m\u00e1s austral del mundo, lo que tambi\u00e9n posicionar\u00eda a la Regi\u00f3n de Ays\u00e9n como un atractivo tur\u00edstico. Hay otras zonas en la regi\u00f3n que debemos seguir investigando, como las termas de Puerto P\u00e9rez. Esto nos llama a seguir indagando en esta informaci\u00f3n y profundizar nuestro conocimiento, para que en un futuro cercano la geotermia sea una realidad en Ays\u00e9n y se convierta en la regi\u00f3n geot\u00e9rmica de Chile\u201d, indic\u00f3 el coordinador del proyecto.<\/p>\n<p style=\"font-weight: 400; text-align: justify;\">La Hoja de Ruta entregada al Gobierno Regional de Ays\u00e9n incorpora los pasos, responsabilidades, conocimientos t\u00e9cnicos y sociales que deben tener las autoridades y organismos privados al momento de promover un proyecto de estas caracter\u00edsticas, respetando variables t\u00e9cnicas, sociales, ambientales y legales.<\/p>\n<\/div><\/section><\/div><div  style='height:50px' class='hr hr-invisible   avia-builder-el-6  el_after_av_one_full  el_before_av_social_share '><span class='hr-inner ' ><span class='hr-inner-style'><\/span><\/span><\/div><\/p>\n<div  class='av-social-sharing-box  avia-builder-el-7  el_after_av_hr  el_before_av_hr  '><div class='av-share-box'><h5 class='av-share-link-description av-no-toc '>Compartir esta noticia<\/h5><ul class='av-share-box-list noLightbox'><li class='av-share-link av-social-link-facebook' ><a target=\"_blank\" aria-label=\"Compartir en Facebook\" href='https:\/\/www.facebook.com\/sharer.php?u=https:\/\/radiorevelacionfm.cl\/?p=17512&#038;t=Presentan%20resultados%20del%20estudio%20de%20Factibilidad%20de%20Cogeneraci%C3%B3n%20Geot%C3%A9rmica%20en%20Puyuhuapi' aria-hidden='false' data-av_icon='\ue8f3' data-av_iconfont='entypo-fontello' title='' data-avia-related-tooltip='Compartir en Facebook' rel=\"noopener\"><span class='avia_hidden_link_text'>Compartir en Facebook<\/span><\/a><\/li><li class='av-share-link av-social-link-twitter' ><a target=\"_blank\" aria-label=\"Compartir en Twitter\" href='https:\/\/twitter.com\/share?text=Presentan%20resultados%20del%20estudio%20de%20Factibilidad%20de%20Cogeneraci%C3%B3n%20Geot%C3%A9rmica%20en%20Puyuhuapi&#038;url=https:\/\/radiorevelacionfm.cl\/?p=17512' aria-hidden='false' data-av_icon='\ue8f1' data-av_iconfont='entypo-fontello' title='' data-avia-related-tooltip='Compartir en Twitter' rel=\"noopener\"><span class='avia_hidden_link_text'>Compartir en Twitter<\/span><\/a><\/li><li class='av-share-link av-social-link-whatsapp' ><a target=\"_blank\" aria-label=\"Compartir en Whatsapp\" href='https:\/\/api.whatsapp.com\/send?text=https:\/\/radiorevelacionfm.cl\/?p=17512' aria-hidden='false' data-av_icon='\uf232' data-av_iconfont='entypo-fontello' title='' data-avia-related-tooltip='Compartir en Whatsapp' rel=\"noopener\"><span class='avia_hidden_link_text'>Compartir en Whatsapp<\/span><\/a><\/li><li class='av-share-link av-social-link-linkedin' ><a target=\"_blank\" aria-label=\"Compartir en LinkedIn\" href='https:\/\/linkedin.com\/shareArticle?mini=true&#038;title=Presentan%20resultados%20del%20estudio%20de%20Factibilidad%20de%20Cogeneraci%C3%B3n%20Geot%C3%A9rmica%20en%20Puyuhuapi&#038;url=https:\/\/radiorevelacionfm.cl\/?p=17512' aria-hidden='false' data-av_icon='\ue8fc' data-av_iconfont='entypo-fontello' title='' data-avia-related-tooltip='Compartir en LinkedIn' rel=\"noopener\"><span class='avia_hidden_link_text'>Compartir en LinkedIn<\/span><\/a><\/li><li class='av-share-link av-social-link-mail' ><a  aria-label=\"Compartir por correo\" href='mailto:?subject=Presentan%20resultados%20del%20estudio%20de%20Factibilidad%20de%20Cogeneraci%C3%B3n%20Geot%C3%A9rmica%20en%20Puyuhuapi&#038;body=https:\/\/radiorevelacionfm.cl\/?p=17512' aria-hidden='false' data-av_icon='\ue805' data-av_iconfont='entypo-fontello' title='' data-avia-related-tooltip='Compartir por correo'><span class='avia_hidden_link_text'>Compartir por correo<\/span><\/a><\/li><\/ul><\/div><\/div>\n<div  style='height:50px' class='hr hr-invisible   avia-builder-el-8  el_after_av_social_share  el_before_av_comments_list '><span class='hr-inner ' ><span class='hr-inner-style'><\/span><\/span><\/div>\n<div  class='av-buildercomment  av-blog-meta-html-info-disabled av-blog-meta-tag-disabled  '><\/div>\n","protected":false},"excerpt":{"rendered":"","protected":false},"author":1,"featured_media":17513,"comment_status":"open","ping_status":"open","sticky":false,"template":"","format":"standard","meta":{"footnotes":""},"categories":[38],"tags":[],"class_list":["post-17512","post","type-post","status-publish","format-standard","has-post-thumbnail","hentry","category-regional"],"jetpack_featured_media_url":"https:\/\/radiorevelacionfm.cl\/wp-content\/uploads\/2022\/06\/presentacion-FIC-puyuhuapi-2-1-1.jpg","_links":{"self":[{"href":"https:\/\/radiorevelacionfm.cl\/index.php?rest_route=\/wp\/v2\/posts\/17512","targetHints":{"allow":["GET"]}}],"collection":[{"href":"https:\/\/radiorevelacionfm.cl\/index.php?rest_route=\/wp\/v2\/posts"}],"about":[{"href":"https:\/\/radiorevelacionfm.cl\/index.php?rest_route=\/wp\/v2\/types\/post"}],"author":[{"embeddable":true,"href":"https:\/\/radiorevelacionfm.cl\/index.php?rest_route=\/wp\/v2\/users\/1"}],"replies":[{"embeddable":true,"href":"https:\/\/radiorevelacionfm.cl\/index.php?rest_route=%2Fwp%2Fv2%2Fcomments&post=17512"}],"version-history":[{"count":2,"href":"https:\/\/radiorevelacionfm.cl\/index.php?rest_route=\/wp\/v2\/posts\/17512\/revisions"}],"predecessor-version":[{"id":17515,"href":"https:\/\/radiorevelacionfm.cl\/index.php?rest_route=\/wp\/v2\/posts\/17512\/revisions\/17515"}],"wp:featuredmedia":[{"embeddable":true,"href":"https:\/\/radiorevelacionfm.cl\/index.php?rest_route=\/wp\/v2\/media\/17513"}],"wp:attachment":[{"href":"https:\/\/radiorevelacionfm.cl\/index.php?rest_route=%2Fwp%2Fv2%2Fmedia&parent=17512"}],"wp:term":[{"taxonomy":"category","embeddable":true,"href":"https:\/\/radiorevelacionfm.cl\/index.php?rest_route=%2Fwp%2Fv2%2Fcategories&post=17512"},{"taxonomy":"post_tag","embeddable":true,"href":"https:\/\/radiorevelacionfm.cl\/index.php?rest_route=%2Fwp%2Fv2%2Ftags&post=17512"}],"curies":[{"name":"wp","href":"https:\/\/api.w.org\/{rel}","templated":true}]}}