{"id":17508,"date":"2022-06-02T16:02:54","date_gmt":"2022-06-02T19:02:54","guid":{"rendered":"https:\/\/radiorevelacionfm.cl\/?p=17508"},"modified":"2022-06-02T16:02:54","modified_gmt":"2022-06-02T19:02:54","slug":"integrantes-de-la-mesa-de-la-mujer-indigena-se-reunen-con-autoridades-de-gobierno","status":"publish","type":"post","link":"https:\/\/radiorevelacionfm.cl\/?p=17508","title":{"rendered":"Integrantes de la Mesa de la Mujer Ind\u00edgena se re\u00fanen con autoridades de Gobierno"},"content":{"rendered":"<div class=\"flex_column av_one_full  flex_column_div av-zero-column-padding first  avia-builder-el-0  el_before_av_one_full  avia-builder-el-first  \" style='border-radius:0px; '><div  class='avia-image-container  av-styling-    avia-builder-el-1  avia-builder-el-no-sibling  avia-align-center '  itemprop=\"image\" itemscope=\"itemscope\" itemtype=\"https:\/\/schema.org\/ImageObject\"  ><div class='avia-image-container-inner'><div class='avia-image-overlay-wrap'><img decoding=\"async\" class='wp-image-17509 avia-img-lazy-loading-not-17509 avia_image' src=\"https:\/\/radiorevelacionfm.cl\/wp-content\/uploads\/2022\/06\/1-6-1-1-1.jpg\" alt='' title='1 (6) (1) (1) (1)' height=\"600\" width=\"931\"  itemprop=\"thumbnailUrl\" srcset=\"https:\/\/radiorevelacionfm.cl\/wp-content\/uploads\/2022\/06\/1-6-1-1-1.jpg 931w, https:\/\/radiorevelacionfm.cl\/wp-content\/uploads\/2022\/06\/1-6-1-1-1-300x193.jpg 300w, https:\/\/radiorevelacionfm.cl\/wp-content\/uploads\/2022\/06\/1-6-1-1-1-768x495.jpg 768w, https:\/\/radiorevelacionfm.cl\/wp-content\/uploads\/2022\/06\/1-6-1-1-1-705x454.jpg 705w, https:\/\/radiorevelacionfm.cl\/wp-content\/uploads\/2022\/06\/1-6-1-1-1-600x387.jpg 600w\" sizes=\"(max-width: 931px) 100vw, 931px\" \/><\/div><\/div><\/div><\/div><div class=\"flex_column av_one_full  flex_column_div av-zero-column-padding first  avia-builder-el-2  el_after_av_one_full  el_before_av_one_full  column-top-margin\" style='border-radius:0px; '><section class=\"av_textblock_section \"  itemscope=\"itemscope\" itemtype=\"https:\/\/schema.org\/BlogPosting\" itemprop=\"blogPost\" ><div class='avia_textblock  '   itemprop=\"text\" ><p style=\"text-align: center;\"><strong><span style=\"font-size: 18pt;\">Integrantes de la Mesa de la Mujer Ind\u00edgena se re\u00fanen con autoridades de Gobierno<\/span><\/strong><\/p>\n<div id=\"gtx-trans\" style=\"position: absolute; left: -50px; top: 4.31534px;\">\n<div class=\"gtx-trans-icon\"><\/div>\n<\/div>\n<\/div><\/section><\/div><div class=\"flex_column av_one_full  flex_column_div av-zero-column-padding first  avia-builder-el-4  el_after_av_one_full  el_before_av_hr  column-top-margin\" style='border-radius:0px; '><section class=\"av_textblock_section \"  itemscope=\"itemscope\" itemtype=\"https:\/\/schema.org\/BlogPosting\" itemprop=\"blogPost\" ><div class='avia_textblock  '   itemprop=\"text\" ><p style=\"text-align: justify;\">Dar a conocer las principales inquietudes y necesidades de las agrupaciones, asociaciones y comunidades mapuche de la comuna de Coyhaique, que componen la Mesa de la Mujer Ind\u00edgena, fue el objetivo de una reuni\u00f3n con autoridades regionales. Desde el a\u00f1o 2019, se viene realizando un trabajo conjunto entre las organizaciones de base con el Servicio Nacional de la Mujer y la Equidad de G\u00e9nero, SernamEG, y la Corporaci\u00f3n de Desarrollo Ind\u00edgena, CONADI.<\/p>\n<p style=\"text-align: justify;\">En la Sede Rakiduantum en Coyhaique se realiz\u00f3 la actividad en la que estuvo presente la Seremi de Desarrollo Social y Familia, Karina Acevedo Auad. \u201cParticipamos con muchas ganas, ya que nos invitaron a ser parte de esta Mesa y a colaborar en el dise\u00f1o de este trabajo conjunto; entre mujeres de las agrupaciones ind\u00edgenas y el Gobierno. Llamado que nos ha encomendado el Presidente Gabriel Boric Font, que es el de estar comprometidas y comprometidos con las organizaciones sociales para entregar respuestas reales y acordes a lo que el territorio nos pide. Tenemos una hoja de ruta que hay que dise\u00f1ar y trabajaremos en conjunto para dar respuesta a sus necesidades como Estado\u201d, precis\u00f3.<\/p>\n<p style=\"text-align: justify;\">Por su parte, la Seremi de la Mujer y la Equidad de G\u00e9nero, Andrea M\u00e9ndez Valenzuela, sostuvo que \u201cagradecemos la invitaci\u00f3n de participar en este Mesa, pues como Gobierno nos es imperioso acercarnos a las necesidades y experiencias de todas las mujeres y aquellas que provienen del mundo ind\u00edgena han sido hist\u00f3ricamente invisibilizadas y postergadas.\u00a0 Debido a ello hemos venido con el objetivo de trazar puentes que nos permitan avanzar en la cobertura de sus necesidades\u00bb.<\/p>\n<p style=\"text-align: justify;\">Junto con destacar el alto n\u00famero de personas y organizaciones que asistieron a la reuni\u00f3n, la autoridad mapuche de la Asociaci\u00f3n Ind\u00edgena Rakiduantum, Yorka Cheuquian Gallardo, dijo: \u201cvaloro la disposici\u00f3n de la nueva administraci\u00f3n a escuchar, poner atenci\u00f3n y esperamos que esta disposici\u00f3n se mantenga y se puedan generar otras reuniones; donde se baje la oferta p\u00fablica hacia las mujeres que en este caso pertenecen a pueblos originarios. Adem\u00e1s, destaco que desde el Gobierno Regional informaron sobre un programa de fomento productivo que contempla a las personas de pueblos originarios. Creo que es fundamental el poner un valor agregado a las mujeres, porque nosotras somos proveedoras de conocimiento; por lo tanto, nos interesa que se hagan programas dirigidos a nosotras\u201d.<\/p>\n<p style=\"text-align: justify;\">En la actividad estuvieron presentes las comunidades Re\u00f1ma Txapen, Yefi, Millacura Huequilef, Carelmapu Lepio, Nolberto Ancapichun, Mari\u00f1ir y Catrian Pinda. En tanto, de las asociaciones participaron Ruka Wenuy, Maw\u00fcn Kurruf, Rakiduantum, Mariman, We folil y Antu ka pire mapu mew. Asimismo, asistieron la Directora Regional Subrogante de SernamEG, Carla Arriagada Malague\u00f1o; la Coordinadora Regional de CONADI, Pamela Huaitiao Almonacid; y las representantes de la Gobernadora Regional de Ays\u00e9n, Jessica Lagos C\u00e1rdenas; y del Delegado Presidencial Regional de Ays\u00e9n, Catalina Parra Cuevas.<\/p>\n<\/div><\/section><\/div><div  style='height:50px' class='hr hr-invisible   avia-builder-el-6  el_after_av_one_full  el_before_av_social_share '><span class='hr-inner ' ><span class='hr-inner-style'><\/span><\/span><\/div><\/p>\n<div  class='av-social-sharing-box  avia-builder-el-7  el_after_av_hr  el_before_av_hr  '><div class='av-share-box'><h5 class='av-share-link-description av-no-toc '>Compartir esta noticia<\/h5><ul class='av-share-box-list noLightbox'><li class='av-share-link av-social-link-facebook' ><a target=\"_blank\" aria-label=\"Compartir en Facebook\" href='https:\/\/www.facebook.com\/sharer.php?u=https:\/\/radiorevelacionfm.cl\/?p=17508&#038;t=Integrantes%20de%20la%20Mesa%20de%20la%20Mujer%20Ind%C3%ADgena%20se%20re%C3%BAnen%20con%20autoridades%20de%20Gobierno' aria-hidden='false' data-av_icon='\ue8f3' data-av_iconfont='entypo-fontello' title='' data-avia-related-tooltip='Compartir en Facebook' rel=\"noopener\"><span class='avia_hidden_link_text'>Compartir en Facebook<\/span><\/a><\/li><li class='av-share-link av-social-link-twitter' ><a target=\"_blank\" aria-label=\"Compartir en Twitter\" href='https:\/\/twitter.com\/share?text=Integrantes%20de%20la%20Mesa%20de%20la%20Mujer%20Ind%C3%ADgena%20se%20re%C3%BAnen%20con%20autoridades%20de%20Gobierno&#038;url=https:\/\/radiorevelacionfm.cl\/?p=17508' aria-hidden='false' data-av_icon='\ue8f1' data-av_iconfont='entypo-fontello' title='' data-avia-related-tooltip='Compartir en Twitter' rel=\"noopener\"><span class='avia_hidden_link_text'>Compartir en Twitter<\/span><\/a><\/li><li class='av-share-link av-social-link-whatsapp' ><a target=\"_blank\" aria-label=\"Compartir en Whatsapp\" href='https:\/\/api.whatsapp.com\/send?text=https:\/\/radiorevelacionfm.cl\/?p=17508' aria-hidden='false' data-av_icon='\uf232' data-av_iconfont='entypo-fontello' title='' data-avia-related-tooltip='Compartir en Whatsapp' rel=\"noopener\"><span class='avia_hidden_link_text'>Compartir en Whatsapp<\/span><\/a><\/li><li class='av-share-link av-social-link-linkedin' ><a target=\"_blank\" aria-label=\"Compartir en LinkedIn\" href='https:\/\/linkedin.com\/shareArticle?mini=true&#038;title=Integrantes%20de%20la%20Mesa%20de%20la%20Mujer%20Ind%C3%ADgena%20se%20re%C3%BAnen%20con%20autoridades%20de%20Gobierno&#038;url=https:\/\/radiorevelacionfm.cl\/?p=17508' aria-hidden='false' data-av_icon='\ue8fc' data-av_iconfont='entypo-fontello' title='' data-avia-related-tooltip='Compartir en LinkedIn' rel=\"noopener\"><span class='avia_hidden_link_text'>Compartir en LinkedIn<\/span><\/a><\/li><li class='av-share-link av-social-link-mail' ><a  aria-label=\"Compartir por correo\" href='mailto:?subject=Integrantes%20de%20la%20Mesa%20de%20la%20Mujer%20Ind%C3%ADgena%20se%20re%C3%BAnen%20con%20autoridades%20de%20Gobierno&#038;body=https:\/\/radiorevelacionfm.cl\/?p=17508' aria-hidden='false' data-av_icon='\ue805' data-av_iconfont='entypo-fontello' title='' data-avia-related-tooltip='Compartir por correo'><span class='avia_hidden_link_text'>Compartir por correo<\/span><\/a><\/li><\/ul><\/div><\/div>\n<div  style='height:50px' class='hr hr-invisible   avia-builder-el-8  el_after_av_social_share  el_before_av_comments_list '><span class='hr-inner ' ><span class='hr-inner-style'><\/span><\/span><\/div>\n<div  class='av-buildercomment  av-blog-meta-html-info-disabled av-blog-meta-tag-disabled  '><\/div>\n","protected":false},"excerpt":{"rendered":"","protected":false},"author":1,"featured_media":17509,"comment_status":"open","ping_status":"open","sticky":false,"template":"","format":"standard","meta":{"footnotes":""},"categories":[38],"tags":[],"class_list":["post-17508","post","type-post","status-publish","format-standard","has-post-thumbnail","hentry","category-regional"],"jetpack_featured_media_url":"https:\/\/radiorevelacionfm.cl\/wp-content\/uploads\/2022\/06\/1-6-1-1-1.jpg","_links":{"self":[{"href":"https:\/\/radiorevelacionfm.cl\/index.php?rest_route=\/wp\/v2\/posts\/17508","targetHints":{"allow":["GET"]}}],"collection":[{"href":"https:\/\/radiorevelacionfm.cl\/index.php?rest_route=\/wp\/v2\/posts"}],"about":[{"href":"https:\/\/radiorevelacionfm.cl\/index.php?rest_route=\/wp\/v2\/types\/post"}],"author":[{"embeddable":true,"href":"https:\/\/radiorevelacionfm.cl\/index.php?rest_route=\/wp\/v2\/users\/1"}],"replies":[{"embeddable":true,"href":"https:\/\/radiorevelacionfm.cl\/index.php?rest_route=%2Fwp%2Fv2%2Fcomments&post=17508"}],"version-history":[{"count":2,"href":"https:\/\/radiorevelacionfm.cl\/index.php?rest_route=\/wp\/v2\/posts\/17508\/revisions"}],"predecessor-version":[{"id":17511,"href":"https:\/\/radiorevelacionfm.cl\/index.php?rest_route=\/wp\/v2\/posts\/17508\/revisions\/17511"}],"wp:featuredmedia":[{"embeddable":true,"href":"https:\/\/radiorevelacionfm.cl\/index.php?rest_route=\/wp\/v2\/media\/17509"}],"wp:attachment":[{"href":"https:\/\/radiorevelacionfm.cl\/index.php?rest_route=%2Fwp%2Fv2%2Fmedia&parent=17508"}],"wp:term":[{"taxonomy":"category","embeddable":true,"href":"https:\/\/radiorevelacionfm.cl\/index.php?rest_route=%2Fwp%2Fv2%2Fcategories&post=17508"},{"taxonomy":"post_tag","embeddable":true,"href":"https:\/\/radiorevelacionfm.cl\/index.php?rest_route=%2Fwp%2Fv2%2Ftags&post=17508"}],"curies":[{"name":"wp","href":"https:\/\/api.w.org\/{rel}","templated":true}]}}