{"id":17505,"date":"2022-06-02T16:49:56","date_gmt":"2022-06-02T19:49:56","guid":{"rendered":"https:\/\/radiorevelacionfm.cl\/?p=17505"},"modified":"2022-06-02T16:49:56","modified_gmt":"2022-06-02T19:49:56","slug":"autoridades-y-4-comites-de-coyhaique-reafirman-trabajo-conjunto-para-avanzar-hacia-mas-de-550-soluciones-en-altura","status":"publish","type":"post","link":"https:\/\/radiorevelacionfm.cl\/?p=17505","title":{"rendered":"Autoridades y 4 comit\u00e9s de Coyhaique reafirman trabajo conjunto para avanzar hacia m\u00e1s de 550 soluciones en altura"},"content":{"rendered":"<div class=\"flex_column av_one_full  flex_column_div av-zero-column-padding first  avia-builder-el-0  el_before_av_one_full  avia-builder-el-first  \" style='border-radius:0px; '><div  class='avia-image-container  av-styling-    avia-builder-el-1  avia-builder-el-no-sibling  avia-align-center '  itemprop=\"image\" itemscope=\"itemscope\" itemtype=\"https:\/\/schema.org\/ImageObject\"  ><div class='avia-image-container-inner'><div class='avia-image-overlay-wrap'><img decoding=\"async\" class='wp-image-0 avia-img-lazy-loading-not-0 avia_image' src=\"http:\/\/radiorevelacionfm.cl\/wp-content\/uploads\/2020\/12\/7ee21_th2.jpg\" alt='' title=''   itemprop=\"thumbnailUrl\"  \/><\/div><\/div><\/div><\/div>\n<div class=\"flex_column av_one_full  flex_column_div av-zero-column-padding first  avia-builder-el-2  el_after_av_one_full  el_before_av_one_full  column-top-margin\" style='border-radius:0px; '><section class=\"av_textblock_section \"  itemscope=\"itemscope\" itemtype=\"https:\/\/schema.org\/BlogPosting\" itemprop=\"blogPost\" ><div class='avia_textblock  '   itemprop=\"text\" ><p style=\"text-align: center;\"><strong><span style=\"font-size: 18pt;\">Autoridades y 4 comit\u00e9s de Coyhaique reafirman trabajo conjunto para avanzar hacia m\u00e1s de 550 soluciones en altura<\/span><\/strong><\/p>\n<div id=\"gtx-trans\" style=\"position: absolute; left: -50px; top: 4.31534px;\">\n<div class=\"gtx-trans-icon\"><\/div>\n<\/div>\n<\/div><\/section><\/div><div class=\"flex_column av_one_full  flex_column_div av-zero-column-padding first  avia-builder-el-4  el_after_av_one_full  el_before_av_hr  column-top-margin\" style='border-radius:0px; '><section class=\"av_textblock_section \"  itemscope=\"itemscope\" itemtype=\"https:\/\/schema.org\/BlogPosting\" itemprop=\"blogPost\" ><div class='avia_textblock  '   itemprop=\"text\" ><p style=\"text-align: justify;\">La Seremi de Vivienda y Urbanismo, Paulina Ruz Delf\u00edn, reafirm\u00f3 este fin de semana el compromiso del Gobierno para trabajar en conjunto con las m\u00e1s de 550 familias de Coyhaique que con apoyo del Diputado Ren\u00e9 Alinco se han unido desde hace algunos a\u00f1os con la finalidad de lograr una soluci\u00f3n habitacional en base a departamentos en altura, los que estar\u00edan ubicados en terrenos de la denominada \u201cChacra G 2\u201d, como parte del Plan Urbano Estrat\u00e9gico que desarrolla el Minvu en el sector alto de la capital regional.<\/p>\n<p style=\"text-align: justify;\">Fue as\u00ed como, con el objetivo de presentar oficialmente a la Seremi y plasmar en directo el compromiso pol\u00edtico, cerca de 400 familias se reunieron el pasado fin de semana en el Gimnasio del Liceo Ricardo Navarrete, encuentro encabezado por el parlamentario y que cont\u00f3 con participaci\u00f3n del concejal de Coyhaique, Claudio Vidal, y los dirigentes de los comit\u00e9s \u201cAntillal\u201d, \u201cBrisa Austral\u201d, \u201cEsperanza de Ays\u00e9n\u201d y \u201cAltos Patagonia\u201d, quienes destacaron la instancia de di\u00e1logo y la buena disposici\u00f3n de trabajo de la nueva autoridad del sector Vivienda.<\/p>\n<p style=\"text-align: justify;\">As\u00ed lo expres\u00f3 Natalia Moreno, Presidenta del Comit\u00e9 Antillal, quienes re\u00fanen a cerca de 200 familias que han venido trabajando organizadamente para cumplir su gran sue\u00f1o. \u201cAgradecemos esta se\u00f1al pol\u00edtica, esta buena se\u00f1al que da la Seremi a pocos meses de asumir, de ya venir ac\u00e1, presentarse y reafirmar su compromiso a los socios que es algo muy importante. Hoy estamos en la etapa de organizaci\u00f3n de documentos para empezar a elaborar este proyecto, estamos trabajando con la Entidad Patrocinante \u201cCasa Activa\u201d y gracias a Dios ya tenemos nuestros terrenos en la Chacra G 2D, donde a futuro se van a albergar a las familias de los cuatro comit\u00e9s\u201d, se\u00f1al\u00f3.<\/p>\n<p style=\"text-align: justify;\">De igual forma H\u00e9ctor Santos, Presidente del comit\u00e9 Esperanza de Ays\u00e9n, indic\u00f3 que compartir en directo con la Seremi ha sido muy importante para todo el comit\u00e9 y eso reafirma el compromiso del Gobierno y del Estado de Chile con la comunidad de Coyhaique. \u201cComo este es un proyecto piloto, un mega proyecto, aparte de incluir a la gente que necesita casa, a los discapacitados, gente de la tercera edad, de descendencia ind\u00edgena, para nosotros es muy importante trabajar en conjunto con la Seremi el incluir a las personas j\u00f3venes, ya que siempre se nos dice que ellos no quien surgir, que no quieren hacer familia, pero si no les entregamos la herramienta para tener una casa o una familia entonces no sacamos nada\u201d, manifest\u00f3.<\/p>\n<p style=\"text-align: justify;\">La Seremi de Vivienda, Paulina Ruz, valor\u00f3 la buena disposici\u00f3n de los dirigentes y la fuerza de las familias, algo que sin duda es b\u00e1sico para avanzar por el camino correcto. \u201cHa sido un encuentro muy productivo, donde tuvimos oportunidad de tomar contacto directo con los dirigentes y la mayor\u00eda de las familias que forman parte de este gran proyecto. Pudimos adem\u00e1s confirmar nuestro compromiso Ministerial y de Gobierno de seguir avanzando en las gestiones y de trabajar en conjunto para garantizar el derecho a la vivienda digna para estos cientos de familias que sue\u00f1an con la consolidaci\u00f3n de su hogar y de su futuro en una casa propia. Tienen adem\u00e1s dirigentes de primer nivel y sin duda que con este trabajo conjunto con el Diputado iremos superando etapas para lograr el objetivo lo antes posible\u201d, asegur\u00f3.<\/p>\n<p style=\"text-align: justify;\">Tambi\u00e9n el Diputado Ren\u00e9 Alinco destac\u00f3 la instancia de di\u00e1logo con una gran convocatoria y un compromiso confiable de trabajo. \u201cAhora tenemos que empezar a hacer el trabajo t\u00e9cnico con los profesionales, que eso no es tan r\u00e1pido, hay que ver la ficha social de hogares, contactarnos con la Entidad Patrocinante, en fin, vamos avanzando a pesar de todos los problemas para reunirnos por el Covid, y lo importante era que la gente conozca a nuestra primera autoridad de Vivienda, a la Seremi y que se recoja obviamente el compromiso de ella, que fue bien clara en su discurso, que el Gobierno de Gabriel Boric quiere entregar a los chilenos y por supuesto a los ayseninos y ayseninas viviendas dignas y en ese compromiso estamos todos juntos\u201d, afirm\u00f3.<\/p>\n<p style=\"text-align: justify;\">Finalmente, autoridades, dirigentes y familias se comprometieron a mantener una fluida comunicaci\u00f3n respecto de los avances en las diferentes etapas que vienen, con reuniones peri\u00f3dicas en la medida que vayan siendo necesarias para garantizar avances concretos en el proyecto.<\/p>\n<\/div><\/section><\/div><div  style='height:50px' class='hr hr-invisible   avia-builder-el-6  el_after_av_one_full  el_before_av_social_share '><span class='hr-inner ' ><span class='hr-inner-style'><\/span><\/span><\/div><\/p>\n<div  class='av-social-sharing-box  avia-builder-el-7  el_after_av_hr  el_before_av_hr  '><div class='av-share-box'><h5 class='av-share-link-description av-no-toc '>Compartir esta noticia<\/h5><ul class='av-share-box-list noLightbox'><li class='av-share-link av-social-link-facebook' ><a target=\"_blank\" aria-label=\"Compartir en Facebook\" href='https:\/\/www.facebook.com\/sharer.php?u=https:\/\/radiorevelacionfm.cl\/?p=17505&#038;t=Autoridades%20y%204%20comit%C3%A9s%20de%20Coyhaique%20reafirman%20trabajo%20conjunto%20para%20avanzar%20hacia%20m%C3%A1s%20de%20550%20soluciones%20en%20altura' aria-hidden='false' data-av_icon='\ue8f3' data-av_iconfont='entypo-fontello' title='' data-avia-related-tooltip='Compartir en Facebook' rel=\"noopener\"><span class='avia_hidden_link_text'>Compartir en Facebook<\/span><\/a><\/li><li class='av-share-link av-social-link-twitter' ><a target=\"_blank\" aria-label=\"Compartir en Twitter\" href='https:\/\/twitter.com\/share?text=Autoridades%20y%204%20comit%C3%A9s%20de%20Coyhaique%20reafirman%20trabajo%20conjunto%20para%20avanzar%20hacia%20m%C3%A1s%20de%20550%20soluciones%20en%20altura&#038;url=https:\/\/radiorevelacionfm.cl\/?p=17505' aria-hidden='false' data-av_icon='\ue8f1' data-av_iconfont='entypo-fontello' title='' data-avia-related-tooltip='Compartir en Twitter' rel=\"noopener\"><span class='avia_hidden_link_text'>Compartir en Twitter<\/span><\/a><\/li><li class='av-share-link av-social-link-whatsapp' ><a target=\"_blank\" aria-label=\"Compartir en Whatsapp\" href='https:\/\/api.whatsapp.com\/send?text=https:\/\/radiorevelacionfm.cl\/?p=17505' aria-hidden='false' data-av_icon='\uf232' data-av_iconfont='entypo-fontello' title='' data-avia-related-tooltip='Compartir en Whatsapp' rel=\"noopener\"><span class='avia_hidden_link_text'>Compartir en Whatsapp<\/span><\/a><\/li><li class='av-share-link av-social-link-linkedin' ><a target=\"_blank\" aria-label=\"Compartir en LinkedIn\" href='https:\/\/linkedin.com\/shareArticle?mini=true&#038;title=Autoridades%20y%204%20comit%C3%A9s%20de%20Coyhaique%20reafirman%20trabajo%20conjunto%20para%20avanzar%20hacia%20m%C3%A1s%20de%20550%20soluciones%20en%20altura&#038;url=https:\/\/radiorevelacionfm.cl\/?p=17505' aria-hidden='false' data-av_icon='\ue8fc' data-av_iconfont='entypo-fontello' title='' data-avia-related-tooltip='Compartir en LinkedIn' rel=\"noopener\"><span class='avia_hidden_link_text'>Compartir en LinkedIn<\/span><\/a><\/li><li class='av-share-link av-social-link-mail' ><a  aria-label=\"Compartir por correo\" href='mailto:?subject=Autoridades%20y%204%20comit%C3%A9s%20de%20Coyhaique%20reafirman%20trabajo%20conjunto%20para%20avanzar%20hacia%20m%C3%A1s%20de%20550%20soluciones%20en%20altura&#038;body=https:\/\/radiorevelacionfm.cl\/?p=17505' aria-hidden='false' data-av_icon='\ue805' data-av_iconfont='entypo-fontello' title='' data-avia-related-tooltip='Compartir por correo'><span class='avia_hidden_link_text'>Compartir por correo<\/span><\/a><\/li><\/ul><\/div><\/div>\n<div  style='height:50px' class='hr hr-invisible   avia-builder-el-8  el_after_av_social_share  el_before_av_comments_list '><span class='hr-inner ' ><span class='hr-inner-style'><\/span><\/span><\/div>\n<div  class='av-buildercomment  av-blog-meta-html-info-disabled av-blog-meta-tag-disabled  '><\/div>\n","protected":false},"excerpt":{"rendered":"","protected":false},"author":1,"featured_media":17506,"comment_status":"open","ping_status":"open","sticky":false,"template":"","format":"standard","meta":{"footnotes":""},"categories":[57],"tags":[],"class_list":["post-17505","post","type-post","status-publish","format-standard","has-post-thumbnail","hentry","category-vivienda"],"jetpack_featured_media_url":"https:\/\/radiorevelacionfm.cl\/wp-content\/uploads\/2022\/06\/foto-seremi-reunion-coyhaique-comites-viviendas-en-altura-1_optimized.jpg","_links":{"self":[{"href":"https:\/\/radiorevelacionfm.cl\/index.php?rest_route=\/wp\/v2\/posts\/17505","targetHints":{"allow":["GET"]}}],"collection":[{"href":"https:\/\/radiorevelacionfm.cl\/index.php?rest_route=\/wp\/v2\/posts"}],"about":[{"href":"https:\/\/radiorevelacionfm.cl\/index.php?rest_route=\/wp\/v2\/types\/post"}],"author":[{"embeddable":true,"href":"https:\/\/radiorevelacionfm.cl\/index.php?rest_route=\/wp\/v2\/users\/1"}],"replies":[{"embeddable":true,"href":"https:\/\/radiorevelacionfm.cl\/index.php?rest_route=%2Fwp%2Fv2%2Fcomments&post=17505"}],"version-history":[{"count":2,"href":"https:\/\/radiorevelacionfm.cl\/index.php?rest_route=\/wp\/v2\/posts\/17505\/revisions"}],"predecessor-version":[{"id":17523,"href":"https:\/\/radiorevelacionfm.cl\/index.php?rest_route=\/wp\/v2\/posts\/17505\/revisions\/17523"}],"wp:featuredmedia":[{"embeddable":true,"href":"https:\/\/radiorevelacionfm.cl\/index.php?rest_route=\/wp\/v2\/media\/17506"}],"wp:attachment":[{"href":"https:\/\/radiorevelacionfm.cl\/index.php?rest_route=%2Fwp%2Fv2%2Fmedia&parent=17505"}],"wp:term":[{"taxonomy":"category","embeddable":true,"href":"https:\/\/radiorevelacionfm.cl\/index.php?rest_route=%2Fwp%2Fv2%2Fcategories&post=17505"},{"taxonomy":"post_tag","embeddable":true,"href":"https:\/\/radiorevelacionfm.cl\/index.php?rest_route=%2Fwp%2Fv2%2Ftags&post=17505"}],"curies":[{"name":"wp","href":"https:\/\/api.w.org\/{rel}","templated":true}]}}