{"id":17497,"date":"2022-06-02T10:13:38","date_gmt":"2022-06-02T13:13:38","guid":{"rendered":"https:\/\/radiorevelacionfm.cl\/?p=17497"},"modified":"2022-06-02T10:13:38","modified_gmt":"2022-06-02T13:13:38","slug":"compost-comunitario-la-apuesta-de-las-y-los-agricultores-de-puerto-guadal-en-conjunto-con-la-comunidad-escolar","status":"publish","type":"post","link":"https:\/\/radiorevelacionfm.cl\/?p=17497","title":{"rendered":"Compost comunitario: La apuesta de las y los agricultores de Puerto Guadal en conjunto con la comunidad escolar"},"content":{"rendered":"<div class=\"flex_column av_one_full  flex_column_div av-zero-column-padding first  avia-builder-el-0  el_before_av_one_full  avia-builder-el-first  \" style='border-radius:0px; '><div  class='avia-image-container  av-styling-    avia-builder-el-1  avia-builder-el-no-sibling  avia-align-center '  itemprop=\"image\" itemscope=\"itemscope\" itemtype=\"https:\/\/schema.org\/ImageObject\"  ><div class='avia-image-container-inner'><div class='avia-image-overlay-wrap'><img decoding=\"async\" class='wp-image-17498 avia-img-lazy-loading-not-17498 avia_image' src=\"https:\/\/radiorevelacionfm.cl\/wp-content\/uploads\/2022\/06\/trabajo-chipedora-en-lago-general-carrera-1_optimized-1.jpg\" alt='' title='trabajo-chipedora-en-lago-general-carrera-(1)_optimized (1)' height=\"600\" width=\"1062\"  itemprop=\"thumbnailUrl\" srcset=\"https:\/\/radiorevelacionfm.cl\/wp-content\/uploads\/2022\/06\/trabajo-chipedora-en-lago-general-carrera-1_optimized-1.jpg 1062w, https:\/\/radiorevelacionfm.cl\/wp-content\/uploads\/2022\/06\/trabajo-chipedora-en-lago-general-carrera-1_optimized-1-300x169.jpg 300w, https:\/\/radiorevelacionfm.cl\/wp-content\/uploads\/2022\/06\/trabajo-chipedora-en-lago-general-carrera-1_optimized-1-1030x582.jpg 1030w, https:\/\/radiorevelacionfm.cl\/wp-content\/uploads\/2022\/06\/trabajo-chipedora-en-lago-general-carrera-1_optimized-1-768x434.jpg 768w, https:\/\/radiorevelacionfm.cl\/wp-content\/uploads\/2022\/06\/trabajo-chipedora-en-lago-general-carrera-1_optimized-1-705x398.jpg 705w, https:\/\/radiorevelacionfm.cl\/wp-content\/uploads\/2022\/06\/trabajo-chipedora-en-lago-general-carrera-1_optimized-1-600x339.jpg 600w\" sizes=\"(max-width: 1062px) 100vw, 1062px\" \/><\/div><\/div><\/div><\/div><div class=\"flex_column av_one_full  flex_column_div av-zero-column-padding first  avia-builder-el-2  el_after_av_one_full  el_before_av_one_full  column-top-margin\" style='border-radius:0px; '><section class=\"av_textblock_section \"  itemscope=\"itemscope\" itemtype=\"https:\/\/schema.org\/BlogPosting\" itemprop=\"blogPost\" ><div class='avia_textblock  '   itemprop=\"text\" ><p style=\"text-align: center;\"><span style=\"font-size: 18pt;\"><b><span lang=\"ES\">C<\/span><\/b><b><span lang=\"X-NONE\">ompost comunitario: La apuesta de las y los agricultores de Puerto Guadal en conjunto con la comunidad escolar<\/span><\/b><\/span><\/p>\n<div id=\"gtx-trans\" style=\"position: absolute; left: -50px; top: 4.31534px;\">\n<div class=\"gtx-trans-icon\"><\/div>\n<\/div>\n<\/div><\/section><\/div><div class=\"flex_column av_one_full  flex_column_div av-zero-column-padding first  avia-builder-el-4  el_after_av_one_full  el_before_av_hr  column-top-margin\" style='border-radius:0px; '><section class=\"av_textblock_section \"  itemscope=\"itemscope\" itemtype=\"https:\/\/schema.org\/BlogPosting\" itemprop=\"blogPost\" ><div class='avia_textblock  '   itemprop=\"text\" ><p class=\"v1MsoNormal\" style=\"text-align: justify;\"><span lang=\"ES\">Fue gracias al programa Programa de Desarrollo de Inversiones Asociativo de la oficina Chile Chico del Instituto de Desarrollo Agropecuario (INDAP) que la Asociaci<\/span><span lang=\"X-NONE\">\u00f3n Gremial de Peque\u00f1os Ganaderos y Agricultores de Puerto Guadal comenz\u00f3 a avanzar en un sue\u00f1o que se ven\u00eda cobijando desde hace mucho: aportar desde una mirada productiva y ambiental al mejoramiento de la tierra donde crecen cultivos de la cada d\u00eda m\u00e1s valorada horticultura local.<\/span><\/p>\n<p class=\"v1MsoNormal\" style=\"text-align: justify;\"><span lang=\"ES\">Durante 2021 se present<\/span><span lang=\"X-NONE\">\u00f3 al servicio un proyecto<span class=\"v1gmail-Apple-converted-space\">\u00a0<\/span><\/span><span lang=\"ES\">para<span class=\"v1gmail-Apple-converted-space\">\u00a0<\/span><\/span><span lang=\"X-NONE\">adquirir una chipeadora que permita desmenuzar cortes de poda y mosqueta, con el fin de \u00abapoyar el proyecto de un centro de fabricaci\u00f3n de abono org\u00e1nico para nuestros asociados y comercializar a otros vecinos.\u00a0<span class=\"v1gmail-Apple-converted-space\">\u00a0<\/span>De esa forma tener una manera\u00a0<span class=\"v1gmail-Apple-converted-space\">\u00a0<\/span>de financiamiento en el mediano plazo para nuestra organizaci\u00f3n\u00bb explic\u00f3 la presidenta de la organizaci\u00f3n Rosa Vera Huenul. Es as\u00ed que INDAP cofinanci\u00f3 la maquinaria semi industrial, de un costo superior a los $ 5 millones.\u00a0Durante ese a\u00f1o el organismo tambi\u00e9n <span class=\"v1gmail_default\">ap<\/span>oy\u00f3 a la AG con la construcci\u00f3n de un corral, brete y rampa, para el acopio y venta de animales de los socios de la agrupaci\u00f3n y ganaderos locales.<\/span><\/p>\n<p class=\"v1MsoNormal\" style=\"text-align: justify;\"><span lang=\"ES\">La chipeadora lleg<\/span><span lang=\"X-NONE\">\u00f3 en el mes de febrero.\u00a0<span class=\"v1gmail-Apple-converted-space\">\u00a0<\/span>Con una gran potencia de corte, la operaci\u00f3n contempla un convenio con la Municipalidad de Chile Chico para disponer, en distintos per\u00edodos, de la poda de los \u00e1rboles emplazados en la v\u00eda p\u00fablica.<\/span><\/p>\n<p class=\"v1MsoNormal\" style=\"text-align: justify;\"><span lang=\"X-NONE\">Durante las \u00faltimas semanas la maquinaria ya entr\u00f3 en marcha blanca, siendo arrendada por socios para el manejo de sus residuos vegetales.<\/span><\/p>\n<p class=\"v1MsoNormal\" style=\"text-align: justify;\"><span lang=\"X-NONE\">En paralelo y con el apoyo t\u00e9cnico de los profesionales de Servicio Pa\u00eds tambi\u00e9n, se postul\u00f3 al 7 % del FNDR del Gobierno Regional de Ays\u00e9n el proyecto \u00abEducaci\u00f3n ambiental para el desarrollo de compostaje en Puerto Guadal\u00bb.\u00a0<span class=\"v1gmail-Apple-converted-space\">\u00a0<\/span>Recientemente se inform\u00f3 que la iniciativa ser\u00e1 financiada con un monto total de $ 8,3 millones.<span class=\"v1gmail-Apple-converted-space\">\u00a0<\/span><\/span><\/p>\n<p class=\"v1MsoNormal\" style=\"text-align: justify;\"><span lang=\"X-NONE\">El objetivo es \u00abacercar a la comunidad de Puerto Guadal las pr\u00e1cticas de separaci\u00f3n de residuos org\u00e1nicos domiciliarios y restos de podas para la elaboraci\u00f3n de compost\u00bb explica Miriam Chible Contreras, secretaria de la organizaci\u00f3n.<span class=\"v1gmail-Apple-converted-space\">\u00a0<\/span>\u00a0\u00a0Adem\u00e1s, busca ir desplazando el uso de qu\u00edmicos como fertilizantes, que no s\u00f3lo contaminan el suelo sino que aportan a la crisis clim\u00e1tica al ser muchos derivados del petr\u00f3leo y transportados hacia Puerto Guadal desde fuera de la regi\u00f3n.<\/span><\/p>\n<p class=\"v1MsoNormal\" style=\"text-align: justify;\"><span lang=\"X-NONE\">El proyecto contemplar\u00e1 talleres para explicar aspectos t\u00e9cnicos sobre los fen\u00f3menos naturales vinculados al reciclaje de los nutrientes en la naturaleza y su importancia para los ecosistemas y los servicios ecol\u00f3gicos.<span class=\"v1gmail-Apple-converted-space\">\u00a0<\/span>\u00a0\u00a0<\/span><\/p>\n<p class=\"v1MsoNormal\" style=\"text-align: justify;\"><span lang=\"X-NONE\">Adem\u00e1s, se capacitar\u00e1 a familias mediante actividades piloto para construcci\u00f3n de composteras domiciliarias, en paralelo al uso de la chipeadora. Para esto se cuenta con el apoyo de la escuela local Libertador Bernardo O&#8217;Higgins Riquelme, a trav\u00e9s de su directora y cuerpo docente, con quienes se articular\u00e1 la incorporaci\u00f3n de las familias de los alumnos al programa.\u00a0<span class=\"v1gmail-Apple-converted-space\">\u00a0<\/span>Todo esto en sinton\u00eda con el sello de cuidado del medioambiente del establecimiento, que adem\u00e1s cuenta con<span class=\"v1gmail-Apple-converted-space\">\u00a0<\/span><a href=\"https:\/\/sncae.mma.gob.cl\/portal\/establecimientos\/detalles\/1381\" target=\"_blank\" rel=\"noopener noreferrer\">certificaci\u00f3n de excelencia ambiental<\/a><span class=\"v1gmail-Apple-converted-space\">\u00a0<\/span>entregada por el Ministerio del Medio Ambiente.<\/span><\/p>\n<p class=\"v1MsoNormal\" style=\"text-align: justify;\"><span lang=\"X-NONE\">El equipo de trabajo estar\u00e1 compuesto por dos ingenieros agr\u00f3nomos, dise\u00f1ador, community manager, el operario de la chipeadora, un carpintero para aportar a construir las composteras y un locutor para los programas de radio involucrados.<\/span><\/p>\n<p class=\"v1MsoNormal\" style=\"text-align: justify;\"><span lang=\"X-NONE\">El objetivo final, instalar capacidades a mediano y largo plazo en materia de generaci\u00f3n de compost en un contexto de trabajo entre las comunidades local y escolar en pos de un objetivo com\u00fan: la sustentabilidad.<\/span><\/p>\n<p class=\"v1MsoNormal\" style=\"text-align: justify;\"><span lang=\"X-NONE\">\u00abEstamos muy contentos y esperanzados con este proyecto\u00bb se\u00f1al\u00f3 Rosa Vera, quien tambi\u00e9n es horticultora local.<\/span><\/p>\n<\/div><\/section><\/div><div  style='height:50px' class='hr hr-invisible   avia-builder-el-6  el_after_av_one_full  el_before_av_social_share '><span class='hr-inner ' ><span class='hr-inner-style'><\/span><\/span><\/div><\/p>\n<div  class='av-social-sharing-box  avia-builder-el-7  el_after_av_hr  el_before_av_hr  '><div class='av-share-box'><h5 class='av-share-link-description av-no-toc '>Compartir esta noticia<\/h5><ul class='av-share-box-list noLightbox'><li class='av-share-link av-social-link-facebook' ><a target=\"_blank\" aria-label=\"Compartir en Facebook\" href='https:\/\/www.facebook.com\/sharer.php?u=https:\/\/radiorevelacionfm.cl\/?p=17497&#038;t=Compost%20comunitario%3A%20La%20apuesta%20de%20las%20y%20los%20agricultores%20de%20Puerto%20Guadal%20en%20conjunto%20con%20la%20comunidad%20escolar' aria-hidden='false' data-av_icon='\ue8f3' data-av_iconfont='entypo-fontello' title='' data-avia-related-tooltip='Compartir en Facebook' rel=\"noopener\"><span class='avia_hidden_link_text'>Compartir en Facebook<\/span><\/a><\/li><li class='av-share-link av-social-link-twitter' ><a target=\"_blank\" aria-label=\"Compartir en Twitter\" href='https:\/\/twitter.com\/share?text=Compost%20comunitario%3A%20La%20apuesta%20de%20las%20y%20los%20agricultores%20de%20Puerto%20Guadal%20en%20conjunto%20con%20la%20comunidad%20escolar&#038;url=https:\/\/radiorevelacionfm.cl\/?p=17497' aria-hidden='false' data-av_icon='\ue8f1' data-av_iconfont='entypo-fontello' title='' data-avia-related-tooltip='Compartir en Twitter' rel=\"noopener\"><span class='avia_hidden_link_text'>Compartir en Twitter<\/span><\/a><\/li><li class='av-share-link av-social-link-whatsapp' ><a target=\"_blank\" aria-label=\"Compartir en Whatsapp\" href='https:\/\/api.whatsapp.com\/send?text=https:\/\/radiorevelacionfm.cl\/?p=17497' aria-hidden='false' data-av_icon='\uf232' data-av_iconfont='entypo-fontello' title='' data-avia-related-tooltip='Compartir en Whatsapp' rel=\"noopener\"><span class='avia_hidden_link_text'>Compartir en Whatsapp<\/span><\/a><\/li><li class='av-share-link av-social-link-linkedin' ><a target=\"_blank\" aria-label=\"Compartir en LinkedIn\" href='https:\/\/linkedin.com\/shareArticle?mini=true&#038;title=Compost%20comunitario%3A%20La%20apuesta%20de%20las%20y%20los%20agricultores%20de%20Puerto%20Guadal%20en%20conjunto%20con%20la%20comunidad%20escolar&#038;url=https:\/\/radiorevelacionfm.cl\/?p=17497' aria-hidden='false' data-av_icon='\ue8fc' data-av_iconfont='entypo-fontello' title='' data-avia-related-tooltip='Compartir en LinkedIn' rel=\"noopener\"><span class='avia_hidden_link_text'>Compartir en LinkedIn<\/span><\/a><\/li><li class='av-share-link av-social-link-mail' ><a  aria-label=\"Compartir por correo\" href='mailto:?subject=Compost%20comunitario%3A%20La%20apuesta%20de%20las%20y%20los%20agricultores%20de%20Puerto%20Guadal%20en%20conjunto%20con%20la%20comunidad%20escolar&#038;body=https:\/\/radiorevelacionfm.cl\/?p=17497' aria-hidden='false' data-av_icon='\ue805' data-av_iconfont='entypo-fontello' title='' data-avia-related-tooltip='Compartir por correo'><span class='avia_hidden_link_text'>Compartir por correo<\/span><\/a><\/li><\/ul><\/div><\/div>\n<div  style='height:50px' class='hr hr-invisible   avia-builder-el-8  el_after_av_social_share  el_before_av_comments_list '><span class='hr-inner ' ><span class='hr-inner-style'><\/span><\/span><\/div>\n<div  class='av-buildercomment  av-blog-meta-html-info-disabled av-blog-meta-tag-disabled  '><\/div>\n","protected":false},"excerpt":{"rendered":"","protected":false},"author":1,"featured_media":17498,"comment_status":"open","ping_status":"open","sticky":false,"template":"","format":"standard","meta":{"footnotes":""},"categories":[39],"tags":[],"class_list":["post-17497","post","type-post","status-publish","format-standard","has-post-thumbnail","hentry","category-medio-ambiente"],"jetpack_featured_media_url":"https:\/\/radiorevelacionfm.cl\/wp-content\/uploads\/2022\/06\/trabajo-chipedora-en-lago-general-carrera-1_optimized-1.jpg","_links":{"self":[{"href":"https:\/\/radiorevelacionfm.cl\/index.php?rest_route=\/wp\/v2\/posts\/17497","targetHints":{"allow":["GET"]}}],"collection":[{"href":"https:\/\/radiorevelacionfm.cl\/index.php?rest_route=\/wp\/v2\/posts"}],"about":[{"href":"https:\/\/radiorevelacionfm.cl\/index.php?rest_route=\/wp\/v2\/types\/post"}],"author":[{"embeddable":true,"href":"https:\/\/radiorevelacionfm.cl\/index.php?rest_route=\/wp\/v2\/users\/1"}],"replies":[{"embeddable":true,"href":"https:\/\/radiorevelacionfm.cl\/index.php?rest_route=%2Fwp%2Fv2%2Fcomments&post=17497"}],"version-history":[{"count":2,"href":"https:\/\/radiorevelacionfm.cl\/index.php?rest_route=\/wp\/v2\/posts\/17497\/revisions"}],"predecessor-version":[{"id":17500,"href":"https:\/\/radiorevelacionfm.cl\/index.php?rest_route=\/wp\/v2\/posts\/17497\/revisions\/17500"}],"wp:featuredmedia":[{"embeddable":true,"href":"https:\/\/radiorevelacionfm.cl\/index.php?rest_route=\/wp\/v2\/media\/17498"}],"wp:attachment":[{"href":"https:\/\/radiorevelacionfm.cl\/index.php?rest_route=%2Fwp%2Fv2%2Fmedia&parent=17497"}],"wp:term":[{"taxonomy":"category","embeddable":true,"href":"https:\/\/radiorevelacionfm.cl\/index.php?rest_route=%2Fwp%2Fv2%2Fcategories&post=17497"},{"taxonomy":"post_tag","embeddable":true,"href":"https:\/\/radiorevelacionfm.cl\/index.php?rest_route=%2Fwp%2Fv2%2Ftags&post=17497"}],"curies":[{"name":"wp","href":"https:\/\/api.w.org\/{rel}","templated":true}]}}