{"id":17485,"date":"2022-06-02T09:57:45","date_gmt":"2022-06-02T12:57:45","guid":{"rendered":"https:\/\/radiorevelacionfm.cl\/?p=17485"},"modified":"2022-06-02T09:57:45","modified_gmt":"2022-06-02T12:57:45","slug":"con-la-constitucion-de-5-subcomisiones-avanza-el-trabajo-de-la-comision-coordinadora-de-proteccion-regional-de-la-ninez-y-adolescencia","status":"publish","type":"post","link":"https:\/\/radiorevelacionfm.cl\/?p=17485","title":{"rendered":"Con la constituci\u00f3n de 5 subcomisiones avanza el trabajo de la comisi\u00f3n coordinadora de protecci\u00f3n regional de la Ni\u00f1ez y Adolescencia"},"content":{"rendered":"<div class=\"flex_column av_one_full  flex_column_div av-zero-column-padding first  avia-builder-el-0  el_before_av_one_full  avia-builder-el-first  \" style='border-radius:0px; '><div  class='avia-image-container  av-styling-    avia-builder-el-1  avia-builder-el-no-sibling  avia-align-center '  itemprop=\"image\" itemscope=\"itemscope\" itemtype=\"https:\/\/schema.org\/ImageObject\"  ><div class='avia-image-container-inner'><div class='avia-image-overlay-wrap'><img decoding=\"async\" class='wp-image-17487 avia-img-lazy-loading-not-17487 avia_image' src=\"https:\/\/radiorevelacionfm.cl\/wp-content\/uploads\/2022\/06\/img_1588-1_optimized.jpg\" alt='' title='img_1588-(1)_optimized' height=\"600\" width=\"800\"  itemprop=\"thumbnailUrl\" srcset=\"https:\/\/radiorevelacionfm.cl\/wp-content\/uploads\/2022\/06\/img_1588-1_optimized.jpg 800w, https:\/\/radiorevelacionfm.cl\/wp-content\/uploads\/2022\/06\/img_1588-1_optimized-300x225.jpg 300w, https:\/\/radiorevelacionfm.cl\/wp-content\/uploads\/2022\/06\/img_1588-1_optimized-768x576.jpg 768w, https:\/\/radiorevelacionfm.cl\/wp-content\/uploads\/2022\/06\/img_1588-1_optimized-705x529.jpg 705w, https:\/\/radiorevelacionfm.cl\/wp-content\/uploads\/2022\/06\/img_1588-1_optimized-600x450.jpg 600w\" sizes=\"(max-width: 800px) 100vw, 800px\" \/><\/div><\/div><\/div><\/div><div class=\"flex_column av_one_full  flex_column_div av-zero-column-padding first  avia-builder-el-2  el_after_av_one_full  el_before_av_one_full  column-top-margin\" style='border-radius:0px; '><section class=\"av_textblock_section \"  itemscope=\"itemscope\" itemtype=\"https:\/\/schema.org\/BlogPosting\" itemprop=\"blogPost\" ><div class='avia_textblock  '   itemprop=\"text\" ><p style=\"text-align: center;\"><strong><span style=\"font-size: 18pt;\">Con la constituci\u00f3n de 5 subcomisiones avanza el trabajo de la comisi\u00f3n coordinadora de protecci\u00f3n regional de la Ni\u00f1ez y Adolescencia<\/span><\/strong><\/p>\n<div id=\"gtx-trans\" style=\"position: absolute; left: -50px; top: 4.31534px;\">\n<div class=\"gtx-trans-icon\"><\/div>\n<\/div>\n<\/div><\/section><\/div><div class=\"flex_column av_one_full  flex_column_div av-zero-column-padding first  avia-builder-el-4  el_after_av_one_full  el_before_av_hr  column-top-margin\" style='border-radius:0px; '><section class=\"av_textblock_section \"  itemscope=\"itemscope\" itemtype=\"https:\/\/schema.org\/BlogPosting\" itemprop=\"blogPost\" ><div class='avia_textblock  '   itemprop=\"text\" ><p class=\"v1MsoNormal\" style=\"text-align: justify;\"><span lang=\"ES\">La seremi de Desarrollo Social y Familia, Karina Acevedo Auad, junto al director regional de Mejor Ni\u00f1ez Ays\u00e9n, Sergio Becerra Mera, encabezaron la quinta sesi\u00f3n de la Comisi\u00f3n Coordinadora de Protecci\u00f3n de la Ni\u00f1ez y Adolescencia de la regi\u00f3n de Ays\u00e9n.<\/span><\/p>\n<p class=\"v1MsoNormal\" style=\"text-align: justify;\"><span lang=\"ES\">La quinta sesi\u00f3n de este a\u00f1o, y la octava desde que se cre\u00f3 el servicio Mejor Ni\u00f1ez, se llev\u00f3 a cabo el martes 31 de mayo, contando con la presencia de seremis y directores regionales, adem\u00e1s de otras instituciones invitadas especialmente para conocer el trabajo que realiza esta comisi\u00f3n.<\/span><\/p>\n<p class=\"v1MsoNormal\" style=\"text-align: justify;\"><span lang=\"ES\">Seg\u00fan destac\u00f3 la seremi\u00a0<\/span>de Desarrollo Social y Familia, Karina Acevedo Auad, qui\u00e9n preside la comisi\u00f3n, en esta quinta sesi\u00f3n lo que hicieron \u201ces llamarnos al orden; al compromiso social y personal con respecto a lo que estamos realizando en esta comisi\u00f3n. En ella hay grandes decisiones que tomar y aportar en la protecci\u00f3n y cuidado de los ni\u00f1os, ni\u00f1as y adolescentes en la regi\u00f3n de Ays\u00e9n\u201d.<\/p>\n<p class=\"v1MsoNormal\" style=\"text-align: justify;\">\u201cEsta es una comisi\u00f3n que tiene un desaf\u00edo a nivel nacional y regional, por supuesto, porque damos cuenta al presidente de los avances y los logros que se realizan ac\u00e1, y de c\u00f3mo cada una de las instituciones que est\u00e1n representadas en esta coordinaci\u00f3n van a influir en los derechos de los ni\u00f1os, ni\u00f1as y adolescentes; en quienes estamos en protecci\u00f3n y quienes estamos en promoci\u00f3n. Es el antes y el despu\u00e9s del trabajo con los ni\u00f1os y el cuidado en la regi\u00f3n de Ays\u00e9n\u201d, puntualiz\u00f3 la seremi.<\/p>\n<p class=\"v1MsoNormal\" style=\"text-align: justify;\">En la misma l\u00ednea, y relevando el car\u00e1cter vinculante de los acuerdos tomados en la comisi\u00f3n, el director de Mejor Ni\u00f1ez, Sergio Becerra Mera, destac\u00f3 el acuerdo tomado en esta comisi\u00f3n y donde los comisionados presentes acordaron trabajar en 5 subcomisiones: de Salud Integral, de Educaci\u00f3n, Desarrollo Social, Relaciones Internacionales y Migraciones, y por \u00faltimo la subcomisi\u00f3n de G\u00e9nero y diversidades sexo gen\u00e9ricas.<\/p>\n<p class=\"v1MsoNormal\" style=\"text-align: justify;\">El director agradeci\u00f3 \u201cel trabajo de los comisionados durante estos 8 primeros meses desde la entrada en vigencia de Mejor Ni\u00f1ez\u201d, poniendo especial hincapi\u00e9 en \u201clos avances que un abordaje multidisciplinario, coordinado entre los distintos \u00f3rganos de administraci\u00f3n del Estado, pueden lograr en torno a\u00a0 la protecci\u00f3n, restituci\u00f3n y reparaci\u00f3n al da\u00f1o de los ni\u00f1os, ni\u00f1as y adolescentes gravemente amenazados o vulnerados, poni\u00e9ndolos efectivamente en el centro de nuestro actuar junto a sus familias: nuestra principal misi\u00f3n.\u201d<\/p>\n<p class=\"v1MsoNormal\" style=\"text-align: justify;\">Es importante recordar que la Comisi\u00f3n Coordinadora de Protecci\u00f3n qued\u00f3 establecida por la Ley N\u00ba 21.302 en su art\u00edculo 17, a prop\u00f3sito del mandato que establece la Ley de Garant\u00edas a todos los \u00f3rganos de la administraci\u00f3n del Estado que forman parte del Sistema de Garant\u00edas y Protecci\u00f3n Integral de los derechos de las ni\u00f1as, ni\u00f1os y adolescentes.<\/p>\n<\/div><\/section><\/div><div  style='height:50px' class='hr hr-invisible   avia-builder-el-6  el_after_av_one_full  el_before_av_social_share '><span class='hr-inner ' ><span class='hr-inner-style'><\/span><\/span><\/div><\/p>\n<div  class='av-social-sharing-box  avia-builder-el-7  el_after_av_hr  el_before_av_hr  '><div class='av-share-box'><h5 class='av-share-link-description av-no-toc '>Compartir esta noticia<\/h5><ul class='av-share-box-list noLightbox'><li class='av-share-link av-social-link-facebook' ><a target=\"_blank\" aria-label=\"Compartir en Facebook\" href='https:\/\/www.facebook.com\/sharer.php?u=https:\/\/radiorevelacionfm.cl\/?p=17485&#038;t=Con%20la%20constituci%C3%B3n%20de%205%20subcomisiones%20avanza%20el%20trabajo%20de%20la%20comisi%C3%B3n%20coordinadora%20de%20protecci%C3%B3n%20regional%20de%20la%20Ni%C3%B1ez%20y%20Adolescencia' aria-hidden='false' data-av_icon='\ue8f3' data-av_iconfont='entypo-fontello' title='' data-avia-related-tooltip='Compartir en Facebook' rel=\"noopener\"><span class='avia_hidden_link_text'>Compartir en Facebook<\/span><\/a><\/li><li class='av-share-link av-social-link-twitter' ><a target=\"_blank\" aria-label=\"Compartir en Twitter\" href='https:\/\/twitter.com\/share?text=Con%20la%20constituci%C3%B3n%20de%205%20subcomisiones%20avanza%20el%20trabajo%20de%20la%20comisi%C3%B3n%20coordinadora%20de%20protecci%C3%B3n%20regional%20de%20la%20Ni%C3%B1ez%20y%20Adolescencia&#038;url=https:\/\/radiorevelacionfm.cl\/?p=17485' aria-hidden='false' data-av_icon='\ue8f1' data-av_iconfont='entypo-fontello' title='' data-avia-related-tooltip='Compartir en Twitter' rel=\"noopener\"><span class='avia_hidden_link_text'>Compartir en Twitter<\/span><\/a><\/li><li class='av-share-link av-social-link-whatsapp' ><a target=\"_blank\" aria-label=\"Compartir en Whatsapp\" href='https:\/\/api.whatsapp.com\/send?text=https:\/\/radiorevelacionfm.cl\/?p=17485' aria-hidden='false' data-av_icon='\uf232' data-av_iconfont='entypo-fontello' title='' data-avia-related-tooltip='Compartir en Whatsapp' rel=\"noopener\"><span class='avia_hidden_link_text'>Compartir en Whatsapp<\/span><\/a><\/li><li class='av-share-link av-social-link-linkedin' ><a target=\"_blank\" aria-label=\"Compartir en LinkedIn\" href='https:\/\/linkedin.com\/shareArticle?mini=true&#038;title=Con%20la%20constituci%C3%B3n%20de%205%20subcomisiones%20avanza%20el%20trabajo%20de%20la%20comisi%C3%B3n%20coordinadora%20de%20protecci%C3%B3n%20regional%20de%20la%20Ni%C3%B1ez%20y%20Adolescencia&#038;url=https:\/\/radiorevelacionfm.cl\/?p=17485' aria-hidden='false' data-av_icon='\ue8fc' data-av_iconfont='entypo-fontello' title='' data-avia-related-tooltip='Compartir en LinkedIn' rel=\"noopener\"><span class='avia_hidden_link_text'>Compartir en LinkedIn<\/span><\/a><\/li><li class='av-share-link av-social-link-mail' ><a  aria-label=\"Compartir por correo\" href='mailto:?subject=Con%20la%20constituci%C3%B3n%20de%205%20subcomisiones%20avanza%20el%20trabajo%20de%20la%20comisi%C3%B3n%20coordinadora%20de%20protecci%C3%B3n%20regional%20de%20la%20Ni%C3%B1ez%20y%20Adolescencia&#038;body=https:\/\/radiorevelacionfm.cl\/?p=17485' aria-hidden='false' data-av_icon='\ue805' data-av_iconfont='entypo-fontello' title='' data-avia-related-tooltip='Compartir por correo'><span class='avia_hidden_link_text'>Compartir por correo<\/span><\/a><\/li><\/ul><\/div><\/div>\n<div  style='height:50px' class='hr hr-invisible   avia-builder-el-8  el_after_av_social_share  el_before_av_comments_list '><span class='hr-inner ' ><span class='hr-inner-style'><\/span><\/span><\/div>\n<div  class='av-buildercomment  av-blog-meta-html-info-disabled av-blog-meta-tag-disabled  '><\/div>\n","protected":false},"excerpt":{"rendered":"","protected":false},"author":1,"featured_media":17487,"comment_status":"open","ping_status":"open","sticky":false,"template":"","format":"standard","meta":{"footnotes":""},"categories":[38],"tags":[],"class_list":["post-17485","post","type-post","status-publish","format-standard","has-post-thumbnail","hentry","category-regional"],"jetpack_featured_media_url":"https:\/\/radiorevelacionfm.cl\/wp-content\/uploads\/2022\/06\/img_1588-1_optimized.jpg","_links":{"self":[{"href":"https:\/\/radiorevelacionfm.cl\/index.php?rest_route=\/wp\/v2\/posts\/17485","targetHints":{"allow":["GET"]}}],"collection":[{"href":"https:\/\/radiorevelacionfm.cl\/index.php?rest_route=\/wp\/v2\/posts"}],"about":[{"href":"https:\/\/radiorevelacionfm.cl\/index.php?rest_route=\/wp\/v2\/types\/post"}],"author":[{"embeddable":true,"href":"https:\/\/radiorevelacionfm.cl\/index.php?rest_route=\/wp\/v2\/users\/1"}],"replies":[{"embeddable":true,"href":"https:\/\/radiorevelacionfm.cl\/index.php?rest_route=%2Fwp%2Fv2%2Fcomments&post=17485"}],"version-history":[{"count":2,"href":"https:\/\/radiorevelacionfm.cl\/index.php?rest_route=\/wp\/v2\/posts\/17485\/revisions"}],"predecessor-version":[{"id":17496,"href":"https:\/\/radiorevelacionfm.cl\/index.php?rest_route=\/wp\/v2\/posts\/17485\/revisions\/17496"}],"wp:featuredmedia":[{"embeddable":true,"href":"https:\/\/radiorevelacionfm.cl\/index.php?rest_route=\/wp\/v2\/media\/17487"}],"wp:attachment":[{"href":"https:\/\/radiorevelacionfm.cl\/index.php?rest_route=%2Fwp%2Fv2%2Fmedia&parent=17485"}],"wp:term":[{"taxonomy":"category","embeddable":true,"href":"https:\/\/radiorevelacionfm.cl\/index.php?rest_route=%2Fwp%2Fv2%2Fcategories&post=17485"},{"taxonomy":"post_tag","embeddable":true,"href":"https:\/\/radiorevelacionfm.cl\/index.php?rest_route=%2Fwp%2Fv2%2Ftags&post=17485"}],"curies":[{"name":"wp","href":"https:\/\/api.w.org\/{rel}","templated":true}]}}