{"id":17481,"date":"2022-06-01T19:59:54","date_gmt":"2022-06-01T22:59:54","guid":{"rendered":"https:\/\/radiorevelacionfm.cl\/?p=17481"},"modified":"2022-06-01T19:59:54","modified_gmt":"2022-06-01T22:59:54","slug":"nueve-mil-personas-se-verian-afectadas-por-bloqueo-de-sus-pases-de-movilidad-en-aysen","status":"publish","type":"post","link":"https:\/\/radiorevelacionfm.cl\/?p=17481","title":{"rendered":"Nueve mil personas se ver\u00edan afectadas por bloqueo de sus pases de movilidad en Ays\u00e9n"},"content":{"rendered":"<div class=\"flex_column av_one_full  flex_column_div av-zero-column-padding first  avia-builder-el-0  el_before_av_one_full  avia-builder-el-first  \" style='border-radius:0px; '><div  class='avia-image-container  av-styling-    avia-builder-el-1  avia-builder-el-no-sibling  avia-align-center '  itemprop=\"image\" itemscope=\"itemscope\" itemtype=\"https:\/\/schema.org\/ImageObject\"  ><div class='avia-image-container-inner'><div class='avia-image-overlay-wrap'><img decoding=\"async\" class='wp-image-17482 avia-img-lazy-loading-not-17482 avia_image' src=\"https:\/\/radiorevelacionfm.cl\/wp-content\/uploads\/2022\/06\/foto-pase-movilidad-1-1.jpeg\" alt='' title='foto pase movilidad (1) (1)' height=\"600\" width=\"800\"  itemprop=\"thumbnailUrl\" srcset=\"https:\/\/radiorevelacionfm.cl\/wp-content\/uploads\/2022\/06\/foto-pase-movilidad-1-1.jpeg 800w, https:\/\/radiorevelacionfm.cl\/wp-content\/uploads\/2022\/06\/foto-pase-movilidad-1-1-300x225.jpeg 300w, https:\/\/radiorevelacionfm.cl\/wp-content\/uploads\/2022\/06\/foto-pase-movilidad-1-1-768x576.jpeg 768w, https:\/\/radiorevelacionfm.cl\/wp-content\/uploads\/2022\/06\/foto-pase-movilidad-1-1-705x529.jpeg 705w, https:\/\/radiorevelacionfm.cl\/wp-content\/uploads\/2022\/06\/foto-pase-movilidad-1-1-600x450.jpeg 600w\" sizes=\"(max-width: 800px) 100vw, 800px\" \/><\/div><\/div><\/div><\/div><div class=\"flex_column av_one_full  flex_column_div av-zero-column-padding first  avia-builder-el-2  el_after_av_one_full  el_before_av_one_full  column-top-margin\" style='border-radius:0px; '><section class=\"av_textblock_section \"  itemscope=\"itemscope\" itemtype=\"https:\/\/schema.org\/BlogPosting\" itemprop=\"blogPost\" ><div class='avia_textblock  '   itemprop=\"text\" ><p style=\"text-align: center;\"><strong><span style=\"font-size: 18pt;\">Nueve mil personas se ver\u00edan afectadas por bloqueo de sus pases de movilidad en Ays\u00e9n<\/span><\/strong><\/p>\n<div id=\"gtx-trans\" style=\"position: absolute; left: -50px; top: 4.31534px;\">\n<div class=\"gtx-trans-icon\"><\/div>\n<\/div>\n<\/div><\/section><\/div><div class=\"flex_column av_one_full  flex_column_div av-zero-column-padding first  avia-builder-el-4  el_after_av_one_full  el_before_av_hr  column-top-margin\" style='border-radius:0px; '><section class=\"av_textblock_section \"  itemscope=\"itemscope\" itemtype=\"https:\/\/schema.org\/BlogPosting\" itemprop=\"blogPost\" ><div class='avia_textblock  '   itemprop=\"text\" ><p style=\"text-align: justify;\">Este mi\u00e9rcoles 01 de junio, comenz\u00f3 el proceso de bloqueo a los pases de movilidad para todas aquellas personas que no cuenten con la segunda dosis de refuerzo (4\u00b0 vacuna) transcurridos seis meses desde su \u00faltima vacunaci\u00f3n.\u00a0 Situaci\u00f3n que en la regi\u00f3n de Ays\u00e9n, comprende a 9 mil personas que, con m\u00e1s de 12 a\u00f1os de edad, a\u00fan no completan su esquema de vacunaci\u00f3n para coronavirus.<\/p>\n<p style=\"text-align: justify;\">La informaci\u00f3n la dio a conocer la Encargada del Programa de Inmunizaci\u00f3n, Sany Ojeda \u00c1lvarez, quien entreg\u00f3 m\u00e1s antecedentes.\u00a0 \u201cA nivel regional, contamos con 9 mil personas que a\u00fan no acuden a los centros de vacunaci\u00f3n para completar su esquema de inmunizaci\u00f3n, concentr\u00e1ndose esta poblaci\u00f3n en las comunas de Coyhaique con 4 mil 704 personas y Ays\u00e9n, con 2 mil 70 usuarios que a\u00fan no reciben su cuarta dosis contra el COVID-19. Situaci\u00f3n que esperamos sea revertida en las pr\u00f3ximas semanas, ya que a nivel regional los equipos de salud mantienen habilitados puntos de vacunaci\u00f3n en todas las comunas, por lo que solo se requiere el compromiso de nuestros usuarios para que accedan a este proceso que solo busca resguardar la salud individual y familiar de nuestras comunidades\u201d.<\/p>\n<p style=\"text-align: justify;\">En este sentido, la Seremi de Salud Ays\u00e9n, Carmen Monsalve G\u00f3mez, junto con reiterar el llamado a vacunaci\u00f3n, recalc\u00f3 la importancia de este proceso para evitar el aumento de enfermedades respiratorias en la regi\u00f3n. \u201cM\u00e1s all\u00e1 del bloqueo para 9 mil pases de movilidad, lo importante es que tenemos 9 mil personas que a\u00fan no completan su esquema de vacunaci\u00f3n contra el COVID-19, una situaci\u00f3n que pone en alerta a los sistemas de salud considerando que este proceso de vacunaci\u00f3n nos permite elevar el sistema inmunol\u00f3gico de las familias de Ays\u00e9n, considerando la llegada de las bajas temperaturas, el aumento de virus circulantes y la calidad del aire; elementos que pueden incidir directamente en la salud de nuestras comunidades a trav\u00e9s del aumento de consultas m\u00e9dicas por enfermedades respiratorias, por lo que reiteramos la importancia de que las personas completen sus vacunas, as\u00ed no solo cuidan su salud, sino que tambi\u00e9n la de sus familias y de todos quienes los rodean.\u00a0 Para avanzar en esta materia, hemos implementado estrategias de vacunaci\u00f3n especiales que han incluido extender los horarios y d\u00edas de los vacunatorios, donde hoy junto al Servicio de Salud Ays\u00e9n, estamos presentes en las juntas de vecinos y puntos espec\u00edficos de atenci\u00f3n los cuales est\u00e1n activos de lunes a domingo, y que se pueden conocer a trav\u00e9s de nuestras redes sociales y medios de comunicaci\u00f3n\u201d.<\/p>\n<p style=\"text-align: justify;\">Las cifras de esquemas incompletos para el resto de la regi\u00f3n se desglosa de la siguiente manera: Lago Verde (131), Cisnes (493), Guaitecas (181), Cochrane (328), O\u201dHiggins (180), Tortel (53), Chile Chico (560) e Ib\u00e1\u00f1ez (301).<\/p>\n<\/div><\/section><\/div><div  style='height:50px' class='hr hr-invisible   avia-builder-el-6  el_after_av_one_full  el_before_av_social_share '><span class='hr-inner ' ><span class='hr-inner-style'><\/span><\/span><\/div><\/p>\n<div  class='av-social-sharing-box  avia-builder-el-7  el_after_av_hr  el_before_av_hr  '><div class='av-share-box'><h5 class='av-share-link-description av-no-toc '>Compartir esta noticia<\/h5><ul class='av-share-box-list noLightbox'><li class='av-share-link av-social-link-facebook' ><a target=\"_blank\" aria-label=\"Compartir en Facebook\" href='https:\/\/www.facebook.com\/sharer.php?u=https:\/\/radiorevelacionfm.cl\/?p=17481&#038;t=Nueve%20mil%20personas%20se%20ver%C3%ADan%20afectadas%20por%20bloqueo%20de%20sus%20pases%20de%20movilidad%20en%20Ays%C3%A9n' aria-hidden='false' data-av_icon='\ue8f3' data-av_iconfont='entypo-fontello' title='' data-avia-related-tooltip='Compartir en Facebook' rel=\"noopener\"><span class='avia_hidden_link_text'>Compartir en Facebook<\/span><\/a><\/li><li class='av-share-link av-social-link-twitter' ><a target=\"_blank\" aria-label=\"Compartir en Twitter\" href='https:\/\/twitter.com\/share?text=Nueve%20mil%20personas%20se%20ver%C3%ADan%20afectadas%20por%20bloqueo%20de%20sus%20pases%20de%20movilidad%20en%20Ays%C3%A9n&#038;url=https:\/\/radiorevelacionfm.cl\/?p=17481' aria-hidden='false' data-av_icon='\ue8f1' data-av_iconfont='entypo-fontello' title='' data-avia-related-tooltip='Compartir en Twitter' rel=\"noopener\"><span class='avia_hidden_link_text'>Compartir en Twitter<\/span><\/a><\/li><li class='av-share-link av-social-link-whatsapp' ><a target=\"_blank\" aria-label=\"Compartir en Whatsapp\" href='https:\/\/api.whatsapp.com\/send?text=https:\/\/radiorevelacionfm.cl\/?p=17481' aria-hidden='false' data-av_icon='\uf232' data-av_iconfont='entypo-fontello' title='' data-avia-related-tooltip='Compartir en Whatsapp' rel=\"noopener\"><span class='avia_hidden_link_text'>Compartir en Whatsapp<\/span><\/a><\/li><li class='av-share-link av-social-link-linkedin' ><a target=\"_blank\" aria-label=\"Compartir en LinkedIn\" href='https:\/\/linkedin.com\/shareArticle?mini=true&#038;title=Nueve%20mil%20personas%20se%20ver%C3%ADan%20afectadas%20por%20bloqueo%20de%20sus%20pases%20de%20movilidad%20en%20Ays%C3%A9n&#038;url=https:\/\/radiorevelacionfm.cl\/?p=17481' aria-hidden='false' data-av_icon='\ue8fc' data-av_iconfont='entypo-fontello' title='' data-avia-related-tooltip='Compartir en LinkedIn' rel=\"noopener\"><span class='avia_hidden_link_text'>Compartir en LinkedIn<\/span><\/a><\/li><li class='av-share-link av-social-link-mail' ><a  aria-label=\"Compartir por correo\" href='mailto:?subject=Nueve%20mil%20personas%20se%20ver%C3%ADan%20afectadas%20por%20bloqueo%20de%20sus%20pases%20de%20movilidad%20en%20Ays%C3%A9n&#038;body=https:\/\/radiorevelacionfm.cl\/?p=17481' aria-hidden='false' data-av_icon='\ue805' data-av_iconfont='entypo-fontello' title='' data-avia-related-tooltip='Compartir por correo'><span class='avia_hidden_link_text'>Compartir por correo<\/span><\/a><\/li><\/ul><\/div><\/div>\n<div  style='height:50px' class='hr hr-invisible   avia-builder-el-8  el_after_av_social_share  el_before_av_comments_list '><span class='hr-inner ' ><span class='hr-inner-style'><\/span><\/span><\/div>\n<div  class='av-buildercomment  av-blog-meta-html-info-disabled av-blog-meta-tag-disabled  '><\/div>\n","protected":false},"excerpt":{"rendered":"","protected":false},"author":1,"featured_media":17482,"comment_status":"open","ping_status":"open","sticky":false,"template":"","format":"standard","meta":{"footnotes":""},"categories":[46],"tags":[],"class_list":["post-17481","post","type-post","status-publish","format-standard","has-post-thumbnail","hentry","category-salud"],"jetpack_featured_media_url":"https:\/\/radiorevelacionfm.cl\/wp-content\/uploads\/2022\/06\/foto-pase-movilidad-1-1.jpeg","_links":{"self":[{"href":"https:\/\/radiorevelacionfm.cl\/index.php?rest_route=\/wp\/v2\/posts\/17481","targetHints":{"allow":["GET"]}}],"collection":[{"href":"https:\/\/radiorevelacionfm.cl\/index.php?rest_route=\/wp\/v2\/posts"}],"about":[{"href":"https:\/\/radiorevelacionfm.cl\/index.php?rest_route=\/wp\/v2\/types\/post"}],"author":[{"embeddable":true,"href":"https:\/\/radiorevelacionfm.cl\/index.php?rest_route=\/wp\/v2\/users\/1"}],"replies":[{"embeddable":true,"href":"https:\/\/radiorevelacionfm.cl\/index.php?rest_route=%2Fwp%2Fv2%2Fcomments&post=17481"}],"version-history":[{"count":2,"href":"https:\/\/radiorevelacionfm.cl\/index.php?rest_route=\/wp\/v2\/posts\/17481\/revisions"}],"predecessor-version":[{"id":17484,"href":"https:\/\/radiorevelacionfm.cl\/index.php?rest_route=\/wp\/v2\/posts\/17481\/revisions\/17484"}],"wp:featuredmedia":[{"embeddable":true,"href":"https:\/\/radiorevelacionfm.cl\/index.php?rest_route=\/wp\/v2\/media\/17482"}],"wp:attachment":[{"href":"https:\/\/radiorevelacionfm.cl\/index.php?rest_route=%2Fwp%2Fv2%2Fmedia&parent=17481"}],"wp:term":[{"taxonomy":"category","embeddable":true,"href":"https:\/\/radiorevelacionfm.cl\/index.php?rest_route=%2Fwp%2Fv2%2Fcategories&post=17481"},{"taxonomy":"post_tag","embeddable":true,"href":"https:\/\/radiorevelacionfm.cl\/index.php?rest_route=%2Fwp%2Fv2%2Ftags&post=17481"}],"curies":[{"name":"wp","href":"https:\/\/api.w.org\/{rel}","templated":true}]}}