{"id":17478,"date":"2022-06-02T12:06:46","date_gmt":"2022-06-02T15:06:46","guid":{"rendered":"https:\/\/radiorevelacionfm.cl\/?p=17478"},"modified":"2022-06-02T12:06:46","modified_gmt":"2022-06-02T15:06:46","slug":"cuenta-publica-ssa-seguimos-trabajando-aprendiendo-junto-a-nuestros-usuarios-y-con-muchas-tareas-para-este-ano-2022","status":"publish","type":"post","link":"https:\/\/radiorevelacionfm.cl\/?p=17478","title":{"rendered":"Cuenta P\u00fablica SSA: \u201cSeguimos trabajando, aprendiendo junto a nuestros usuarios y con muchas tareas para este a\u00f1o 2022\u201d"},"content":{"rendered":"<div class=\"flex_column av_one_full  flex_column_div av-zero-column-padding first  avia-builder-el-0  el_before_av_one_full  avia-builder-el-first  \" style='border-radius:0px; '><div  class='avia-image-container  av-styling-    avia-builder-el-1  avia-builder-el-no-sibling  avia-align-center '  itemprop=\"image\" itemscope=\"itemscope\" itemtype=\"https:\/\/schema.org\/ImageObject\"  ><div class='avia-image-container-inner'><div class='avia-image-overlay-wrap'><img decoding=\"async\" class='wp-image-17479 avia-img-lazy-loading-not-17479 avia_image' src=\"https:\/\/radiorevelacionfm.cl\/wp-content\/uploads\/2022\/06\/CUENTA-PUBLICA-SSA-1-1-1-1.jpg\" alt='' title='CUENTA P\u00daBLICA SSA (1) (1) (1) (1)' height=\"600\" width=\"1072\"  itemprop=\"thumbnailUrl\" srcset=\"https:\/\/radiorevelacionfm.cl\/wp-content\/uploads\/2022\/06\/CUENTA-PUBLICA-SSA-1-1-1-1.jpg 1072w, https:\/\/radiorevelacionfm.cl\/wp-content\/uploads\/2022\/06\/CUENTA-PUBLICA-SSA-1-1-1-1-300x168.jpg 300w, https:\/\/radiorevelacionfm.cl\/wp-content\/uploads\/2022\/06\/CUENTA-PUBLICA-SSA-1-1-1-1-1030x576.jpg 1030w, https:\/\/radiorevelacionfm.cl\/wp-content\/uploads\/2022\/06\/CUENTA-PUBLICA-SSA-1-1-1-1-768x430.jpg 768w, https:\/\/radiorevelacionfm.cl\/wp-content\/uploads\/2022\/06\/CUENTA-PUBLICA-SSA-1-1-1-1-705x395.jpg 705w, https:\/\/radiorevelacionfm.cl\/wp-content\/uploads\/2022\/06\/CUENTA-PUBLICA-SSA-1-1-1-1-600x336.jpg 600w\" sizes=\"(max-width: 1072px) 100vw, 1072px\" \/><\/div><\/div><\/div><\/div><div class=\"flex_column av_one_full  flex_column_div av-zero-column-padding first  avia-builder-el-2  el_after_av_one_full  el_before_av_one_full  column-top-margin\" style='border-radius:0px; '><section class=\"av_textblock_section \"  itemscope=\"itemscope\" itemtype=\"https:\/\/schema.org\/BlogPosting\" itemprop=\"blogPost\" ><div class='avia_textblock  '   itemprop=\"text\" ><p style=\"text-align: center;\"><span style=\"font-size: 18pt;\"><b>Cuenta P\u00fablica SSA: \u201cSeguimos trabajando, aprendiendo junto a nuestros usuarios y con muchas tareas para este a\u00f1o 2022\u201d<\/b><\/span><\/p>\n<div id=\"gtx-trans\" style=\"position: absolute; left: -50px; top: 4.31534px;\">\n<div class=\"gtx-trans-icon\"><\/div>\n<\/div>\n<\/div><\/section><\/div><div class=\"flex_column av_one_full  flex_column_div av-zero-column-padding first  avia-builder-el-4  el_after_av_one_full  el_before_av_hr  column-top-margin\" style='border-radius:0px; '><section class=\"av_textblock_section \"  itemscope=\"itemscope\" itemtype=\"https:\/\/schema.org\/BlogPosting\" itemprop=\"blogPost\" ><div class='avia_textblock  '   itemprop=\"text\" ><p style=\"font-weight: 400; text-align: justify;\">Una maciza cuenta p\u00fablica realiz\u00f3 el Servicio de Salud Ays\u00e9n (SSA), instancia anual donde la instituci\u00f3n dependiente de la Subsecretar\u00eda de Redes Asistenciales, da a conocer los principales hitos del \u00faltimo a\u00f1o y proyecta el trabajo que desplegar\u00e1 en los meses siguientes.<\/p>\n<p style=\"font-weight: 400; text-align: justify;\">En este sentido el director del SSA, Gabriel Burgos, expres\u00f3 que \u00abpara nosotros como servicio de salud es muy importante mantenernos en permanente contacto con la comunidad y las cuentas p\u00fablicas son para eso, para genera un di\u00e1logo entre las instituciones y la ciudadan\u00eda, donde informamos de nuestra gesti\u00f3n y a la vez, la comunidad ejerce el necesario control social sobre nuestras acciones. Este a\u00f1o subrayamos el gran trabajo de nuestros funcionarios y funcionarias en medio de un contexto complejo, el proceso de vacunaci\u00f3n, las diversas obras que se ejecutaron y otras en plena ejecuci\u00f3n y que tienen como fin mejorar la calidad de atenci\u00f3n a las personas que se atienden en la red de salud p\u00fablica. Sin duda, seguimos trabajando, aprendiendo junto a nuestros usuarios y con muchas tareas para este a\u00f1o 2022\u00bb, puntualiz\u00f3 el directivo.<\/p>\n<p style=\"font-weight: 400; text-align: justify;\">Para este a\u00f1o se espera la entrada en funcionamiento del resonador magn\u00e9tico, cuyos beneficiarios son la totalidad de la poblaci\u00f3n regional y que iniciar\u00e1 sus operaciones durante 2022, una demanda esperada por la comunidad. El resonador magn\u00e9tico es un equipo de \u00faltimo nivel tecnol\u00f3gico, tanto as\u00ed que es el segundo en instalarse en la red de hospitales p\u00fablicos del pa\u00eds.<\/p>\n<p style=\"font-weight: 400; text-align: justify;\">Con este equipamiento se podr\u00e1n obtener im\u00e1genes detalladas de \u00f3rganos y tejidos del cuerpo e im\u00e1genes 3D. es una forma no invasiva para que especialistas examine \u00f3rganos, tejidos y sistema esquel\u00e9tico, con proyecci\u00f3n de alta resoluci\u00f3n para diagnosticar problemas, aneurismas, esclerosis y tumores, entre otras.<\/p>\n<p style=\"font-weight: 400; text-align: justify;\">Mientras tanto en el plano nacional la administraci\u00f3n de Gabriel Boric prepara para este a\u00f1o una serie de reformas y cambios que pretenden mejorar el actual estado de la salud en Chile y que tiene su correlato regional. \u00a0\u201cEl gobierno del Presidente Gabriel Boric presentar\u00e1 un proyecto de ley para crear el fondo universal de salud, de car\u00e1cter solidario, con el fin de mejorar la atenci\u00f3n y el acceso a los servicios. En esa misma l\u00ednea, esperamos disminuir las listas de espera en las cirug\u00edas, muchas de las cuales se vieron postergadas por la pandemia. Estas medidas son parte de la proyecci\u00f3n del trabajo del servicio de salud Ays\u00e9n para este a\u00f1o 2022, que nos obliga a mejorar la calidad de la atenci\u00f3n en salud en todos sus niveles, ya que el estado debe garantizar este derecho humano. Esta cuenta p\u00fablica sirve para tener una hoja de ruta, planear y programar lo que se viene, con los objetivos claros y definidos\u201d, se\u00f1al\u00f3 por su parte Hern\u00e1n Barrientos, sub director de gesti\u00f3n asistencial.<\/p>\n<p style=\"font-weight: 400; text-align: justify;\">Mientras en el hospital de Puerto Ays\u00e9n entr\u00f3 en operaciones la sala de tomograf\u00eda, que permite la exploraci\u00f3n de fracturas, c\u00e1nceres, co\u00e1gulos de sangre, signos de enfermedades cardiacas y hemorragias internas, entre otras.<\/p>\n<p style=\"font-weight: 400; text-align: justify;\">Durante el a\u00f1o 2021 y proyecci\u00f3n del 2022 son varios los hitos de la red asistencial, que buscan mantener y mejorar el est\u00e1ndar de atenci\u00f3n en salud. Este a\u00f1o se continuar\u00e1 avanzando en el proyecto de normalizaci\u00f3n del hospital de Coyhaique, construcci\u00f3n del Hospital de Chile Chico, el centro de salud familiar en sector escuela agr\u00edcola y mejoramiento de postas de salud rural, la mayor\u00eda de estos proyectos en una alianza estrat\u00e9gica con el Gobierno Regional<\/p>\n<p style=\"font-weight: 400; text-align: justify;\">Cabe mencionar que en Chile las cuentas p\u00fablicas son participativas y tiene como fin canalizar la creciente demanda ciudadana en los asuntos p\u00fablicos. Es mandatada por la ley 20.500, y busca involucrar activamente a la ciudadan\u00eda.<\/p>\n<\/div><\/section><\/div><div  style='height:50px' class='hr hr-invisible   avia-builder-el-6  el_after_av_one_full  el_before_av_social_share '><span class='hr-inner ' ><span class='hr-inner-style'><\/span><\/span><\/div><\/p>\n<div  class='av-social-sharing-box  avia-builder-el-7  el_after_av_hr  el_before_av_hr  '><div class='av-share-box'><h5 class='av-share-link-description av-no-toc '>Compartir esta noticia<\/h5><ul class='av-share-box-list noLightbox'><li class='av-share-link av-social-link-facebook' ><a target=\"_blank\" aria-label=\"Compartir en Facebook\" href='https:\/\/www.facebook.com\/sharer.php?u=https:\/\/radiorevelacionfm.cl\/?p=17478&#038;t=Cuenta%20P%C3%BAblica%20SSA%3A%20%E2%80%9CSeguimos%20trabajando%2C%20aprendiendo%20junto%20a%20nuestros%20usuarios%20y%20con%20muchas%20tareas%20para%20este%20a%C3%B1o%202022%E2%80%9D' aria-hidden='false' data-av_icon='\ue8f3' data-av_iconfont='entypo-fontello' title='' data-avia-related-tooltip='Compartir en Facebook' rel=\"noopener\"><span class='avia_hidden_link_text'>Compartir en Facebook<\/span><\/a><\/li><li class='av-share-link av-social-link-twitter' ><a target=\"_blank\" aria-label=\"Compartir en Twitter\" href='https:\/\/twitter.com\/share?text=Cuenta%20P%C3%BAblica%20SSA%3A%20%E2%80%9CSeguimos%20trabajando%2C%20aprendiendo%20junto%20a%20nuestros%20usuarios%20y%20con%20muchas%20tareas%20para%20este%20a%C3%B1o%202022%E2%80%9D&#038;url=https:\/\/radiorevelacionfm.cl\/?p=17478' aria-hidden='false' data-av_icon='\ue8f1' data-av_iconfont='entypo-fontello' title='' data-avia-related-tooltip='Compartir en Twitter' rel=\"noopener\"><span class='avia_hidden_link_text'>Compartir en Twitter<\/span><\/a><\/li><li class='av-share-link av-social-link-whatsapp' ><a target=\"_blank\" aria-label=\"Compartir en Whatsapp\" href='https:\/\/api.whatsapp.com\/send?text=https:\/\/radiorevelacionfm.cl\/?p=17478' aria-hidden='false' data-av_icon='\uf232' data-av_iconfont='entypo-fontello' title='' data-avia-related-tooltip='Compartir en Whatsapp' rel=\"noopener\"><span class='avia_hidden_link_text'>Compartir en Whatsapp<\/span><\/a><\/li><li class='av-share-link av-social-link-linkedin' ><a target=\"_blank\" aria-label=\"Compartir en LinkedIn\" href='https:\/\/linkedin.com\/shareArticle?mini=true&#038;title=Cuenta%20P%C3%BAblica%20SSA%3A%20%E2%80%9CSeguimos%20trabajando%2C%20aprendiendo%20junto%20a%20nuestros%20usuarios%20y%20con%20muchas%20tareas%20para%20este%20a%C3%B1o%202022%E2%80%9D&#038;url=https:\/\/radiorevelacionfm.cl\/?p=17478' aria-hidden='false' data-av_icon='\ue8fc' data-av_iconfont='entypo-fontello' title='' data-avia-related-tooltip='Compartir en LinkedIn' rel=\"noopener\"><span class='avia_hidden_link_text'>Compartir en LinkedIn<\/span><\/a><\/li><li class='av-share-link av-social-link-mail' ><a  aria-label=\"Compartir por correo\" href='mailto:?subject=Cuenta%20P%C3%BAblica%20SSA%3A%20%E2%80%9CSeguimos%20trabajando%2C%20aprendiendo%20junto%20a%20nuestros%20usuarios%20y%20con%20muchas%20tareas%20para%20este%20a%C3%B1o%202022%E2%80%9D&#038;body=https:\/\/radiorevelacionfm.cl\/?p=17478' aria-hidden='false' data-av_icon='\ue805' data-av_iconfont='entypo-fontello' title='' data-avia-related-tooltip='Compartir por correo'><span class='avia_hidden_link_text'>Compartir por correo<\/span><\/a><\/li><\/ul><\/div><\/div>\n<div  style='height:50px' class='hr hr-invisible   avia-builder-el-8  el_after_av_social_share  el_before_av_comments_list '><span class='hr-inner ' ><span class='hr-inner-style'><\/span><\/span><\/div>\n<div  class='av-buildercomment  av-blog-meta-html-info-disabled av-blog-meta-tag-disabled  '><\/div>\n","protected":false},"excerpt":{"rendered":"","protected":false},"author":1,"featured_media":17479,"comment_status":"open","ping_status":"open","sticky":false,"template":"","format":"standard","meta":{"footnotes":""},"categories":[46],"tags":[],"class_list":["post-17478","post","type-post","status-publish","format-standard","has-post-thumbnail","hentry","category-salud"],"jetpack_featured_media_url":"https:\/\/radiorevelacionfm.cl\/wp-content\/uploads\/2022\/06\/CUENTA-PUBLICA-SSA-1-1-1-1.jpg","_links":{"self":[{"href":"https:\/\/radiorevelacionfm.cl\/index.php?rest_route=\/wp\/v2\/posts\/17478","targetHints":{"allow":["GET"]}}],"collection":[{"href":"https:\/\/radiorevelacionfm.cl\/index.php?rest_route=\/wp\/v2\/posts"}],"about":[{"href":"https:\/\/radiorevelacionfm.cl\/index.php?rest_route=\/wp\/v2\/types\/post"}],"author":[{"embeddable":true,"href":"https:\/\/radiorevelacionfm.cl\/index.php?rest_route=\/wp\/v2\/users\/1"}],"replies":[{"embeddable":true,"href":"https:\/\/radiorevelacionfm.cl\/index.php?rest_route=%2Fwp%2Fv2%2Fcomments&post=17478"}],"version-history":[{"count":2,"href":"https:\/\/radiorevelacionfm.cl\/index.php?rest_route=\/wp\/v2\/posts\/17478\/revisions"}],"predecessor-version":[{"id":17504,"href":"https:\/\/radiorevelacionfm.cl\/index.php?rest_route=\/wp\/v2\/posts\/17478\/revisions\/17504"}],"wp:featuredmedia":[{"embeddable":true,"href":"https:\/\/radiorevelacionfm.cl\/index.php?rest_route=\/wp\/v2\/media\/17479"}],"wp:attachment":[{"href":"https:\/\/radiorevelacionfm.cl\/index.php?rest_route=%2Fwp%2Fv2%2Fmedia&parent=17478"}],"wp:term":[{"taxonomy":"category","embeddable":true,"href":"https:\/\/radiorevelacionfm.cl\/index.php?rest_route=%2Fwp%2Fv2%2Fcategories&post=17478"},{"taxonomy":"post_tag","embeddable":true,"href":"https:\/\/radiorevelacionfm.cl\/index.php?rest_route=%2Fwp%2Fv2%2Ftags&post=17478"}],"curies":[{"name":"wp","href":"https:\/\/api.w.org\/{rel}","templated":true}]}}