{"id":17470,"date":"2022-06-02T09:43:07","date_gmt":"2022-06-02T12:43:07","guid":{"rendered":"https:\/\/radiorevelacionfm.cl\/?p=17470"},"modified":"2022-06-02T09:43:07","modified_gmt":"2022-06-02T12:43:07","slug":"senador-sandoval-mas-que-cuenta-publica-fue-una-propuesta-programatica-de-gobierno-para-estos-cuatro-anos","status":"publish","type":"post","link":"https:\/\/radiorevelacionfm.cl\/?p=17470","title":{"rendered":"Senador Sandoval: \u201cM\u00e1s que cuenta p\u00fablica, fue una propuesta program\u00e1tica de Gobierno para estos cuatro a\u00f1os\u201d"},"content":{"rendered":"<div class=\"flex_column av_one_full  flex_column_div av-zero-column-padding first  avia-builder-el-0  el_before_av_one_full  avia-builder-el-first  \" style='border-radius:0px; '><div  class='avia-image-container  av-styling-    avia-builder-el-1  avia-builder-el-no-sibling  avia-align-center '  itemprop=\"image\" itemscope=\"itemscope\" itemtype=\"https:\/\/schema.org\/ImageObject\"  ><div class='avia-image-container-inner'><div class='avia-image-overlay-wrap'><img decoding=\"async\" class='wp-image-17471 avia-img-lazy-loading-not-17471 avia_image' src=\"https:\/\/radiorevelacionfm.cl\/wp-content\/uploads\/2022\/06\/SENADOR-SANDOVAL-9-1-1.jpg\" alt='' title='SENADOR SANDOVAL (9) (1) (1)' height=\"600\" width=\"901\"  itemprop=\"thumbnailUrl\" srcset=\"https:\/\/radiorevelacionfm.cl\/wp-content\/uploads\/2022\/06\/SENADOR-SANDOVAL-9-1-1.jpg 901w, https:\/\/radiorevelacionfm.cl\/wp-content\/uploads\/2022\/06\/SENADOR-SANDOVAL-9-1-1-300x200.jpg 300w, https:\/\/radiorevelacionfm.cl\/wp-content\/uploads\/2022\/06\/SENADOR-SANDOVAL-9-1-1-768x511.jpg 768w, https:\/\/radiorevelacionfm.cl\/wp-content\/uploads\/2022\/06\/SENADOR-SANDOVAL-9-1-1-705x469.jpg 705w, https:\/\/radiorevelacionfm.cl\/wp-content\/uploads\/2022\/06\/SENADOR-SANDOVAL-9-1-1-600x400.jpg 600w\" sizes=\"(max-width: 901px) 100vw, 901px\" \/><\/div><\/div><\/div><\/div><div class=\"flex_column av_one_full  flex_column_div av-zero-column-padding first  avia-builder-el-2  el_after_av_one_full  el_before_av_one_full  column-top-margin\" style='border-radius:0px; '><section class=\"av_textblock_section \"  itemscope=\"itemscope\" itemtype=\"https:\/\/schema.org\/BlogPosting\" itemprop=\"blogPost\" ><div class='avia_textblock  '   itemprop=\"text\" ><p style=\"text-align: center;\"><strong><span style=\"font-size: 18pt;\">Senador Sandoval: \u201cM\u00e1s que cuenta p\u00fablica, fue una propuesta program\u00e1tica de Gobierno para estos cuatro a\u00f1os\u201d<\/span><\/strong><\/p>\n<div id=\"gtx-trans\" style=\"position: absolute; left: -50px; top: 4.31534px;\">\n<div class=\"gtx-trans-icon\"><\/div>\n<\/div>\n<\/div><\/section><\/div><div class=\"flex_column av_one_full  flex_column_div av-zero-column-padding first  avia-builder-el-4  el_after_av_one_full  el_before_av_hr  column-top-margin\" style='border-radius:0px; '><section class=\"av_textblock_section \"  itemscope=\"itemscope\" itemtype=\"https:\/\/schema.org\/BlogPosting\" itemprop=\"blogPost\" ><div class='avia_textblock  '   itemprop=\"text\" ><p style=\"text-align: justify;\">\u201cM\u00e1s que cuenta p\u00fablica, fue una propuesta program\u00e1tica de Gobierno para estos cuatro a\u00f1os\u201d. As\u00ed lo afirm\u00f3 el senador David Sandoval, al referirse al discurso del presidente Gabriel Boric, como balance de sus primeros meses de administraci\u00f3n.<\/p>\n<p style=\"text-align: justify;\">Sobre el particular, el parlamentario se refiri\u00f3 a los ejes planteados por el Primer Mandatario, haciendo hincapi\u00e9 en temas como Vivienda, se\u00f1alando que hay que estar muy atentos respecto a la meta de construir 260 mil viviendas durante la actual administraci\u00f3n y considerando que \u201cmuchos proyectos m\u00e1s que desarroll\u00e1ndose est\u00e1n retrasados o con el t\u00e9rmino de los mismos\u201d.<\/p>\n<p style=\"text-align: justify;\">Respecto de pensiones, dijo que se trata de una materia significativa, esperando que se presente el proyecto de ley para la reforma previsional, en el mes de agosto pr\u00f3ximo, como lo anunci\u00f3 Boric esta ma\u00f1ana. \u201cTenemos un gran desaf\u00edo de resolver un gran problema, c\u00f3mo va ser la construcci\u00f3n de esta nueva arquitectura en materia previsional, del cual se ha hecho un avance significativo con la creaci\u00f3n de la PGU\u201d, puntualiz\u00f3.<\/p>\n<p style=\"text-align: justify;\">Sin embargo, Sandoval lament\u00f3 la nula referencia en el discurso de este mi\u00e9rcoles, a la conectividad en la zona austral, espec\u00edficamente la ruta 7.\u00a0 \u201cSi bien (el Presidente) habl\u00f3 de conectividad, no mencion\u00f3 la ruta 7 en ninguna parte. Aqu\u00ed queremos seguir poniendo \u00e9nfasis en lo que va a significar esta ruta. Es un tema en el que tenemos que estar muy alerta, porque tenemos que conformar como demanda de la regi\u00f3n y tambi\u00e9n de Palena, en un proyecto que es tan fundamental y vital para nosotros\u201d, recalc\u00f3.<\/p>\n<p style=\"text-align: justify;\">Para el legislador son muchos los desaf\u00edos que hay por delante, entre ellos, la reforma al sistema de salud, la reforma tributaria, en Energ\u00eda, Medioambiente y Seguridad, pero tambi\u00e9n c\u00f3mo se va construyendo un mejor pa\u00eds y sociedad, recordando que Boric, durante su discurso, hizo varias veces el llamado para que el di\u00e1logo sea el centro para construir los nuevos acuerdos. \u201cEspero que esto se lleve a la pr\u00e1ctica, porque cuando fueron oposici\u00f3n no fue precisamente lo que se caracteriz\u00f3, (presentando) 17 acusaciones constitucionales\u201d, subray\u00f3.<\/p>\n<p style=\"text-align: justify;\">Con todo, el senador Sandoval dijo que m\u00e1s all\u00e1 de toda circunstancia, est\u00e1 la disposici\u00f3n del Congreso para avanzar en las propuestas realizadas con la m\u00e1xima celeridad, entre ellas, la ley de Envejecimiento Positivo, a la que el presidente Boric se refiri\u00f3 durante su intervenci\u00f3n en el Congreso. \u201c(El proyecto) tiene casi cien indicaciones presentadas, donde esperamos que se d\u00e9 un marco distinto, de derechos, de resguardo a las personas del pa\u00eds y la regi\u00f3n de Ays\u00e9n\u201d, concluy\u00f3.<\/p>\n<\/div><\/section><\/div><div  style='height:50px' class='hr hr-invisible   avia-builder-el-6  el_after_av_one_full  el_before_av_social_share '><span class='hr-inner ' ><span class='hr-inner-style'><\/span><\/span><\/div><\/p>\n<div  class='av-social-sharing-box  avia-builder-el-7  el_after_av_hr  el_before_av_hr  '><div class='av-share-box'><h5 class='av-share-link-description av-no-toc '>Compartir esta noticia<\/h5><ul class='av-share-box-list noLightbox'><li class='av-share-link av-social-link-facebook' ><a target=\"_blank\" aria-label=\"Compartir en Facebook\" href='https:\/\/www.facebook.com\/sharer.php?u=https:\/\/radiorevelacionfm.cl\/?p=17470&#038;t=Senador%20Sandoval%3A%20%E2%80%9CM%C3%A1s%20que%20cuenta%20p%C3%BAblica%2C%20fue%20una%20propuesta%20program%C3%A1tica%20de%20Gobierno%20para%20estos%20cuatro%20a%C3%B1os%E2%80%9D' aria-hidden='false' data-av_icon='\ue8f3' data-av_iconfont='entypo-fontello' title='' data-avia-related-tooltip='Compartir en Facebook' rel=\"noopener\"><span class='avia_hidden_link_text'>Compartir en Facebook<\/span><\/a><\/li><li class='av-share-link av-social-link-twitter' ><a target=\"_blank\" aria-label=\"Compartir en Twitter\" href='https:\/\/twitter.com\/share?text=Senador%20Sandoval%3A%20%E2%80%9CM%C3%A1s%20que%20cuenta%20p%C3%BAblica%2C%20fue%20una%20propuesta%20program%C3%A1tica%20de%20Gobierno%20para%20estos%20cuatro%20a%C3%B1os%E2%80%9D&#038;url=https:\/\/radiorevelacionfm.cl\/?p=17470' aria-hidden='false' data-av_icon='\ue8f1' data-av_iconfont='entypo-fontello' title='' data-avia-related-tooltip='Compartir en Twitter' rel=\"noopener\"><span class='avia_hidden_link_text'>Compartir en Twitter<\/span><\/a><\/li><li class='av-share-link av-social-link-whatsapp' ><a target=\"_blank\" aria-label=\"Compartir en Whatsapp\" href='https:\/\/api.whatsapp.com\/send?text=https:\/\/radiorevelacionfm.cl\/?p=17470' aria-hidden='false' data-av_icon='\uf232' data-av_iconfont='entypo-fontello' title='' data-avia-related-tooltip='Compartir en Whatsapp' rel=\"noopener\"><span class='avia_hidden_link_text'>Compartir en Whatsapp<\/span><\/a><\/li><li class='av-share-link av-social-link-linkedin' ><a target=\"_blank\" aria-label=\"Compartir en LinkedIn\" href='https:\/\/linkedin.com\/shareArticle?mini=true&#038;title=Senador%20Sandoval%3A%20%E2%80%9CM%C3%A1s%20que%20cuenta%20p%C3%BAblica%2C%20fue%20una%20propuesta%20program%C3%A1tica%20de%20Gobierno%20para%20estos%20cuatro%20a%C3%B1os%E2%80%9D&#038;url=https:\/\/radiorevelacionfm.cl\/?p=17470' aria-hidden='false' data-av_icon='\ue8fc' data-av_iconfont='entypo-fontello' title='' data-avia-related-tooltip='Compartir en LinkedIn' rel=\"noopener\"><span class='avia_hidden_link_text'>Compartir en LinkedIn<\/span><\/a><\/li><li class='av-share-link av-social-link-mail' ><a  aria-label=\"Compartir por correo\" href='mailto:?subject=Senador%20Sandoval%3A%20%E2%80%9CM%C3%A1s%20que%20cuenta%20p%C3%BAblica%2C%20fue%20una%20propuesta%20program%C3%A1tica%20de%20Gobierno%20para%20estos%20cuatro%20a%C3%B1os%E2%80%9D&#038;body=https:\/\/radiorevelacionfm.cl\/?p=17470' aria-hidden='false' data-av_icon='\ue805' data-av_iconfont='entypo-fontello' title='' data-avia-related-tooltip='Compartir por correo'><span class='avia_hidden_link_text'>Compartir por correo<\/span><\/a><\/li><\/ul><\/div><\/div>\n<div  style='height:50px' class='hr hr-invisible   avia-builder-el-8  el_after_av_social_share  el_before_av_comments_list '><span class='hr-inner ' ><span class='hr-inner-style'><\/span><\/span><\/div>\n<div  class='av-buildercomment  av-blog-meta-html-info-disabled av-blog-meta-tag-disabled  '><\/div>\n","protected":false},"excerpt":{"rendered":"","protected":false},"author":1,"featured_media":17471,"comment_status":"open","ping_status":"open","sticky":false,"template":"","format":"standard","meta":{"footnotes":""},"categories":[35],"tags":[],"class_list":["post-17470","post","type-post","status-publish","format-standard","has-post-thumbnail","hentry","category-politica"],"jetpack_featured_media_url":"https:\/\/radiorevelacionfm.cl\/wp-content\/uploads\/2022\/06\/SENADOR-SANDOVAL-9-1-1.jpg","_links":{"self":[{"href":"https:\/\/radiorevelacionfm.cl\/index.php?rest_route=\/wp\/v2\/posts\/17470","targetHints":{"allow":["GET"]}}],"collection":[{"href":"https:\/\/radiorevelacionfm.cl\/index.php?rest_route=\/wp\/v2\/posts"}],"about":[{"href":"https:\/\/radiorevelacionfm.cl\/index.php?rest_route=\/wp\/v2\/types\/post"}],"author":[{"embeddable":true,"href":"https:\/\/radiorevelacionfm.cl\/index.php?rest_route=\/wp\/v2\/users\/1"}],"replies":[{"embeddable":true,"href":"https:\/\/radiorevelacionfm.cl\/index.php?rest_route=%2Fwp%2Fv2%2Fcomments&post=17470"}],"version-history":[{"count":2,"href":"https:\/\/radiorevelacionfm.cl\/index.php?rest_route=\/wp\/v2\/posts\/17470\/revisions"}],"predecessor-version":[{"id":17495,"href":"https:\/\/radiorevelacionfm.cl\/index.php?rest_route=\/wp\/v2\/posts\/17470\/revisions\/17495"}],"wp:featuredmedia":[{"embeddable":true,"href":"https:\/\/radiorevelacionfm.cl\/index.php?rest_route=\/wp\/v2\/media\/17471"}],"wp:attachment":[{"href":"https:\/\/radiorevelacionfm.cl\/index.php?rest_route=%2Fwp%2Fv2%2Fmedia&parent=17470"}],"wp:term":[{"taxonomy":"category","embeddable":true,"href":"https:\/\/radiorevelacionfm.cl\/index.php?rest_route=%2Fwp%2Fv2%2Fcategories&post=17470"},{"taxonomy":"post_tag","embeddable":true,"href":"https:\/\/radiorevelacionfm.cl\/index.php?rest_route=%2Fwp%2Fv2%2Ftags&post=17470"}],"curies":[{"name":"wp","href":"https:\/\/api.w.org\/{rel}","templated":true}]}}