{"id":17467,"date":"2022-06-02T09:35:46","date_gmt":"2022-06-02T12:35:46","guid":{"rendered":"https:\/\/radiorevelacionfm.cl\/?p=17467"},"modified":"2022-06-02T09:35:46","modified_gmt":"2022-06-02T12:35:46","slug":"agro-formaliza-comision-de-contingencia-agroclimatica-en-la-region","status":"publish","type":"post","link":"https:\/\/radiorevelacionfm.cl\/?p=17467","title":{"rendered":"Agro formaliza comisi\u00f3n de contingencia agroclim\u00e1tica en la regi\u00f3n"},"content":{"rendered":"<div class=\"flex_column av_one_full  flex_column_div av-zero-column-padding first  avia-builder-el-0  el_before_av_one_full  avia-builder-el-first  \" style='border-radius:0px; '><div  class='avia-image-container  av-styling-    avia-builder-el-1  avia-builder-el-no-sibling  avia-align-center '  itemprop=\"image\" itemscope=\"itemscope\" itemtype=\"https:\/\/schema.org\/ImageObject\"  ><div class='avia-image-container-inner'><div class='avia-image-overlay-wrap'><img decoding=\"async\" class='wp-image-17468 avia-img-lazy-loading-not-17468 avia_image' src=\"https:\/\/radiorevelacionfm.cl\/wp-content\/uploads\/2022\/06\/image-37-1.jpg\" alt='' title='image (37) (1)' height=\"600\" width=\"808\"  itemprop=\"thumbnailUrl\" srcset=\"https:\/\/radiorevelacionfm.cl\/wp-content\/uploads\/2022\/06\/image-37-1.jpg 808w, https:\/\/radiorevelacionfm.cl\/wp-content\/uploads\/2022\/06\/image-37-1-300x223.jpg 300w, https:\/\/radiorevelacionfm.cl\/wp-content\/uploads\/2022\/06\/image-37-1-768x570.jpg 768w, https:\/\/radiorevelacionfm.cl\/wp-content\/uploads\/2022\/06\/image-37-1-705x524.jpg 705w, https:\/\/radiorevelacionfm.cl\/wp-content\/uploads\/2022\/06\/image-37-1-600x446.jpg 600w\" sizes=\"(max-width: 808px) 100vw, 808px\" \/><\/div><\/div><\/div><\/div><div class=\"flex_column av_one_full  flex_column_div av-zero-column-padding first  avia-builder-el-2  el_after_av_one_full  el_before_av_one_full  column-top-margin\" style='border-radius:0px; '><section class=\"av_textblock_section \"  itemscope=\"itemscope\" itemtype=\"https:\/\/schema.org\/BlogPosting\" itemprop=\"blogPost\" ><div class='avia_textblock  '   itemprop=\"text\" ><p style=\"text-align: center;\"><strong><span style=\"font-size: 18pt;\">Agro formaliza comisi\u00f3n de contingencia agroclim\u00e1tica en la regi\u00f3n<\/span><\/strong><\/p>\n<div id=\"gtx-trans\" style=\"position: absolute; left: -50px; top: 4.31534px;\">\n<div class=\"gtx-trans-icon\"><\/div>\n<\/div>\n<\/div><\/section><\/div><div class=\"flex_column av_one_full  flex_column_div av-zero-column-padding first  avia-builder-el-4  el_after_av_one_full  el_before_av_hr  column-top-margin\" style='border-radius:0px; '><section class=\"av_textblock_section \"  itemscope=\"itemscope\" itemtype=\"https:\/\/schema.org\/BlogPosting\" itemprop=\"blogPost\" ><div class='avia_textblock  '   itemprop=\"text\" ><p class=\"v1MsoNormal\" style=\"text-align: justify;\">Con una reuni\u00f3n realizada este martes, se formaliz\u00f3 el trabajo preventivo y de respuesta ante contingencias agroclim\u00e1ticas a cargo de la Comisi\u00f3n Asesora Regional de Gesti\u00f3n Integral de Riesgo (CARGIR), la cual re\u00fane los distintos servicios dependientes de la Secretar\u00eda Regional Ministerial de Agricultura y la\u00a0\u00a0Oficina Nacional de Emergencia del Ministerio del Interior.<\/p>\n<p class=\"v1MsoNormal\" style=\"text-align: justify;\">Comisi\u00f3n donde\u00a0SAG; INFOR; INDAP; INIA y CONAF, liderados por la seremi de Agricultura coordinan acciones preventivas y de respuesta integral ante avisos de alerta amarilla generada por el Sistema Nacional de Emergencia.<\/p>\n<p class=\"v1MsoNormal\" style=\"text-align: justify;\">Tal como detall\u00f3 el seremi de Agricultura, Alan Espinoza Ortiz, la idea es avanzar ante un escenario de contingencia, teniendo claridad en torno a determinar el tipo de evento clim\u00e1tico, el potencial lugar de afectaci\u00f3n, adem\u00e1s de una estimaci\u00f3n de n\u00famero de productores, n\u00famero y tipo de animales y \u00a0de superficie afectada, entre otras informaciones para una respuesta integral.<\/p>\n<p class=\"v1MsoNormal\" style=\"text-align: justify;\">\u00abComo principal objetivo fue que nuestros nuevos directores puedan saber, conocer y tener claridad de qu\u00e9 roles cumplen al momento de iniciada la Comisi\u00f3n Asesora Regional.\u00a0Esta comisi\u00f3n es de vital importancia y estamos trabajando de manera mancomunada. Ac\u00e1 se cruzan distintas acciones, \u00a0por ejemplo, \u00a0acciones de difusi\u00f3n, de llamado a la prevenci\u00f3n de los eventos meteorol\u00f3gico y adem\u00e1s con sus profesionales desplegados en el territorio, nos permite tener un reporte, una estimaci\u00f3n de principales focos de riesgo ante eventuales condiciones que hoy d\u00eda puedan afectar nuestra regi\u00f3n\u00bb, detall\u00f3 Espinoza.<\/p>\n<p class=\"v1MsoNormal\" style=\"text-align: justify;\">En tanto Sidi Bravo de Onemi Ays\u00e9n, resalt\u00f3 la puesta en marcha de la Comisi\u00f3n, pues junto con anticiparse a escenarios permite generar acciones concretas ante riesgos climatol\u00f3gicos.<\/p>\n<p class=\"v1MsoNormal\" style=\"text-align: justify;\">\u00abAhora a trav\u00e9s de la gesti\u00f3n del seremi se va a volver a levantar todo este sistema de radio, principalmente en HF, un instrumento de comunicaci\u00f3n, sobre todo con el mundo del campo, \u00a0donde hay muchos lugares que no tienen se\u00f1al celular y necesitan muchas veces entrega de informaci\u00f3n de las distintas \u00e1reas del Ministerio de Agricultura.\u00a0Como Onemi nos sirve tambi\u00e9n poder tener otras instancias m\u00e1s en comunicaci\u00f3n. As\u00ed que una reuni\u00f3n que qued\u00f3 agendada y a todos los \u00faltimos martes de cada mes, vamos a ir trabajando y a su vez tambi\u00e9n anticipado, ir viendo las acciones preventivas\u00bb, expres\u00f3 Bravo.<\/p>\n<p class=\"v1MsoNormal\" style=\"text-align: justify;\">De tal forma a trav\u00e9s de la\u00a0Comisi\u00f3n Asesora Regional de Gesti\u00f3n Integral de Riesgo,\u00a0se busca coordinar\u00a0acciones preventivas y de respuesta integral ante avisos de alerta amarilla generada por el Sistema Nacional de Emergencia, generando informaci\u00f3n en torno a estimaciones de cantidad de animales, superficies prediales, productores\/as acreditados y proyecciones agro clim\u00e1ticas. Elementos claves para determinar acciones que permitan \u00a0apoyar a las comunidades y habitantes rurales ante posibles emergencias clim\u00e1ticas.<\/p>\n<\/div><\/section><\/div><div  style='height:50px' class='hr hr-invisible   avia-builder-el-6  el_after_av_one_full  el_before_av_social_share '><span class='hr-inner ' ><span class='hr-inner-style'><\/span><\/span><\/div><\/p>\n<div  class='av-social-sharing-box  avia-builder-el-7  el_after_av_hr  el_before_av_hr  '><div class='av-share-box'><h5 class='av-share-link-description av-no-toc '>Compartir esta noticia<\/h5><ul class='av-share-box-list noLightbox'><li class='av-share-link av-social-link-facebook' ><a target=\"_blank\" aria-label=\"Compartir en Facebook\" href='https:\/\/www.facebook.com\/sharer.php?u=https:\/\/radiorevelacionfm.cl\/?p=17467&#038;t=Agro%20formaliza%20comisi%C3%B3n%20de%20contingencia%20agroclim%C3%A1tica%20en%20la%20regi%C3%B3n' aria-hidden='false' data-av_icon='\ue8f3' data-av_iconfont='entypo-fontello' title='' data-avia-related-tooltip='Compartir en Facebook' rel=\"noopener\"><span class='avia_hidden_link_text'>Compartir en Facebook<\/span><\/a><\/li><li class='av-share-link av-social-link-twitter' ><a target=\"_blank\" aria-label=\"Compartir en Twitter\" href='https:\/\/twitter.com\/share?text=Agro%20formaliza%20comisi%C3%B3n%20de%20contingencia%20agroclim%C3%A1tica%20en%20la%20regi%C3%B3n&#038;url=https:\/\/radiorevelacionfm.cl\/?p=17467' aria-hidden='false' data-av_icon='\ue8f1' data-av_iconfont='entypo-fontello' title='' data-avia-related-tooltip='Compartir en Twitter' rel=\"noopener\"><span class='avia_hidden_link_text'>Compartir en Twitter<\/span><\/a><\/li><li class='av-share-link av-social-link-whatsapp' ><a target=\"_blank\" aria-label=\"Compartir en Whatsapp\" href='https:\/\/api.whatsapp.com\/send?text=https:\/\/radiorevelacionfm.cl\/?p=17467' aria-hidden='false' data-av_icon='\uf232' data-av_iconfont='entypo-fontello' title='' data-avia-related-tooltip='Compartir en Whatsapp' rel=\"noopener\"><span class='avia_hidden_link_text'>Compartir en Whatsapp<\/span><\/a><\/li><li class='av-share-link av-social-link-linkedin' ><a target=\"_blank\" aria-label=\"Compartir en LinkedIn\" href='https:\/\/linkedin.com\/shareArticle?mini=true&#038;title=Agro%20formaliza%20comisi%C3%B3n%20de%20contingencia%20agroclim%C3%A1tica%20en%20la%20regi%C3%B3n&#038;url=https:\/\/radiorevelacionfm.cl\/?p=17467' aria-hidden='false' data-av_icon='\ue8fc' data-av_iconfont='entypo-fontello' title='' data-avia-related-tooltip='Compartir en LinkedIn' rel=\"noopener\"><span class='avia_hidden_link_text'>Compartir en LinkedIn<\/span><\/a><\/li><li class='av-share-link av-social-link-mail' ><a  aria-label=\"Compartir por correo\" href='mailto:?subject=Agro%20formaliza%20comisi%C3%B3n%20de%20contingencia%20agroclim%C3%A1tica%20en%20la%20regi%C3%B3n&#038;body=https:\/\/radiorevelacionfm.cl\/?p=17467' aria-hidden='false' data-av_icon='\ue805' data-av_iconfont='entypo-fontello' title='' data-avia-related-tooltip='Compartir por correo'><span class='avia_hidden_link_text'>Compartir por correo<\/span><\/a><\/li><\/ul><\/div><\/div>\n<div  style='height:50px' class='hr hr-invisible   avia-builder-el-8  el_after_av_social_share  el_before_av_comments_list '><span class='hr-inner ' ><span class='hr-inner-style'><\/span><\/span><\/div>\n<div  class='av-buildercomment  av-blog-meta-html-info-disabled av-blog-meta-tag-disabled  '><\/div>\n","protected":false},"excerpt":{"rendered":"","protected":false},"author":1,"featured_media":17468,"comment_status":"open","ping_status":"open","sticky":false,"template":"","format":"standard","meta":{"footnotes":""},"categories":[58],"tags":[],"class_list":["post-17467","post","type-post","status-publish","format-standard","has-post-thumbnail","hentry","category-agricultura"],"jetpack_featured_media_url":"https:\/\/radiorevelacionfm.cl\/wp-content\/uploads\/2022\/06\/image-37-1.jpg","_links":{"self":[{"href":"https:\/\/radiorevelacionfm.cl\/index.php?rest_route=\/wp\/v2\/posts\/17467","targetHints":{"allow":["GET"]}}],"collection":[{"href":"https:\/\/radiorevelacionfm.cl\/index.php?rest_route=\/wp\/v2\/posts"}],"about":[{"href":"https:\/\/radiorevelacionfm.cl\/index.php?rest_route=\/wp\/v2\/types\/post"}],"author":[{"embeddable":true,"href":"https:\/\/radiorevelacionfm.cl\/index.php?rest_route=\/wp\/v2\/users\/1"}],"replies":[{"embeddable":true,"href":"https:\/\/radiorevelacionfm.cl\/index.php?rest_route=%2Fwp%2Fv2%2Fcomments&post=17467"}],"version-history":[{"count":2,"href":"https:\/\/radiorevelacionfm.cl\/index.php?rest_route=\/wp\/v2\/posts\/17467\/revisions"}],"predecessor-version":[{"id":17494,"href":"https:\/\/radiorevelacionfm.cl\/index.php?rest_route=\/wp\/v2\/posts\/17467\/revisions\/17494"}],"wp:featuredmedia":[{"embeddable":true,"href":"https:\/\/radiorevelacionfm.cl\/index.php?rest_route=\/wp\/v2\/media\/17468"}],"wp:attachment":[{"href":"https:\/\/radiorevelacionfm.cl\/index.php?rest_route=%2Fwp%2Fv2%2Fmedia&parent=17467"}],"wp:term":[{"taxonomy":"category","embeddable":true,"href":"https:\/\/radiorevelacionfm.cl\/index.php?rest_route=%2Fwp%2Fv2%2Fcategories&post=17467"},{"taxonomy":"post_tag","embeddable":true,"href":"https:\/\/radiorevelacionfm.cl\/index.php?rest_route=%2Fwp%2Fv2%2Ftags&post=17467"}],"curies":[{"name":"wp","href":"https:\/\/api.w.org\/{rel}","templated":true}]}}