{"id":17464,"date":"2022-06-01T18:38:37","date_gmt":"2022-06-01T21:38:37","guid":{"rendered":"https:\/\/radiorevelacionfm.cl\/?p=17464"},"modified":"2022-06-01T18:38:37","modified_gmt":"2022-06-01T21:38:37","slug":"seminario-sobre-recursos-hidricos-reunio-en-coyhaique-a-especialistas-para-avanzar-en-planificacion-y-gestion-sustentable","status":"publish","type":"post","link":"https:\/\/radiorevelacionfm.cl\/?p=17464","title":{"rendered":"Seminario sobre recursos h\u00eddricos reuni\u00f3 en Coyhaique a especialistas para avanzar en planificaci\u00f3n y gesti\u00f3n sustentable"},"content":{"rendered":"<div class=\"flex_column av_one_full  flex_column_div av-zero-column-padding first  avia-builder-el-0  el_before_av_one_full  avia-builder-el-first  \" style='border-radius:0px; '><div  class='avia-image-container  av-styling-    avia-builder-el-1  avia-builder-el-no-sibling  avia-align-center '  itemprop=\"image\" itemscope=\"itemscope\" itemtype=\"https:\/\/schema.org\/ImageObject\"  ><div class='avia-image-container-inner'><div class='avia-image-overlay-wrap'><img decoding=\"async\" class='wp-image-17465 avia-img-lazy-loading-not-17465 avia_image' src=\"https:\/\/radiorevelacionfm.cl\/wp-content\/uploads\/2022\/06\/IMG-20220530-WA0053-1-1.jpg\" alt='' title='IMG-20220530-WA0053 (1) (1)' height=\"600\" width=\"945\"  itemprop=\"thumbnailUrl\" srcset=\"https:\/\/radiorevelacionfm.cl\/wp-content\/uploads\/2022\/06\/IMG-20220530-WA0053-1-1.jpg 945w, https:\/\/radiorevelacionfm.cl\/wp-content\/uploads\/2022\/06\/IMG-20220530-WA0053-1-1-300x190.jpg 300w, https:\/\/radiorevelacionfm.cl\/wp-content\/uploads\/2022\/06\/IMG-20220530-WA0053-1-1-768x488.jpg 768w, https:\/\/radiorevelacionfm.cl\/wp-content\/uploads\/2022\/06\/IMG-20220530-WA0053-1-1-705x448.jpg 705w, https:\/\/radiorevelacionfm.cl\/wp-content\/uploads\/2022\/06\/IMG-20220530-WA0053-1-1-600x381.jpg 600w\" sizes=\"(max-width: 945px) 100vw, 945px\" \/><\/div><\/div><\/div><\/div><div class=\"flex_column av_one_full  flex_column_div av-zero-column-padding first  avia-builder-el-2  el_after_av_one_full  el_before_av_one_full  column-top-margin\" style='border-radius:0px; '><section class=\"av_textblock_section \"  itemscope=\"itemscope\" itemtype=\"https:\/\/schema.org\/BlogPosting\" itemprop=\"blogPost\" ><div class='avia_textblock  '   itemprop=\"text\" ><p style=\"text-align: center;\"><span style=\"font-size: 18pt;\"><strong>Seminario sobre recursos h\u00eddricos reuni\u00f3 en Coyhaique a especialistas para avanzar en planificaci\u00f3n y gesti\u00f3n sustentable\u00a0<\/strong><\/span><\/p>\n<div id=\"gtx-trans\" style=\"position: absolute; left: -50px; top: 4.31534px;\">\n<div class=\"gtx-trans-icon\"><\/div>\n<\/div>\n<\/div><\/section><\/div><div class=\"flex_column av_one_full  flex_column_div av-zero-column-padding first  avia-builder-el-4  el_after_av_one_full  el_before_av_hr  column-top-margin\" style='border-radius:0px; '><section class=\"av_textblock_section \"  itemscope=\"itemscope\" itemtype=\"https:\/\/schema.org\/BlogPosting\" itemprop=\"blogPost\" ><div class='avia_textblock  '   itemprop=\"text\" ><p class=\"v116\" style=\"text-align: justify;\" align=\"justify\"><span style=\"font-family: georgia, palatino, serif;\">Con expertos del m\u00e1s alto nivel, se desarroll\u00f3 el pasado viernes 27, el primer \u00abSeminario para la Planificaci\u00f3n Estrat\u00e9gica de Recursos H\u00eddricos en Ays\u00e9n, Seguridad H\u00eddrica en una Zona de Abundancia\u00bb, organizado por la Corporaci\u00f3n de Desarrollo \u00abAys\u00e9n por Ays\u00e9n\u00bb y el Centro de Investigaci\u00f3n de Ecosistemas de la Patagonia (CIEP).\u00a0<\/span><\/p>\n<p class=\"v116\" style=\"text-align: justify;\" align=\"justify\"><span style=\"font-family: georgia, palatino, serif;\">\u00abNaci\u00f3 la idea de juntarnos a conversar entre la gente que investiga con datos duros, con la gente que toma decisiones, pensar en c\u00f3mo nos vamos a anticipar a una crisis clim\u00e1tica que se nos viene (&#8230;) Era una paradoja, c\u00f3mo una regi\u00f3n que es reserva mundial de agua hoy d\u00eda est\u00e1 en crisis por falta de agua, entonces algo no estamos haciendo bien y consideramos que es muy importante para juntarnos a conversar c\u00f3mo enfrentar esto y no esperar a que llegue la crisis\u00bb, coment\u00f3 en las palabras de bienvenida el Presidente de la Corporaci\u00f3n de Desarrollo \u00abAys\u00e9n Por Ays\u00e9n\u00bb, Eduardo Cruces Burgos.\u00a0<\/span><\/p>\n<p class=\"v116\" style=\"text-align: justify;\" align=\"justify\"><span style=\"font-family: georgia, palatino, serif;\">En total, hubo durante la jornada 8 exposiciones breves de reconocidos expertos y 5 charlas magistrales de mayor duraci\u00f3n, a cargo de diversos especialistas nacionales e internacionales, adem\u00e1s, de un conversatorio final entre los expositores, en el cual se abordaron los puntos m\u00e1s relevantes de esta amplia tem\u00e1tica de los recursos h\u00eddricos, y se respondieron inquietudes y consultas de los asistentes.\u00a0Conversatorio que cont\u00f3 con la m\u00e1xima autoridad regional la gobernadora Andrea Mac\u00edas.\u00a0\u00a0<\/span><\/p>\n<p class=\"v116\" style=\"text-align: justify;\" align=\"justify\"><span style=\"font-family: georgia, palatino, serif;\">Colaboraron tambi\u00e9n con la realizaci\u00f3n de este espacio de conversaci\u00f3n; la Universidad de Ays\u00e9n, Universidad de la Frontera, Universidad de Concepci\u00f3n, el Centro de Ciencia del Clima y la Resiliencia (CR2) de la Universidad de Chile, el Senado de Chile, el Gobierno Regional de Ays\u00e9n, la Direcci\u00f3n General de Aguas de Ays\u00e9n, Aguas Patagonia y la Embajada de Israel en Santiago de Chile.\u00a0<\/span><\/p>\n<p class=\"v116\" style=\"text-align: justify;\" align=\"justify\"><span style=\"font-family: georgia, palatino, serif;\">\u00abEl prop\u00f3sito de este seminario es en el contexto de los cambios, como el nuevo C\u00f3digo de Aguas y (eventual) nueva Constituci\u00f3n, s\u00ed tenemos muchas ideas, observaci\u00f3n y experiencias a nivel local, nacional e internacional para poner sobre la mesa, ideas en anticipaci\u00f3n a las discusiones que vienen, a los cambios y decisiones que hay que tomar, y al final estamos halando sobre planificaci\u00f3n de recursos h\u00eddricos que hay que abarcar profundamente, y tambi\u00e9n en especial en una regi\u00f3n y macrozona con las mayores reservas de agua en el mundo\u00bb, relev\u00f3 por su parte, el Subdirector de Investigaci\u00f3n del CIEP, Brian Reid.\u00a0<\/span><\/p>\n<p class=\"v116\" style=\"text-align: justify;\" align=\"justify\"><span style=\"font-family: georgia, palatino, serif;\">Asistieron al encuentro,\u00a0la gobernadora regional Andrea Mac\u00edas,\u00a0los concejales Yohana Hern\u00e1ndez, de Coyhaique, y Alejandro Soto de Ays\u00e9n, as\u00ed como los consejeros regionales por Coyhaique Marisol Mart\u00ednez y Ra\u00fal Rudolphi, el director del IPS, Carlos Rodr\u00edguez, el director regional de obras hidr\u00e1ulicas, Cristian Aguilar, y representantes de diversos servicios p\u00fablicos, universidades locales, invitados especiales, empresarios y p\u00fablico en general.\u00a0\u00a0<\/span><\/p>\n<p class=\"v116\" style=\"text-align: justify;\" align=\"justify\"><span style=\"font-family: georgia, palatino, serif;\"><b>EXPERIENCIAS, PRONOSTICOS Y CONVERSATORIO<\/b><b>\u00a0<\/b><\/span><\/p>\n<p class=\"v116 v1elementToProof\" style=\"text-align: justify;\" align=\"justify\"><span style=\"font-family: georgia, palatino, serif;\">La jornada de la ma\u00f1ana consider\u00f3 3 sesiones de exposiciones que se denominaron; \u00abClima y Agua\u00bb, \u00abHidrolog\u00eda y Ecosistemas\u00bb y \u00abAgua y Ser Humano\u00bb, respectivamente. En ellas, destacaron charla magistral \u00abCambio precipitaciones en Ays\u00e9n: Estado de conocimiento y pron\u00f3stico\u00bb, a cargo del Dr. Juan Pablo Boisier, investigador del Centro de Ciencia del Clima y la Resiliencia (CR2), de la U. de Chile; adem\u00e1s de las exposiciones breves del investigador residente del CIEP Luis\u00a0G\u00f3mez, con la experiencia \u00abAysenMet\u00bb; el experto Rodrigo Aguayo, del programa de graduados ciencias medioambientales de la U. de Concepci\u00f3n y el proyecto \u00abPatagoniaMet\u00bb; y la charla magistral \u00abGobernanza del agua\u00bb, dada a conocer por Tatiana Rascovsky, asesora econ\u00f3mica de la embajada de Israel en Chile.\u00a0Seguido, expuso el Dr. Marcelo Somos, acad\u00e9mico de la U. de la Frontera, la charla magistral \u00abSistema de estimaci\u00f3n caudales tiempo real en Ays\u00e9n\u00bb; continuando con las charlas resumidas de los investigadores del Grupo Din\u00e1mica del Paisaje del CIEP, Dr. Brian Reid con \u00abAgua y ecosistemas desde las cumbres al mar\u00bb; \u00abDisponibilidad h\u00eddrica en provincia de Coyhaique\u00bb, a cargo del Dr. \u00cd\u00f1igo Irarr\u00e1zaval, y \u00abAgua y bosque &#8211; Monitoreo de agua en cuencas modelos\u00bb, del mag\u00edster en Ciencias Paulo Moreno. Cerrando la ma\u00f1ana, estuvieron el Director Regional (s) de la Direcci\u00f3n General de Aguas de Ays\u00e9n, DGA, Jorge O\u00b4Kuinghttons, con la charla magistral \u00abNuevo C\u00f3digo de Aguas y Planificaci\u00f3n Estrat\u00e9gica por Cuenca\u00bb; luego las charlas resumidas \u00abMonitoreo caudales y APR\u00bb, a cargo del Dr. Brian Reid,\u00a0en representaci\u00f3n de la Dra. Anna Astorga\u00a0y \u00abAgua y eventos extremos\u00bb, exposici\u00f3n del Dr. Alejandro Dusaillant, acad\u00e9mico de la U. de Ays\u00e9n.\u00a0<\/span><\/p>\n<p class=\"v116\" style=\"text-align: justify;\" align=\"justify\"><span style=\"font-family: georgia, palatino, serif;\">En tanto,\u00a0por la tarde,\u00a0en la sesi\u00f3n 4 \u00abAgua y Soluciones\u00bb, planificada para el inicio de la tarde, expusieron en primera instancia el Dr. Cristian Frene, investigador del Instituto de Ecolog\u00eda y Biodiversidad, la charla magistral \u00abGesti\u00f3n de la cuenca y desaf\u00edos\u00bb; secundado por la charla \u00abSistema de agua potable rural, APR\u00bb, exposici\u00f3n de la Ingeniera Carina Ponce, jefa de la Unidad T\u00e9cnica de APR de Aguas Patagonia.\u00a0<\/span><\/p>\n<p class=\"v116\" style=\"text-align: justify;\" align=\"justify\"><span style=\"font-family: georgia, palatino, serif;\">El seminario concluy\u00f3 con la sesi\u00f3n 5, denominada \u00abPol\u00edtica sobre el uso de los recursos h\u00eddricos\u00bb; que abri\u00f3 con la \u00abVisi\u00f3n del Gobierno Regional\u00bb, expuesta por la gobernadora regional de Ays\u00e9n, Andrea Mac\u00edas Palma, quien posteriormente se integr\u00f3 al Conversatorio final con los panelistas presentes, instancia que present\u00f3 las reflexiones finales, s\u00edntesis y recomendaciones de los expertos, junto con abordar consultas del p\u00fablico asistente.\u00a0<\/span><\/p>\n<p class=\"v116\" style=\"text-align: justify;\" align=\"justify\"><span style=\"font-family: georgia, palatino, serif;\">Pr\u00f3ximamente las exposiciones \u00edntegras, as\u00ed como el Conversatorio final estar\u00e1n disponibles en las redes sociales de la Corporaci\u00f3n \u00abAys\u00e9n por Ays\u00e9n\u00bb;\u00a0<a href=\"http:\/\/www.aysenporaysen.cl\/\" target=\"_blank\" rel=\"noopener noreferrer\"><u><span class=\"v115\">www.aysenporaysen.cl<\/span><\/u><\/a>\u00a0o mediante Facebook: Corporaci\u00f3n de desarrollo Ays\u00e9n por Ays\u00e9n.\u00a0<\/span><\/p>\n<\/div><\/section><\/div><div  style='height:50px' class='hr hr-invisible   avia-builder-el-6  el_after_av_one_full  el_before_av_social_share '><span class='hr-inner ' ><span class='hr-inner-style'><\/span><\/span><\/div><\/p>\n<div  class='av-social-sharing-box  avia-builder-el-7  el_after_av_hr  el_before_av_hr  '><div class='av-share-box'><h5 class='av-share-link-description av-no-toc '>Compartir esta noticia<\/h5><ul class='av-share-box-list noLightbox'><li class='av-share-link av-social-link-facebook' ><a target=\"_blank\" aria-label=\"Compartir en Facebook\" href='https:\/\/www.facebook.com\/sharer.php?u=https:\/\/radiorevelacionfm.cl\/?p=17464&#038;t=Seminario%20sobre%20recursos%20h%C3%ADdricos%20reuni%C3%B3%20en%20Coyhaique%20a%20especialistas%20para%20avanzar%20en%20planificaci%C3%B3n%20y%20gesti%C3%B3n%20sustentable' aria-hidden='false' data-av_icon='\ue8f3' data-av_iconfont='entypo-fontello' title='' data-avia-related-tooltip='Compartir en Facebook' rel=\"noopener\"><span class='avia_hidden_link_text'>Compartir en Facebook<\/span><\/a><\/li><li class='av-share-link av-social-link-twitter' ><a target=\"_blank\" aria-label=\"Compartir en Twitter\" href='https:\/\/twitter.com\/share?text=Seminario%20sobre%20recursos%20h%C3%ADdricos%20reuni%C3%B3%20en%20Coyhaique%20a%20especialistas%20para%20avanzar%20en%20planificaci%C3%B3n%20y%20gesti%C3%B3n%20sustentable&#038;url=https:\/\/radiorevelacionfm.cl\/?p=17464' aria-hidden='false' data-av_icon='\ue8f1' data-av_iconfont='entypo-fontello' title='' data-avia-related-tooltip='Compartir en Twitter' rel=\"noopener\"><span class='avia_hidden_link_text'>Compartir en Twitter<\/span><\/a><\/li><li class='av-share-link av-social-link-whatsapp' ><a target=\"_blank\" aria-label=\"Compartir en Whatsapp\" href='https:\/\/api.whatsapp.com\/send?text=https:\/\/radiorevelacionfm.cl\/?p=17464' aria-hidden='false' data-av_icon='\uf232' data-av_iconfont='entypo-fontello' title='' data-avia-related-tooltip='Compartir en Whatsapp' rel=\"noopener\"><span class='avia_hidden_link_text'>Compartir en Whatsapp<\/span><\/a><\/li><li class='av-share-link av-social-link-linkedin' ><a target=\"_blank\" aria-label=\"Compartir en LinkedIn\" href='https:\/\/linkedin.com\/shareArticle?mini=true&#038;title=Seminario%20sobre%20recursos%20h%C3%ADdricos%20reuni%C3%B3%20en%20Coyhaique%20a%20especialistas%20para%20avanzar%20en%20planificaci%C3%B3n%20y%20gesti%C3%B3n%20sustentable&#038;url=https:\/\/radiorevelacionfm.cl\/?p=17464' aria-hidden='false' data-av_icon='\ue8fc' data-av_iconfont='entypo-fontello' title='' data-avia-related-tooltip='Compartir en LinkedIn' rel=\"noopener\"><span class='avia_hidden_link_text'>Compartir en LinkedIn<\/span><\/a><\/li><li class='av-share-link av-social-link-mail' ><a  aria-label=\"Compartir por correo\" href='mailto:?subject=Seminario%20sobre%20recursos%20h%C3%ADdricos%20reuni%C3%B3%20en%20Coyhaique%20a%20especialistas%20para%20avanzar%20en%20planificaci%C3%B3n%20y%20gesti%C3%B3n%20sustentable&#038;body=https:\/\/radiorevelacionfm.cl\/?p=17464' aria-hidden='false' data-av_icon='\ue805' data-av_iconfont='entypo-fontello' title='' data-avia-related-tooltip='Compartir por correo'><span class='avia_hidden_link_text'>Compartir por correo<\/span><\/a><\/li><\/ul><\/div><\/div>\n<div  style='height:50px' class='hr hr-invisible   avia-builder-el-8  el_after_av_social_share  el_before_av_comments_list '><span class='hr-inner ' ><span class='hr-inner-style'><\/span><\/span><\/div>\n<div  class='av-buildercomment  av-blog-meta-html-info-disabled av-blog-meta-tag-disabled  '><\/div>\n","protected":false},"excerpt":{"rendered":"","protected":false},"author":1,"featured_media":17465,"comment_status":"open","ping_status":"open","sticky":false,"template":"","format":"standard","meta":{"footnotes":""},"categories":[38],"tags":[],"class_list":["post-17464","post","type-post","status-publish","format-standard","has-post-thumbnail","hentry","category-regional"],"jetpack_featured_media_url":"https:\/\/radiorevelacionfm.cl\/wp-content\/uploads\/2022\/06\/IMG-20220530-WA0053-1-1.jpg","_links":{"self":[{"href":"https:\/\/radiorevelacionfm.cl\/index.php?rest_route=\/wp\/v2\/posts\/17464","targetHints":{"allow":["GET"]}}],"collection":[{"href":"https:\/\/radiorevelacionfm.cl\/index.php?rest_route=\/wp\/v2\/posts"}],"about":[{"href":"https:\/\/radiorevelacionfm.cl\/index.php?rest_route=\/wp\/v2\/types\/post"}],"author":[{"embeddable":true,"href":"https:\/\/radiorevelacionfm.cl\/index.php?rest_route=\/wp\/v2\/users\/1"}],"replies":[{"embeddable":true,"href":"https:\/\/radiorevelacionfm.cl\/index.php?rest_route=%2Fwp%2Fv2%2Fcomments&post=17464"}],"version-history":[{"count":2,"href":"https:\/\/radiorevelacionfm.cl\/index.php?rest_route=\/wp\/v2\/posts\/17464\/revisions"}],"predecessor-version":[{"id":17473,"href":"https:\/\/radiorevelacionfm.cl\/index.php?rest_route=\/wp\/v2\/posts\/17464\/revisions\/17473"}],"wp:featuredmedia":[{"embeddable":true,"href":"https:\/\/radiorevelacionfm.cl\/index.php?rest_route=\/wp\/v2\/media\/17465"}],"wp:attachment":[{"href":"https:\/\/radiorevelacionfm.cl\/index.php?rest_route=%2Fwp%2Fv2%2Fmedia&parent=17464"}],"wp:term":[{"taxonomy":"category","embeddable":true,"href":"https:\/\/radiorevelacionfm.cl\/index.php?rest_route=%2Fwp%2Fv2%2Fcategories&post=17464"},{"taxonomy":"post_tag","embeddable":true,"href":"https:\/\/radiorevelacionfm.cl\/index.php?rest_route=%2Fwp%2Fv2%2Ftags&post=17464"}],"curies":[{"name":"wp","href":"https:\/\/api.w.org\/{rel}","templated":true}]}}