{"id":17458,"date":"2022-06-01T17:48:30","date_gmt":"2022-06-01T20:48:30","guid":{"rendered":"https:\/\/radiorevelacionfm.cl\/?p=17458"},"modified":"2022-06-01T17:48:30","modified_gmt":"2022-06-01T20:48:30","slug":"pti-de-aysen-refuerza-relacion-con-proveedores-locales-del-sector-acuicola-con-mas-de-50-reuniones-en-rueda-de-negocios","status":"publish","type":"post","link":"https:\/\/radiorevelacionfm.cl\/?p=17458","title":{"rendered":"PTI de Ays\u00e9n refuerza relaci\u00f3n con proveedores locales del sector acu\u00edcola con m\u00e1s de 50 reuniones en rueda de negocios"},"content":{"rendered":"<div class=\"flex_column av_one_full  flex_column_div av-zero-column-padding first  avia-builder-el-0  el_before_av_one_full  avia-builder-el-first  \" style='border-radius:0px; '><div  class='avia-image-container  av-styling-    avia-builder-el-1  avia-builder-el-no-sibling  avia-align-center '  itemprop=\"image\" itemscope=\"itemscope\" itemtype=\"https:\/\/schema.org\/ImageObject\"  ><div class='avia-image-container-inner'><div class='avia-image-overlay-wrap'><img decoding=\"async\" class='wp-image-17459 avia-img-lazy-loading-not-17459 avia_image' src=\"https:\/\/radiorevelacionfm.cl\/wp-content\/uploads\/2022\/06\/04-webinar-PTI-1-1.jpg\" alt='' title='04 webinar PTI (1) (1)' height=\"600\" width=\"1255\"  itemprop=\"thumbnailUrl\" srcset=\"https:\/\/radiorevelacionfm.cl\/wp-content\/uploads\/2022\/06\/04-webinar-PTI-1-1.jpg 1255w, https:\/\/radiorevelacionfm.cl\/wp-content\/uploads\/2022\/06\/04-webinar-PTI-1-1-300x143.jpg 300w, https:\/\/radiorevelacionfm.cl\/wp-content\/uploads\/2022\/06\/04-webinar-PTI-1-1-1030x492.jpg 1030w, https:\/\/radiorevelacionfm.cl\/wp-content\/uploads\/2022\/06\/04-webinar-PTI-1-1-768x367.jpg 768w, https:\/\/radiorevelacionfm.cl\/wp-content\/uploads\/2022\/06\/04-webinar-PTI-1-1-705x337.jpg 705w, https:\/\/radiorevelacionfm.cl\/wp-content\/uploads\/2022\/06\/04-webinar-PTI-1-1-600x287.jpg 600w\" sizes=\"(max-width: 1255px) 100vw, 1255px\" \/><\/div><\/div><\/div><\/div><div class=\"flex_column av_one_full  flex_column_div av-zero-column-padding first  avia-builder-el-2  el_after_av_one_full  el_before_av_one_full  column-top-margin\" style='border-radius:0px; '><section class=\"av_textblock_section \"  itemscope=\"itemscope\" itemtype=\"https:\/\/schema.org\/BlogPosting\" itemprop=\"blogPost\" ><div class='avia_textblock  '   itemprop=\"text\" ><p style=\"text-align: center;\"><span style=\"font-size: 18pt;\"><b>PTI de Ays\u00e9n refuerza relaci\u00f3n con proveedores locales del sector acu\u00edcola con m\u00e1s de 50 reuniones en rueda de negocios<\/b><\/span><\/p>\n<div id=\"gtx-trans\" style=\"position: absolute; left: -50px; top: 4.31534px;\">\n<div class=\"gtx-trans-icon\"><\/div>\n<\/div>\n<\/div><\/section><\/div><div class=\"flex_column av_one_full  flex_column_div av-zero-column-padding first  avia-builder-el-4  el_after_av_one_full  el_before_av_hr  column-top-margin\" style='border-radius:0px; '><section class=\"av_textblock_section \"  itemscope=\"itemscope\" itemtype=\"https:\/\/schema.org\/BlogPosting\" itemprop=\"blogPost\" ><div class='avia_textblock  '   itemprop=\"text\" ><p style=\"font-weight: 400; text-align: justify;\">El Programa Territorial Integrado de Corfo (PTI) \u201cDesarrollo Competitivo de Fiordos y Canales de Ays\u00e9n\u201d, realiz\u00f3 el webinar de Econom\u00eda Circular Acu\u00edcola \u201c\u00bfResiduos o Materia Prima?\u201d.<\/p>\n<p style=\"font-weight: 400; text-align: justify;\">En la actividad, que tuvo como media partners al diario\u00a0<a href=\"https:\/\/www.eldivisadero.cl\/home\" data-saferedirecturl=\"https:\/\/www.google.com\/url?q=https:\/\/www.eldivisadero.cl\/home&amp;source=gmail&amp;ust=1654202063760000&amp;usg=AOvVaw3LBj128CmRgZDxhsWOzW1t\">El Divisadero<\/a>\u00a0y\u00a0<a href=\"https:\/\/www.salmonexpert.cl\/\" data-saferedirecturl=\"https:\/\/www.google.com\/url?q=https:\/\/www.salmonexpert.cl\/&amp;source=gmail&amp;ust=1654202063760000&amp;usg=AOvVaw0-6fjO26YneYZTMmfWLgRk\">Salmonexpert<\/a>, se expusieron casos de \u00e9xito internacional, nacional y local, de empresas y emprendimientos que est\u00e1n desarrollando proyectos de econom\u00eda circular con los residuos de la acuicultura. En la instancia, participaron cerca de 70 personas, y se presentaron las experiencias de\u00a0<a href=\"https:\/\/www.aquafil.com\/\" data-saferedirecturl=\"https:\/\/www.google.com\/url?q=https:\/\/www.aquafil.com\/&amp;source=gmail&amp;ust=1654202063760000&amp;usg=AOvVaw1Onts_BWIchSMF5UNnZEro\">Aquafil<\/a>,\u00a0<a href=\"https:\/\/goodwoodchile.cl\/\" data-saferedirecturl=\"https:\/\/www.google.com\/url?q=https:\/\/goodwoodchile.cl\/&amp;source=gmail&amp;ust=1654202063760000&amp;usg=AOvVaw3mP1Y894kcbTTzJ4JpM91Z\">Goodwood<\/a>,\u00a0<a href=\"https:\/\/atandocabos.cl\/\" data-saferedirecturl=\"https:\/\/www.google.com\/url?q=https:\/\/atandocabos.cl\/&amp;source=gmail&amp;ust=1654202063760000&amp;usg=AOvVaw0X3bWprFVQLaLhfZ2S1Hz5\">Atando Cabos<\/a>,\u00a0<a href=\"https:\/\/www.instagram.com\/pescaysen\/?hl=es\" data-saferedirecturl=\"https:\/\/www.google.com\/url?q=https:\/\/www.instagram.com\/pescaysen\/?hl%3Des&amp;source=gmail&amp;ust=1654202063760000&amp;usg=AOvVaw2ewYIw366Q--PezesCZEHS\">Pesca Ays\u00e9n<\/a>, EPS Ays\u00e9n y\u00a0<a href=\"https:\/\/www.instagram.com\/cisne.verde\/?hl=es\" data-saferedirecturl=\"https:\/\/www.google.com\/url?q=https:\/\/www.instagram.com\/cisne.verde\/?hl%3Des&amp;source=gmail&amp;ust=1654202063761000&amp;usg=AOvVaw2zH7pLuoz3JgqyWl8pOM-0\">Cisne Verde<\/a>, todos emprendimientos que ven en los residuos, una serie de oportunidades al concebirlos como materias primas para futuros negocios o nuevos productos.<\/p>\n<p style=\"font-weight: 400; text-align: justify;\">Pedro Matus Pezo, ejecutivo de Corfo Ays\u00e9n, destac\u00f3 la instancia colaborativa desarrollada a trav\u00e9s del PTI y la necesidad de impulsar a los proveedores locales que abordan problem\u00e1ticas medioambientales e impulsan el desarrollo del territorio en torno a la industria de la acuicultura. \u201cEs muy importante el trabajo coordinado al interior del sector p\u00fablico y con el mundo privado. Por eso cobra relevancia el PTI, que nos permite favorecer el desarrollo competitivo de los proveedores acu\u00edcolas locales pues eso contribuir\u00e1 a mejorar la calidad de vida de nuestros habitantes\u201d. Agreg\u00f3 que \u201ctenemos que promover las acciones que nos permitan hacer frente a los problemas que se est\u00e1n generando producto del cambio clim\u00e1tico e impulsar los emprendimientos que apunten a potenciar el cuidado del medioambiente\u00bb.<\/p>\n<p style=\"font-weight: 400; text-align: justify;\">En tanto, el Gestor del\u00a0<a href=\"https:\/\/fiordosycanales.cl\/\" data-saferedirecturl=\"https:\/\/www.google.com\/url?q=https:\/\/fiordosycanales.cl\/&amp;source=gmail&amp;ust=1654202063761000&amp;usg=AOvVaw0m1dZniC6K41RllZjMj4eE\">PTI Fiordos y Canales<\/a>, Ismael Infante Crocco, valor\u00f3 la experiencia relatada por los emprendedores y sostuvo que es necesario seguir avanzando en visibilizar los emprendimientos acu\u00edcolas que existen en la Patagonia. Adem\u00e1s, indic\u00f3 que quienes quieran ver el webinar completo, este quedar\u00e1 alojado en el\u00a0<a href=\"https:\/\/www.facebook.com\/Programa-PTI-Fiordos-y-Canales-de-Ays%C3%A9n-102561918645734\" data-saferedirecturl=\"https:\/\/www.google.com\/url?q=https:\/\/www.facebook.com\/Programa-PTI-Fiordos-y-Canales-de-Ays%25C3%25A9n-102561918645734&amp;source=gmail&amp;ust=1654202063761000&amp;usg=AOvVaw3Gt0KZ4ICMYrYYWpUrAJR3\">Fan Page de facebook del Programa PTI Fiordos y Canales<\/a>.<\/p>\n<p style=\"font-weight: 400; text-align: justify;\">Katia Inostroza, de Pesca Ays\u00e9n, primer proveedor en tomar contacto con el PTI destaca que para ellos la recolecci\u00f3n de residuos representa una \u00aboportunidad de desarrollo\u00bb. \u201cEn la regi\u00f3n est\u00e1n creciendo mucho las iniciativas asociadas a la econom\u00eda circular en la prestaci\u00f3n de servicios que desarrollamos en el \u00e1rea acu\u00edcola. As\u00ed es que considero que esta posibilidad de conocernos y saber que existen otros como nosotros y poder mostrar tambi\u00e9n la experiencia de Pesca Ays\u00e9n, sin duda es una tremenda oportunidad y para generar nuevas alianzas que puedan potenciar la econom\u00eda circular, el reciclaje y, todo esto, vinculado con la prestaci\u00f3n de servicios a la acuicultura. As\u00ed es que felices y agradecidos de Corfo Ays\u00e9n, del PTI y el compromiso es que, como Pesca Ays\u00e9n, vamos a seguir trabajando para colaborar un poquito m\u00e1s con el medio ambiente\u201d.<\/p>\n<p style=\"font-weight: 400; text-align: justify;\"><strong>RUEDA DE NEGOCIOS<\/strong><\/p>\n<p style=\"font-weight: 400; text-align: justify;\">Por la tarde, continu\u00f3 la jornada de trabajo -a trav\u00e9s de la plataforma de\u00a0<a href=\"https:\/\/www.solucionesdigitales.cl\/\" data-saferedirecturl=\"https:\/\/www.google.com\/url?q=https:\/\/www.solucionesdigitales.cl\/&amp;source=gmail&amp;ust=1654202063761000&amp;usg=AOvVaw3jsQqbDC2IT1zKv8-jt-73\">Soluciones Digitales<\/a>, proveedor tambi\u00e9n del sur de Chile- con la realizaci\u00f3n de la tercera rueda de negocios entre productoras de salm\u00f3n y proveedores de servicios acu\u00edcolas de la Regi\u00f3n de Ays\u00e9n. En la ocasi\u00f3n, participaron ocho empresas productoras y se concretaron 58 reuniones con empresas proveedoras de Ays\u00e9n.<\/p>\n<p style=\"font-weight: 400; text-align: justify;\">Uno de los participantes, Hern\u00e1n Bast\u00edas de\u00a0<a href=\"https:\/\/www.linkedin.com\/in\/hernan-bastias-9541a2ab\/\" data-saferedirecturl=\"https:\/\/www.google.com\/url?q=https:\/\/www.linkedin.com\/in\/hernan-bastias-9541a2ab\/&amp;source=gmail&amp;ust=1654202063761000&amp;usg=AOvVaw36VPQw5Rtr0T5JkUbwmPgf\">Venturi Ays\u00e9n SpA<\/a>, indic\u00f3 que comparado con otras rondas en la que ha participado, en esta tuvo mejores resultados, ya que gracias a las diferentes capacitaciones que ha recibido del PTI de Corfo y mentor\u00edas de\u00a0<a href=\"https:\/\/www.salmonchile.cl\/\" data-saferedirecturl=\"https:\/\/www.google.com\/url?q=https:\/\/www.salmonchile.cl\/&amp;source=gmail&amp;ust=1654202063761000&amp;usg=AOvVaw3M15VVlGDobwudvR0Hn4km\">SalmonChile<\/a>, pudo ajustar su propuesta a la demanda de las empresas productoras. \u201cLa presentaci\u00f3n de nuestro emprendimiento fue un \u00e9xito. La estrategia que utilizamos fue pertinente a lo que las empresas necesitaban. Todos me pidieron cotizaciones formales y a todos se les mostr\u00f3 el producto y el trabajo que realizamos. En definitiva, nuestra evaluaci\u00f3n de esta rueda de negocios es absolutamente positiva\u201d, indic\u00f3.<\/p>\n<p style=\"font-weight: 400; text-align: justify;\">Misma opini\u00f3n tuvo Pablo Villarroel, de\u00a0<a href=\"https:\/\/proaqaysen.cl\/project\/invertech\/\" data-saferedirecturl=\"https:\/\/www.google.com\/url?q=https:\/\/proaqaysen.cl\/project\/invertech\/&amp;source=gmail&amp;ust=1654202063761000&amp;usg=AOvVaw1w_5eHXuMSpryrZB_8Wig4\">Invertech<\/a>\u00a0sobre esta oportunidad. \u201cEl feedback que recibimos de las empresas fue muy bueno, sobre todo en el trabajo de espectrometr\u00eda que realizamos. Ahora nos queda concretar y por ello, nos pidieron enviarles la presentaci\u00f3n del trabajo que realizamos. Agradezco que me motivaran a participar nuevamente, y ahora esperar confiados en que podremos realizar mediciones con algunas de las empresas\u201d.<\/p>\n<p style=\"font-weight: 400; text-align: justify;\">Gonzalo Silva, director regional del\u00a0<a href=\"https:\/\/www.consejodelsalmon.cl\/\" data-saferedirecturl=\"https:\/\/www.google.com\/url?q=https:\/\/www.consejodelsalmon.cl\/&amp;source=gmail&amp;ust=1654202063761000&amp;usg=AOvVaw0alUKM4RQs7m4qdXLaGDu8\">Consejo del Salm\u00f3n<\/a>, gremio que forma parte del PTI, sostuvo que \u201cqueremos seguir contribuyendo a generar una plataforma para que proveedores locales ofrezcan sus servicios y soluciones, como tambi\u00e9n mostrarles a las productoras, que hay importante e interesante oferta de servicios en la regi\u00f3n de Ays\u00e9n\u201d.<\/p>\n<p style=\"font-weight: 400; text-align: justify;\">Agreg\u00f3 que \u201cel PTI es una iniciativa que tiene un tremendo potencial para contribuir a crear emprendimientos, proveedores, prestadores de servicios, aportar al fortalecimiento de toda la cadena productiva del salm\u00f3n y al desarrollo de una regi\u00f3n tan relevante para la salmonicultura como Ays\u00e9n. Tenemos la convicci\u00f3n que, para impulsar el desarrollo de proveedores locales en Ays\u00e9n, es necesario unir los esfuerzos de todos los actores del territorio y por eso esperamos que este webinar y la rueda de negocios permita generar alianzas\u201d.<\/p>\n<p style=\"font-weight: 400; text-align: justify;\">El programa PTI de Corfo \u201cDesarrollo de Fiordos y Canales\u201d, se conform\u00f3 en el a\u00f1o 2019, y busca mejorar la competitividad de los proveedores de la industria acu\u00edcola en la Regi\u00f3n de Ays\u00e9n, a trav\u00e9s de acciones para impulsar el desarrollo y el fortalecimiento de la salmonicultura y el desarrollo econ\u00f3mico del territorio. Actualmente, la conforman desde el sector p\u00fablico Corfo, el Gobierno Regional y la Seremi de Econom\u00eda, mientras que del mundo privado lo integran representantes de empresas salmonicultoras y proveedoras de la industria acu\u00edcola, gremios y otros actores.<\/p>\n<\/div><\/section><\/div><div  style='height:50px' class='hr hr-invisible   avia-builder-el-6  el_after_av_one_full  el_before_av_social_share '><span class='hr-inner ' ><span class='hr-inner-style'><\/span><\/span><\/div><\/p>\n<div  class='av-social-sharing-box  avia-builder-el-7  el_after_av_hr  el_before_av_hr  '><div class='av-share-box'><h5 class='av-share-link-description av-no-toc '>Compartir esta noticia<\/h5><ul class='av-share-box-list noLightbox'><li class='av-share-link av-social-link-facebook' ><a target=\"_blank\" aria-label=\"Compartir en Facebook\" href='https:\/\/www.facebook.com\/sharer.php?u=https:\/\/radiorevelacionfm.cl\/?p=17458&#038;t=PTI%20de%20Ays%C3%A9n%20refuerza%20relaci%C3%B3n%20con%20proveedores%20locales%20del%20sector%20acu%C3%ADcola%20con%20m%C3%A1s%20de%2050%20reuniones%20en%20rueda%20de%20negocios' aria-hidden='false' data-av_icon='\ue8f3' data-av_iconfont='entypo-fontello' title='' data-avia-related-tooltip='Compartir en Facebook' rel=\"noopener\"><span class='avia_hidden_link_text'>Compartir en Facebook<\/span><\/a><\/li><li class='av-share-link av-social-link-twitter' ><a target=\"_blank\" aria-label=\"Compartir en Twitter\" href='https:\/\/twitter.com\/share?text=PTI%20de%20Ays%C3%A9n%20refuerza%20relaci%C3%B3n%20con%20proveedores%20locales%20del%20sector%20acu%C3%ADcola%20con%20m%C3%A1s%20de%2050%20reuniones%20en%20rueda%20de%20negocios&#038;url=https:\/\/radiorevelacionfm.cl\/?p=17458' aria-hidden='false' data-av_icon='\ue8f1' data-av_iconfont='entypo-fontello' title='' data-avia-related-tooltip='Compartir en Twitter' rel=\"noopener\"><span class='avia_hidden_link_text'>Compartir en Twitter<\/span><\/a><\/li><li class='av-share-link av-social-link-whatsapp' ><a target=\"_blank\" aria-label=\"Compartir en Whatsapp\" href='https:\/\/api.whatsapp.com\/send?text=https:\/\/radiorevelacionfm.cl\/?p=17458' aria-hidden='false' data-av_icon='\uf232' data-av_iconfont='entypo-fontello' title='' data-avia-related-tooltip='Compartir en Whatsapp' rel=\"noopener\"><span class='avia_hidden_link_text'>Compartir en Whatsapp<\/span><\/a><\/li><li class='av-share-link av-social-link-linkedin' ><a target=\"_blank\" aria-label=\"Compartir en LinkedIn\" href='https:\/\/linkedin.com\/shareArticle?mini=true&#038;title=PTI%20de%20Ays%C3%A9n%20refuerza%20relaci%C3%B3n%20con%20proveedores%20locales%20del%20sector%20acu%C3%ADcola%20con%20m%C3%A1s%20de%2050%20reuniones%20en%20rueda%20de%20negocios&#038;url=https:\/\/radiorevelacionfm.cl\/?p=17458' aria-hidden='false' data-av_icon='\ue8fc' data-av_iconfont='entypo-fontello' title='' data-avia-related-tooltip='Compartir en LinkedIn' rel=\"noopener\"><span class='avia_hidden_link_text'>Compartir en LinkedIn<\/span><\/a><\/li><li class='av-share-link av-social-link-mail' ><a  aria-label=\"Compartir por correo\" href='mailto:?subject=PTI%20de%20Ays%C3%A9n%20refuerza%20relaci%C3%B3n%20con%20proveedores%20locales%20del%20sector%20acu%C3%ADcola%20con%20m%C3%A1s%20de%2050%20reuniones%20en%20rueda%20de%20negocios&#038;body=https:\/\/radiorevelacionfm.cl\/?p=17458' aria-hidden='false' data-av_icon='\ue805' data-av_iconfont='entypo-fontello' title='' data-avia-related-tooltip='Compartir por correo'><span class='avia_hidden_link_text'>Compartir por correo<\/span><\/a><\/li><\/ul><\/div><\/div>\n<div  style='height:50px' class='hr hr-invisible   avia-builder-el-8  el_after_av_social_share  el_before_av_comments_list '><span class='hr-inner ' ><span class='hr-inner-style'><\/span><\/span><\/div>\n<div  class='av-buildercomment  av-blog-meta-html-info-disabled av-blog-meta-tag-disabled  '><\/div>\n","protected":false},"excerpt":{"rendered":"","protected":false},"author":1,"featured_media":17459,"comment_status":"open","ping_status":"open","sticky":false,"template":"","format":"standard","meta":{"footnotes":""},"categories":[38],"tags":[],"class_list":["post-17458","post","type-post","status-publish","format-standard","has-post-thumbnail","hentry","category-regional"],"jetpack_featured_media_url":"https:\/\/radiorevelacionfm.cl\/wp-content\/uploads\/2022\/06\/04-webinar-PTI-1-1.jpg","_links":{"self":[{"href":"https:\/\/radiorevelacionfm.cl\/index.php?rest_route=\/wp\/v2\/posts\/17458","targetHints":{"allow":["GET"]}}],"collection":[{"href":"https:\/\/radiorevelacionfm.cl\/index.php?rest_route=\/wp\/v2\/posts"}],"about":[{"href":"https:\/\/radiorevelacionfm.cl\/index.php?rest_route=\/wp\/v2\/types\/post"}],"author":[{"embeddable":true,"href":"https:\/\/radiorevelacionfm.cl\/index.php?rest_route=\/wp\/v2\/users\/1"}],"replies":[{"embeddable":true,"href":"https:\/\/radiorevelacionfm.cl\/index.php?rest_route=%2Fwp%2Fv2%2Fcomments&post=17458"}],"version-history":[{"count":2,"href":"https:\/\/radiorevelacionfm.cl\/index.php?rest_route=\/wp\/v2\/posts\/17458\/revisions"}],"predecessor-version":[{"id":17463,"href":"https:\/\/radiorevelacionfm.cl\/index.php?rest_route=\/wp\/v2\/posts\/17458\/revisions\/17463"}],"wp:featuredmedia":[{"embeddable":true,"href":"https:\/\/radiorevelacionfm.cl\/index.php?rest_route=\/wp\/v2\/media\/17459"}],"wp:attachment":[{"href":"https:\/\/radiorevelacionfm.cl\/index.php?rest_route=%2Fwp%2Fv2%2Fmedia&parent=17458"}],"wp:term":[{"taxonomy":"category","embeddable":true,"href":"https:\/\/radiorevelacionfm.cl\/index.php?rest_route=%2Fwp%2Fv2%2Fcategories&post=17458"},{"taxonomy":"post_tag","embeddable":true,"href":"https:\/\/radiorevelacionfm.cl\/index.php?rest_route=%2Fwp%2Fv2%2Ftags&post=17458"}],"curies":[{"name":"wp","href":"https:\/\/api.w.org\/{rel}","templated":true}]}}