{"id":17451,"date":"2022-06-01T16:10:48","date_gmt":"2022-06-01T19:10:48","guid":{"rendered":"https:\/\/radiorevelacionfm.cl\/?p=17451"},"modified":"2022-06-01T16:10:48","modified_gmt":"2022-06-01T19:10:48","slug":"instruccion-de-la-direccion-general-de-aguas-del-mop-permitira-mayor-representatividad-en-organizaciones-de-usuarios-de-aguas","status":"publish","type":"post","link":"https:\/\/radiorevelacionfm.cl\/?p=17451","title":{"rendered":"Instrucci\u00f3n de la Direcci\u00f3n General de Aguas del MOP permitir\u00e1 mayor representatividad en organizaciones de usuarios de aguas"},"content":{"rendered":"<div class=\"flex_column av_one_full  flex_column_div av-zero-column-padding first  avia-builder-el-0  el_before_av_one_full  avia-builder-el-first  \" style='border-radius:0px; '><div  class='avia-image-container  av-styling-    avia-builder-el-1  avia-builder-el-no-sibling  avia-align-center '  itemprop=\"image\" itemscope=\"itemscope\" itemtype=\"https:\/\/schema.org\/ImageObject\"  ><div class='avia-image-container-inner'><div class='avia-image-overlay-wrap'><img decoding=\"async\" class='wp-image-17452 avia-img-lazy-loading-not-17452 avia_image' src=\"https:\/\/radiorevelacionfm.cl\/wp-content\/uploads\/2022\/06\/comunidad-aguas-dos-1_optimized.jpg\" alt='' title='comunidad-aguas-dos-(1)_optimized' height=\"600\" width=\"1115\"  itemprop=\"thumbnailUrl\" srcset=\"https:\/\/radiorevelacionfm.cl\/wp-content\/uploads\/2022\/06\/comunidad-aguas-dos-1_optimized.jpg 1115w, https:\/\/radiorevelacionfm.cl\/wp-content\/uploads\/2022\/06\/comunidad-aguas-dos-1_optimized-300x161.jpg 300w, https:\/\/radiorevelacionfm.cl\/wp-content\/uploads\/2022\/06\/comunidad-aguas-dos-1_optimized-1030x554.jpg 1030w, https:\/\/radiorevelacionfm.cl\/wp-content\/uploads\/2022\/06\/comunidad-aguas-dos-1_optimized-768x413.jpg 768w, https:\/\/radiorevelacionfm.cl\/wp-content\/uploads\/2022\/06\/comunidad-aguas-dos-1_optimized-705x379.jpg 705w, https:\/\/radiorevelacionfm.cl\/wp-content\/uploads\/2022\/06\/comunidad-aguas-dos-1_optimized-600x323.jpg 600w\" sizes=\"(max-width: 1115px) 100vw, 1115px\" \/><\/div><\/div><\/div><\/div><div class=\"flex_column av_one_full  flex_column_div av-zero-column-padding first  avia-builder-el-2  el_after_av_one_full  el_before_av_one_full  column-top-margin\" style='border-radius:0px; '><section class=\"av_textblock_section \"  itemscope=\"itemscope\" itemtype=\"https:\/\/schema.org\/BlogPosting\" itemprop=\"blogPost\" ><div class='avia_textblock  '   itemprop=\"text\" ><p style=\"text-align: center;\"><strong><span style=\"font-size: 18pt;\">Instrucci\u00f3n de la Direcci\u00f3n General de Aguas del MOP permitir\u00e1 mayor representatividad en organizaciones de usuarios de aguas<\/span><\/strong><\/p>\n<div id=\"gtx-trans\" style=\"position: absolute; left: -50px; top: 4.31534px;\">\n<div class=\"gtx-trans-icon\"><\/div>\n<\/div>\n<\/div><\/section><\/div><div class=\"flex_column av_one_full  flex_column_div av-zero-column-padding first  avia-builder-el-4  el_after_av_one_full  el_before_av_hr  column-top-margin\" style='border-radius:0px; '><section class=\"av_textblock_section \"  itemscope=\"itemscope\" itemtype=\"https:\/\/schema.org\/BlogPosting\" itemprop=\"blogPost\" ><div class='avia_textblock  '   itemprop=\"text\" ><p style=\"text-align: justify;\">El Secretario Regional Ministerial de Obras P\u00fablicas, Patricio Sanhueza Ulloa, inform\u00f3 que la Direcci\u00f3n General de Aguas del Ministerio de Obras P\u00fablicas (DGA-MOP), dict\u00f3 una circular para que los y las titulares que conforman las organizaciones de usuarios de aguas, participen en igual representatividad en los directorios que conforman, independiente de la menor o mayor cantidad de acciones que tengan en sus derechos de aprovechamiento de aguas.<\/p>\n<p style=\"text-align: justify;\">La DGA-MOP sostiene que el prop\u00f3sito de esta medida, que se encontraba tanto en el anterior C\u00f3digo de Aguas as\u00ed como tambi\u00e9n en el vigente con la publicaci\u00f3n de la ley 21.435, \u00a0\u201ces fortalecer que el agua, que es un bien nacional de uso p\u00fablico que se debe administrar adecuadamente con un directorio representativo de titulares peque\u00f1os, medianos y grandes, tomando decisiones en conjunto en el territorio y sin que nadie se sienta excluido por tener m\u00e1s o menos agua seg\u00fan sus derechos, velando por la correcta distribuci\u00f3n de las aguas y supervigilar la extracci\u00f3n de las mismas\u201d, afirm\u00f3 la autoridad regional de Obras P\u00fablicas.<\/p>\n<p style=\"text-align: justify;\">Cabe se\u00f1alar, que el principal rol de las organizaciones de usuarios de aguas es la la gesti\u00f3n y distribuci\u00f3n del recurso h\u00eddrico entre sus miembros conforme a sus derechos de aprovechamiento, as\u00ed como tambi\u00e9n administrar las obras comunes y resolver los conflictos que se produzcan entre uno o m\u00e1s usuarios, entre otras funciones. De ah\u00ed, que el directorio sea el administrador de una organizaci\u00f3n de usuarios de aguas y por lo tanto, debe estar integrado por comuneros que garanticen velar por diversos intereses, as\u00ed, cada comunero podr\u00e1 presentar un solo candidato al cargo de director o directora de una organizaci\u00f3n de usuarios.<\/p>\n<p style=\"text-align: justify;\">De este modo, \u201cmediante la circular N\u00b0 2, del 20 de abril de 2022, la DGA-MOP instruye a las diversas organizaciones de usuarios sobre la forma de elegir a su directorio, indicando que quienes tengan mayor cantidad de acciones s\u00f3lo podr\u00e1n optar a un representante en el directorio, promoviendo la inclusi\u00f3n de los usuarios m\u00e1s peque\u00f1os y su representatividad. Dicha medida regir\u00e1 para los directorios que deban renovarse o constituirse por primera vez a contar de esa fecha\u201d, agreg\u00f3 el SEREMI del MOP<\/p>\n<p style=\"text-align: justify;\">En la mencionada circular, la DGA-MOP aclara que las organizaciones de usuarios, al ser comunidades que gestionan y administran un bien nacional de uso p\u00fablico, como es el agua, no pueden entenderse como sociedades civiles o comerciales. Por lo tanto, un accionista de una organizaci\u00f3n de usuarios de agua no puede designar a dos o m\u00e1s representantes para postular al directorio, independiente de la participaci\u00f3n accionaria que tenga dentro de la organizaci\u00f3n de usuarios. Por lo tanto, cada comunero podr\u00e1 presentar un solo candidato al cargo de director de una organizaci\u00f3n de usuarios, ya sea a s\u00ed mismo o a su representante legal en el caso de las personas jur\u00eddicas.<\/p>\n<p style=\"text-align: justify;\">No obstante, cuando un comunero, actuando por s\u00ed o representado, sea titular de un caudal equivalente a m\u00e1s de una acci\u00f3n de la organizaci\u00f3n de usuarios, \u00e9ste podr\u00e1 dividir sus acciones y votar por m\u00e1s de un candidato a director.<\/p>\n<p style=\"text-align: justify;\">Valga mencionar que una organizaci\u00f3n de aguas est\u00e1 formada por todas las personas titulares de derechos de aprovechamiento de aguas que provienen de una misma fuente, sea \u00e9sta superficial o subterr\u00e1nea. Asimismo, en el nuevo C\u00f3digo de Aguas, se fijan los plazos para la formaci\u00f3n de Comunidades de Aguas Subterr\u00e1neas en nuevas Zonas de Prohibici\u00f3n (12 meses para registrarse en la DGA) y Zonas de Prohibici\u00f3n y \u00c1reas de Restricci\u00f3n ya declaradas (12 meses para iniciar el tr\u00e1mite).<\/p>\n<\/div><\/section><\/div><div  style='height:50px' class='hr hr-invisible   avia-builder-el-6  el_after_av_one_full  el_before_av_social_share '><span class='hr-inner ' ><span class='hr-inner-style'><\/span><\/span><\/div><\/p>\n<div  class='av-social-sharing-box  avia-builder-el-7  el_after_av_hr  el_before_av_hr  '><div class='av-share-box'><h5 class='av-share-link-description av-no-toc '>Compartir esta noticia<\/h5><ul class='av-share-box-list noLightbox'><li class='av-share-link av-social-link-facebook' ><a target=\"_blank\" aria-label=\"Compartir en Facebook\" href='https:\/\/www.facebook.com\/sharer.php?u=https:\/\/radiorevelacionfm.cl\/?p=17451&#038;t=Instrucci%C3%B3n%20de%20la%20Direcci%C3%B3n%20General%20de%20Aguas%20del%20MOP%20permitir%C3%A1%20mayor%20representatividad%20en%20organizaciones%20de%20usuarios%20de%20aguas' aria-hidden='false' data-av_icon='\ue8f3' data-av_iconfont='entypo-fontello' title='' data-avia-related-tooltip='Compartir en Facebook' rel=\"noopener\"><span class='avia_hidden_link_text'>Compartir en Facebook<\/span><\/a><\/li><li class='av-share-link av-social-link-twitter' ><a target=\"_blank\" aria-label=\"Compartir en Twitter\" href='https:\/\/twitter.com\/share?text=Instrucci%C3%B3n%20de%20la%20Direcci%C3%B3n%20General%20de%20Aguas%20del%20MOP%20permitir%C3%A1%20mayor%20representatividad%20en%20organizaciones%20de%20usuarios%20de%20aguas&#038;url=https:\/\/radiorevelacionfm.cl\/?p=17451' aria-hidden='false' data-av_icon='\ue8f1' data-av_iconfont='entypo-fontello' title='' data-avia-related-tooltip='Compartir en Twitter' rel=\"noopener\"><span class='avia_hidden_link_text'>Compartir en Twitter<\/span><\/a><\/li><li class='av-share-link av-social-link-whatsapp' ><a target=\"_blank\" aria-label=\"Compartir en Whatsapp\" href='https:\/\/api.whatsapp.com\/send?text=https:\/\/radiorevelacionfm.cl\/?p=17451' aria-hidden='false' data-av_icon='\uf232' data-av_iconfont='entypo-fontello' title='' data-avia-related-tooltip='Compartir en Whatsapp' rel=\"noopener\"><span class='avia_hidden_link_text'>Compartir en Whatsapp<\/span><\/a><\/li><li class='av-share-link av-social-link-linkedin' ><a target=\"_blank\" aria-label=\"Compartir en LinkedIn\" href='https:\/\/linkedin.com\/shareArticle?mini=true&#038;title=Instrucci%C3%B3n%20de%20la%20Direcci%C3%B3n%20General%20de%20Aguas%20del%20MOP%20permitir%C3%A1%20mayor%20representatividad%20en%20organizaciones%20de%20usuarios%20de%20aguas&#038;url=https:\/\/radiorevelacionfm.cl\/?p=17451' aria-hidden='false' data-av_icon='\ue8fc' data-av_iconfont='entypo-fontello' title='' data-avia-related-tooltip='Compartir en LinkedIn' rel=\"noopener\"><span class='avia_hidden_link_text'>Compartir en LinkedIn<\/span><\/a><\/li><li class='av-share-link av-social-link-mail' ><a  aria-label=\"Compartir por correo\" href='mailto:?subject=Instrucci%C3%B3n%20de%20la%20Direcci%C3%B3n%20General%20de%20Aguas%20del%20MOP%20permitir%C3%A1%20mayor%20representatividad%20en%20organizaciones%20de%20usuarios%20de%20aguas&#038;body=https:\/\/radiorevelacionfm.cl\/?p=17451' aria-hidden='false' data-av_icon='\ue805' data-av_iconfont='entypo-fontello' title='' data-avia-related-tooltip='Compartir por correo'><span class='avia_hidden_link_text'>Compartir por correo<\/span><\/a><\/li><\/ul><\/div><\/div>\n<div  style='height:50px' class='hr hr-invisible   avia-builder-el-8  el_after_av_social_share  el_before_av_comments_list '><span class='hr-inner ' ><span class='hr-inner-style'><\/span><\/span><\/div>\n<div  class='av-buildercomment  av-blog-meta-html-info-disabled av-blog-meta-tag-disabled  '><\/div>\n","protected":false},"excerpt":{"rendered":"","protected":false},"author":1,"featured_media":17452,"comment_status":"open","ping_status":"open","sticky":false,"template":"","format":"standard","meta":{"footnotes":""},"categories":[38],"tags":[],"class_list":["post-17451","post","type-post","status-publish","format-standard","has-post-thumbnail","hentry","category-regional"],"jetpack_featured_media_url":"https:\/\/radiorevelacionfm.cl\/wp-content\/uploads\/2022\/06\/comunidad-aguas-dos-1_optimized.jpg","_links":{"self":[{"href":"https:\/\/radiorevelacionfm.cl\/index.php?rest_route=\/wp\/v2\/posts\/17451","targetHints":{"allow":["GET"]}}],"collection":[{"href":"https:\/\/radiorevelacionfm.cl\/index.php?rest_route=\/wp\/v2\/posts"}],"about":[{"href":"https:\/\/radiorevelacionfm.cl\/index.php?rest_route=\/wp\/v2\/types\/post"}],"author":[{"embeddable":true,"href":"https:\/\/radiorevelacionfm.cl\/index.php?rest_route=\/wp\/v2\/users\/1"}],"replies":[{"embeddable":true,"href":"https:\/\/radiorevelacionfm.cl\/index.php?rest_route=%2Fwp%2Fv2%2Fcomments&post=17451"}],"version-history":[{"count":2,"href":"https:\/\/radiorevelacionfm.cl\/index.php?rest_route=\/wp\/v2\/posts\/17451\/revisions"}],"predecessor-version":[{"id":17454,"href":"https:\/\/radiorevelacionfm.cl\/index.php?rest_route=\/wp\/v2\/posts\/17451\/revisions\/17454"}],"wp:featuredmedia":[{"embeddable":true,"href":"https:\/\/radiorevelacionfm.cl\/index.php?rest_route=\/wp\/v2\/media\/17452"}],"wp:attachment":[{"href":"https:\/\/radiorevelacionfm.cl\/index.php?rest_route=%2Fwp%2Fv2%2Fmedia&parent=17451"}],"wp:term":[{"taxonomy":"category","embeddable":true,"href":"https:\/\/radiorevelacionfm.cl\/index.php?rest_route=%2Fwp%2Fv2%2Fcategories&post=17451"},{"taxonomy":"post_tag","embeddable":true,"href":"https:\/\/radiorevelacionfm.cl\/index.php?rest_route=%2Fwp%2Fv2%2Ftags&post=17451"}],"curies":[{"name":"wp","href":"https:\/\/api.w.org\/{rel}","templated":true}]}}