{"id":17442,"date":"2022-06-01T12:28:06","date_gmt":"2022-06-01T15:28:06","guid":{"rendered":"https:\/\/radiorevelacionfm.cl\/?p=17442"},"modified":"2022-06-01T12:28:06","modified_gmt":"2022-06-01T15:28:06","slug":"andrea-macias-palma-rinde-su-primera-cuenta-publica-como-gobernadora-regional","status":"publish","type":"post","link":"https:\/\/radiorevelacionfm.cl\/?p=17442","title":{"rendered":"Andrea Mac\u00edas Palma rinde su primera cuenta p\u00fablica como Gobernadora Regional"},"content":{"rendered":"<div class=\"flex_column av_one_full  flex_column_div av-zero-column-padding first  avia-builder-el-0  el_before_av_one_full  avia-builder-el-first  \" style='border-radius:0px; '><div  class='avia-image-container  av-styling-    avia-builder-el-1  avia-builder-el-no-sibling  avia-align-center '  itemprop=\"image\" itemscope=\"itemscope\" itemtype=\"https:\/\/schema.org\/ImageObject\"  ><div class='avia-image-container-inner'><div class='avia-image-overlay-wrap'><img decoding=\"async\" class='wp-image-17444 avia-img-lazy-loading-not-17444 avia_image' src=\"https:\/\/radiorevelacionfm.cl\/wp-content\/uploads\/2022\/06\/Cuenta-Publica-1-1.jpg\" alt='' title='Cuenta P\u00fablica (1) (1)' height=\"600\" width=\"976\"  itemprop=\"thumbnailUrl\" srcset=\"https:\/\/radiorevelacionfm.cl\/wp-content\/uploads\/2022\/06\/Cuenta-Publica-1-1.jpg 976w, https:\/\/radiorevelacionfm.cl\/wp-content\/uploads\/2022\/06\/Cuenta-Publica-1-1-300x184.jpg 300w, https:\/\/radiorevelacionfm.cl\/wp-content\/uploads\/2022\/06\/Cuenta-Publica-1-1-768x472.jpg 768w, https:\/\/radiorevelacionfm.cl\/wp-content\/uploads\/2022\/06\/Cuenta-Publica-1-1-705x433.jpg 705w, https:\/\/radiorevelacionfm.cl\/wp-content\/uploads\/2022\/06\/Cuenta-Publica-1-1-600x369.jpg 600w\" sizes=\"(max-width: 976px) 100vw, 976px\" \/><\/div><\/div><\/div><\/div><div class=\"flex_column av_one_full  flex_column_div av-zero-column-padding first  avia-builder-el-2  el_after_av_one_full  el_before_av_one_full  column-top-margin\" style='border-radius:0px; '><section class=\"av_textblock_section \"  itemscope=\"itemscope\" itemtype=\"https:\/\/schema.org\/BlogPosting\" itemprop=\"blogPost\" ><div class='avia_textblock  '   itemprop=\"text\" ><p style=\"text-align: center;\"><strong><span style=\"font-size: 18pt;\">Andrea Mac\u00edas Palma rinde su primera cuenta p\u00fablica como Gobernadora Regional<\/span><\/strong><\/p>\n<div id=\"gtx-trans\" style=\"position: absolute; left: -50px; top: 4.31534px;\">\n<div class=\"gtx-trans-icon\"><\/div>\n<\/div>\n<\/div><\/section><\/div><div class=\"flex_column av_one_full  flex_column_div av-zero-column-padding first  avia-builder-el-4  el_after_av_one_full  el_before_av_hr  column-top-margin\" style='border-radius:0px; '><section class=\"av_textblock_section \"  itemscope=\"itemscope\" itemtype=\"https:\/\/schema.org\/BlogPosting\" itemprop=\"blogPost\" ><div class='avia_textblock  '   itemprop=\"text\" ><p style=\"text-align: justify;\">La Gobernadora resalt\u00f3 el estilo de trabajo que ha impuesto estos primeros meses de gesti\u00f3n donde destaca el trabajo colaborativo con Consejeros y Consejeras Regionales, los Municipios y sus Alcaldes, pero sobretodo incluyendo la participaci\u00f3n ciudadana en la toma de decisiones desde el Gobierno Regional.<\/p>\n<p style=\"text-align: justify;\">\u00abEstamos frente a una posibilidad \u00fanica, de empoderar a un nuevo actor\/a en el\u00a0panorama regional, que responda a las demandas de los menos escuchados, sin estar\u00a0afecto a los vaivenes del gobierno central de turno; un\/a gobernador\/a regional capaz de poner en evidencia las problem\u00e1ticas locales, por sobre las mezquindades particulares.\u00a0 Aquella persona que deja de mirar al centro, para mirar de frente a sus comunidades, respondiendo a ellas\u00bb, manifest\u00f3 en sus primeras palabras.<\/p>\n<p style=\"text-align: justify;\">\u00abUn viaje por el territorio y maritorio\u00bb fue el t\u00edtulo de su Primera Cuenta P\u00fablica 2022, \u00a0que present\u00f3 ambiciosas y necesarias metas para traer justicia territorial a la regi\u00f3n, las que s\u00f3lo ser\u00e1n posibles con Participaci\u00f3n Ciudadana, \u00b7porque no queremos que las decisiones que afectan a un territorio no tomen en cuenta a las personas que lo habitan. Ese es uno de nuestros compromisos desde el inicio\u00bb, afirm\u00f3 la Gobrnadora Mac\u00edas.<\/p>\n<p style=\"text-align: justify;\">\u00abPor eso estamos muy contentos de que una de nuestras primeras definiciones en el trabajo del Gobierno Regional fuera elaborar la Pol\u00edtica Regional de Participaci\u00f3n Ciudadana, que se est\u00e1 trabajando en los distintos territorios de la regi\u00f3n y con un Consejo Consultivo que representa a las fuerzas vivas que tenemos, patrimonio de la diversidad de la regi\u00f3n completa y que hoy nos acompa\u00f1an aqu\u00ed. Un aplauso para ellos y ellas que han trabajado arduamente para poder acompa\u00f1ar este proceso in\u00e9dito en nuestra regi\u00f3n\u00bb, contin\u00fao.<\/p>\n<p style=\"text-align: justify;\">\u00abQueremos que nuestras decisiones se tomen con la voz de los habitantes y todo el conocimiento que se produce en la regi\u00f3n y tambi\u00e9n con las autoridades locales. Por eso es tan importante recalcar nuevamente nuestra relaci\u00f3n con los Municipios. Los alcaldes son nuestros aliados estrat\u00e9gicos, porque son la primera cara que tiene la ciudadan\u00eda del Estado. Junto a ellos, lucharemos por el desarrollo arm\u00f3nico de nuestra regi\u00f3n completa. En todos sus rincones, en todas sus comunidades. Sin importar el color pol\u00edtico, porque todas y todos queremos una regi\u00f3n m\u00e1s justa y menos desigual\u00bb, afirm\u00f3.<\/p>\n<p style=\"text-align: justify;\">Tambi\u00e9n, invit\u00f3 a so\u00f1ar una regi\u00f3n de Ays\u00e9n de los pr\u00f3ximos 30 a\u00f1os, para que los cimientos del desarrollo arm\u00f3nico siempre est\u00e9n considerados en la inversi\u00f3n p\u00fablica.<\/p>\n<p style=\"text-align: justify;\">\u00abSo\u00f1emos colectivamente, esa es la invitaci\u00f3n. Porque hoy contamos con la oportunidad \u00fanica de hacer estos sue\u00f1os realidad, con el apoyo de todas y todos para lograrlo. A que dejemos de hablar de dolores, y empecemos a hablar de esperanza. A que junto con los Municipios y sus alcaldes avancemos en equidad y colaboraci\u00f3n. Nuestro compromiso es en el territorio y sus comunidades, pero necesitamos tambi\u00e9n el compromiso de ustedes de fortalecer la gesti\u00f3n local, el uso eficiente y oportuno de los recursos regionales, de la incorporaci\u00f3n de la ciudadan\u00eda en todos los proyectos\u00bb.<\/p>\n<p style=\"text-align: justify;\">Todos los detalles de esta cuenta y el balance de la ejecuci\u00f3n presupuestaria, la puedes encontrar en la p\u00e1gina web del Gobierno Regional de Ays\u00e9n\u00a0<a href=\"http:\/\/www.goreaysen.cl\/\" target=\"_blank\" rel=\"noopener noreferrer\">www.goreaysen.cl<\/a><\/p>\n<div><\/div>\n<\/div><\/section><\/div><div  style='height:50px' class='hr hr-invisible   avia-builder-el-6  el_after_av_one_full  el_before_av_social_share '><span class='hr-inner ' ><span class='hr-inner-style'><\/span><\/span><\/div><\/p>\n<div  class='av-social-sharing-box  avia-builder-el-7  el_after_av_hr  el_before_av_hr  '><div class='av-share-box'><h5 class='av-share-link-description av-no-toc '>Compartir esta noticia<\/h5><ul class='av-share-box-list noLightbox'><li class='av-share-link av-social-link-facebook' ><a target=\"_blank\" aria-label=\"Compartir en Facebook\" href='https:\/\/www.facebook.com\/sharer.php?u=https:\/\/radiorevelacionfm.cl\/?p=17442&#038;t=Andrea%20Mac%C3%ADas%20Palma%20rinde%20su%20primera%20cuenta%20p%C3%BAblica%20como%20Gobernadora%20Regional' aria-hidden='false' data-av_icon='\ue8f3' data-av_iconfont='entypo-fontello' title='' data-avia-related-tooltip='Compartir en Facebook' rel=\"noopener\"><span class='avia_hidden_link_text'>Compartir en Facebook<\/span><\/a><\/li><li class='av-share-link av-social-link-twitter' ><a target=\"_blank\" aria-label=\"Compartir en Twitter\" href='https:\/\/twitter.com\/share?text=Andrea%20Mac%C3%ADas%20Palma%20rinde%20su%20primera%20cuenta%20p%C3%BAblica%20como%20Gobernadora%20Regional&#038;url=https:\/\/radiorevelacionfm.cl\/?p=17442' aria-hidden='false' data-av_icon='\ue8f1' data-av_iconfont='entypo-fontello' title='' data-avia-related-tooltip='Compartir en Twitter' rel=\"noopener\"><span class='avia_hidden_link_text'>Compartir en Twitter<\/span><\/a><\/li><li class='av-share-link av-social-link-whatsapp' ><a target=\"_blank\" aria-label=\"Compartir en Whatsapp\" href='https:\/\/api.whatsapp.com\/send?text=https:\/\/radiorevelacionfm.cl\/?p=17442' aria-hidden='false' data-av_icon='\uf232' data-av_iconfont='entypo-fontello' title='' data-avia-related-tooltip='Compartir en Whatsapp' rel=\"noopener\"><span class='avia_hidden_link_text'>Compartir en Whatsapp<\/span><\/a><\/li><li class='av-share-link av-social-link-linkedin' ><a target=\"_blank\" aria-label=\"Compartir en LinkedIn\" href='https:\/\/linkedin.com\/shareArticle?mini=true&#038;title=Andrea%20Mac%C3%ADas%20Palma%20rinde%20su%20primera%20cuenta%20p%C3%BAblica%20como%20Gobernadora%20Regional&#038;url=https:\/\/radiorevelacionfm.cl\/?p=17442' aria-hidden='false' data-av_icon='\ue8fc' data-av_iconfont='entypo-fontello' title='' data-avia-related-tooltip='Compartir en LinkedIn' rel=\"noopener\"><span class='avia_hidden_link_text'>Compartir en LinkedIn<\/span><\/a><\/li><li class='av-share-link av-social-link-mail' ><a  aria-label=\"Compartir por correo\" href='mailto:?subject=Andrea%20Mac%C3%ADas%20Palma%20rinde%20su%20primera%20cuenta%20p%C3%BAblica%20como%20Gobernadora%20Regional&#038;body=https:\/\/radiorevelacionfm.cl\/?p=17442' aria-hidden='false' data-av_icon='\ue805' data-av_iconfont='entypo-fontello' title='' data-avia-related-tooltip='Compartir por correo'><span class='avia_hidden_link_text'>Compartir por correo<\/span><\/a><\/li><\/ul><\/div><\/div>\n<div  style='height:50px' class='hr hr-invisible   avia-builder-el-8  el_after_av_social_share  el_before_av_comments_list '><span class='hr-inner ' ><span class='hr-inner-style'><\/span><\/span><\/div>\n<div  class='av-buildercomment  av-blog-meta-html-info-disabled av-blog-meta-tag-disabled  '><\/div>\n","protected":false},"excerpt":{"rendered":"","protected":false},"author":1,"featured_media":17444,"comment_status":"open","ping_status":"open","sticky":false,"template":"","format":"standard","meta":{"footnotes":""},"categories":[38],"tags":[],"class_list":["post-17442","post","type-post","status-publish","format-standard","has-post-thumbnail","hentry","category-regional"],"jetpack_featured_media_url":"https:\/\/radiorevelacionfm.cl\/wp-content\/uploads\/2022\/06\/Cuenta-Publica-1-1.jpg","_links":{"self":[{"href":"https:\/\/radiorevelacionfm.cl\/index.php?rest_route=\/wp\/v2\/posts\/17442","targetHints":{"allow":["GET"]}}],"collection":[{"href":"https:\/\/radiorevelacionfm.cl\/index.php?rest_route=\/wp\/v2\/posts"}],"about":[{"href":"https:\/\/radiorevelacionfm.cl\/index.php?rest_route=\/wp\/v2\/types\/post"}],"author":[{"embeddable":true,"href":"https:\/\/radiorevelacionfm.cl\/index.php?rest_route=\/wp\/v2\/users\/1"}],"replies":[{"embeddable":true,"href":"https:\/\/radiorevelacionfm.cl\/index.php?rest_route=%2Fwp%2Fv2%2Fcomments&post=17442"}],"version-history":[{"count":2,"href":"https:\/\/radiorevelacionfm.cl\/index.php?rest_route=\/wp\/v2\/posts\/17442\/revisions"}],"predecessor-version":[{"id":17446,"href":"https:\/\/radiorevelacionfm.cl\/index.php?rest_route=\/wp\/v2\/posts\/17442\/revisions\/17446"}],"wp:featuredmedia":[{"embeddable":true,"href":"https:\/\/radiorevelacionfm.cl\/index.php?rest_route=\/wp\/v2\/media\/17444"}],"wp:attachment":[{"href":"https:\/\/radiorevelacionfm.cl\/index.php?rest_route=%2Fwp%2Fv2%2Fmedia&parent=17442"}],"wp:term":[{"taxonomy":"category","embeddable":true,"href":"https:\/\/radiorevelacionfm.cl\/index.php?rest_route=%2Fwp%2Fv2%2Fcategories&post=17442"},{"taxonomy":"post_tag","embeddable":true,"href":"https:\/\/radiorevelacionfm.cl\/index.php?rest_route=%2Fwp%2Fv2%2Ftags&post=17442"}],"curies":[{"name":"wp","href":"https:\/\/api.w.org\/{rel}","templated":true}]}}