{"id":17438,"date":"2022-06-01T10:45:25","date_gmt":"2022-06-01T13:45:25","guid":{"rendered":"https:\/\/radiorevelacionfm.cl\/?p=17438"},"modified":"2022-06-01T10:45:25","modified_gmt":"2022-06-01T13:45:25","slug":"consejo-regional-de-aysen-realiza-historico-aporte-de-financiamiento-para-bomberos-de-la-region","status":"publish","type":"post","link":"https:\/\/radiorevelacionfm.cl\/?p=17438","title":{"rendered":"Consejo Regional de Ays\u00e9n realiza hist\u00f3rico aporte de financiamiento para Bomberos de la regi\u00f3n"},"content":{"rendered":"<div class=\"flex_column av_one_full  flex_column_div av-zero-column-padding first  avia-builder-el-0  el_before_av_one_full  avia-builder-el-first  \" style='border-radius:0px; '><div  class='avia-image-container  av-styling-    avia-builder-el-1  avia-builder-el-no-sibling  avia-align-center '  itemprop=\"image\" itemscope=\"itemscope\" itemtype=\"https:\/\/schema.org\/ImageObject\"  ><div class='avia-image-container-inner'><div class='avia-image-overlay-wrap'><img decoding=\"async\" class='wp-image-17439 avia-img-lazy-loading-not-17439 avia_image' src=\"https:\/\/radiorevelacionfm.cl\/wp-content\/uploads\/2022\/06\/Bomberos-2-1-1.jpeg\" alt='' title='Bomberos 2 (1) (1)' height=\"600\" width=\"901\"  itemprop=\"thumbnailUrl\" srcset=\"https:\/\/radiorevelacionfm.cl\/wp-content\/uploads\/2022\/06\/Bomberos-2-1-1.jpeg 901w, https:\/\/radiorevelacionfm.cl\/wp-content\/uploads\/2022\/06\/Bomberos-2-1-1-300x200.jpeg 300w, https:\/\/radiorevelacionfm.cl\/wp-content\/uploads\/2022\/06\/Bomberos-2-1-1-768x511.jpeg 768w, https:\/\/radiorevelacionfm.cl\/wp-content\/uploads\/2022\/06\/Bomberos-2-1-1-705x469.jpeg 705w, https:\/\/radiorevelacionfm.cl\/wp-content\/uploads\/2022\/06\/Bomberos-2-1-1-600x400.jpeg 600w\" sizes=\"(max-width: 901px) 100vw, 901px\" \/><\/div><\/div><\/div><\/div><div class=\"flex_column av_one_full  flex_column_div av-zero-column-padding first  avia-builder-el-2  el_after_av_one_full  el_before_av_one_full  column-top-margin\" style='border-radius:0px; '><section class=\"av_textblock_section \"  itemscope=\"itemscope\" itemtype=\"https:\/\/schema.org\/BlogPosting\" itemprop=\"blogPost\" ><div class='avia_textblock  '   itemprop=\"text\" ><p style=\"text-align: center;\"><strong><span style=\"font-size: 18pt;\">Consejo Regional de Ays\u00e9n realiza hist\u00f3rico aporte de financiamiento para Bomberos de la regi\u00f3n<\/span><\/strong><\/p>\n<div id=\"gtx-trans\" style=\"position: absolute; left: -50px; top: 4.31534px;\">\n<div class=\"gtx-trans-icon\"><\/div>\n<\/div>\n<\/div><\/section><\/div><div class=\"flex_column av_one_full  flex_column_div av-zero-column-padding first  avia-builder-el-4  el_after_av_one_full  el_before_av_hr  column-top-margin\" style='border-radius:0px; '><section class=\"av_textblock_section \"  itemscope=\"itemscope\" itemtype=\"https:\/\/schema.org\/BlogPosting\" itemprop=\"blogPost\" ><div class='avia_textblock  '   itemprop=\"text\" ><p style=\"text-align: justify;\">Luego de un arduo trabajo de la Comisi\u00f3n de Presupuestos e Inversiones y la Divisi\u00f3n de Presupuestos e Inversiones (DPIR) del Gobierno Regional, es que en su \u00faltima sesi\u00f3n se aprob\u00f3 la modificaci\u00f3n presupuestaria que, entre otras iniciativas, financiar\u00e1 con casi 17 mil millones de pesos a los Cuerpos de Bomberos de la regi\u00f3n.<\/p>\n<p style=\"text-align: justify;\">Para la Gobernadora Regional Andrea Mac\u00edas Palma, el convenio de programaci\u00f3n con Bomberos se hab\u00eda estado trabajando hace bastante tiempo para poder hacer realidad esta necesidad de las y los voluntarios.<\/p>\n<p style=\"text-align: justify;\">\u00abHoy se tom\u00f3 la decisi\u00f3n pol\u00edtica de poder concretar este Convenio, lo que es una tremenda noticia. Gracias a esto, los Cuerpos de Bomberos podr\u00e1n hacer adquisici\u00f3n de equipamiento, pero tambi\u00e9n de ropa, de trajes de seguridad, que resguarden la vida de aquellos que arriesgan la vida por nosotros. Estamos muy contentos sobre todo porque este es un trabajo que hemos hecho en conjunto con Bomberos, priorizando y buscando que la distribuci\u00f3n de todo esto sea equitativo y se ajuste al territorio de nuestra regi\u00f3n\u00bb, coment\u00f3 la m\u00e1xima autoridad.<\/p>\n<p style=\"text-align: justify;\">Para Miguel Jara, Presidente Regional de Bomberos, este aporte hist\u00f3rico se viene trabajando hace a\u00f1os y es satisfactorio que por fin vea la luz. \u00abTenemos m\u00faltiples necesidades, ya sea de material menor que es la ropa de trabajo, de renovar los equipos de los carros que tenemos en la regi\u00f3n para implementar carros realmente apropiados para las diferentes emergencias que tenemos. Hoy, gracias a la voluntad de la Gobernadora para poner en tabla este tema, gracias al apoyo de todos los consejeros regionales, sacamos adelante esto que es un anhelo de los bomberos de la regi\u00f3n Ays\u00e9n. Para igualar un poco la cancha en las condiciones de las capacidades, no de las capacidades, sino los materiales con lo que cuentan en el pa\u00eds, en la regi\u00f3n estamos muy atrasados en cuanto a eso, as\u00ed que muy agradecido por la visi\u00f3n de futuro de la gobernadora, por el apoyo un\u00e1nime del Consejo Regional\u00bb.<\/p>\n<p style=\"text-align: justify;\">Finalmente, para la Consejera Regional Paula Acu\u00f1a, el arduo trabajo de discusi\u00f3n que se realiz\u00f3 en la Comisi\u00f3n de Presupuestos e Inversiones dio frutos.<\/p>\n<p style=\"text-align: justify;\">\u00abEstuvimos trabajando en largas jornadas conociendo los antecedentes y adem\u00e1s tambi\u00e9n buscando las mejores estrategias para mejorar nuestra ejecuci\u00f3n presupuestaria que es un indicador claramente, pero adem\u00e1s tambi\u00e9n pudimos aprovechar ese gran problema que ten\u00edamos para poder beneficiar a algo tan importante y poner en relevo la tarea tan noble de los bomberos y en particular de las bomberas, porque la modificaci\u00f3n presupuestaria va permitir presentar ciertos proyectos que puedan ir de la mano con la compra de activos no financieros que, en palabras muy sencillas, tienen que ver con comprar cosas que le sirven a los bomberos pueden ser camiones, pero adem\u00e1s est\u00e1 contemplado trajes especializados para las bomberas\u00bb.<\/p>\n<\/div><\/section><\/div><div  style='height:50px' class='hr hr-invisible   avia-builder-el-6  el_after_av_one_full  el_before_av_social_share '><span class='hr-inner ' ><span class='hr-inner-style'><\/span><\/span><\/div><\/p>\n<div  class='av-social-sharing-box  avia-builder-el-7  el_after_av_hr  el_before_av_hr  '><div class='av-share-box'><h5 class='av-share-link-description av-no-toc '>Compartir esta noticia<\/h5><ul class='av-share-box-list noLightbox'><li class='av-share-link av-social-link-facebook' ><a target=\"_blank\" aria-label=\"Compartir en Facebook\" href='https:\/\/www.facebook.com\/sharer.php?u=https:\/\/radiorevelacionfm.cl\/?p=17438&#038;t=Consejo%20Regional%20de%20Ays%C3%A9n%20realiza%20hist%C3%B3rico%20aporte%20de%20financiamiento%20para%20Bomberos%20de%20la%20regi%C3%B3n' aria-hidden='false' data-av_icon='\ue8f3' data-av_iconfont='entypo-fontello' title='' data-avia-related-tooltip='Compartir en Facebook' rel=\"noopener\"><span class='avia_hidden_link_text'>Compartir en Facebook<\/span><\/a><\/li><li class='av-share-link av-social-link-twitter' ><a target=\"_blank\" aria-label=\"Compartir en Twitter\" href='https:\/\/twitter.com\/share?text=Consejo%20Regional%20de%20Ays%C3%A9n%20realiza%20hist%C3%B3rico%20aporte%20de%20financiamiento%20para%20Bomberos%20de%20la%20regi%C3%B3n&#038;url=https:\/\/radiorevelacionfm.cl\/?p=17438' aria-hidden='false' data-av_icon='\ue8f1' data-av_iconfont='entypo-fontello' title='' data-avia-related-tooltip='Compartir en Twitter' rel=\"noopener\"><span class='avia_hidden_link_text'>Compartir en Twitter<\/span><\/a><\/li><li class='av-share-link av-social-link-whatsapp' ><a target=\"_blank\" aria-label=\"Compartir en Whatsapp\" href='https:\/\/api.whatsapp.com\/send?text=https:\/\/radiorevelacionfm.cl\/?p=17438' aria-hidden='false' data-av_icon='\uf232' data-av_iconfont='entypo-fontello' title='' data-avia-related-tooltip='Compartir en Whatsapp' rel=\"noopener\"><span class='avia_hidden_link_text'>Compartir en Whatsapp<\/span><\/a><\/li><li class='av-share-link av-social-link-linkedin' ><a target=\"_blank\" aria-label=\"Compartir en LinkedIn\" href='https:\/\/linkedin.com\/shareArticle?mini=true&#038;title=Consejo%20Regional%20de%20Ays%C3%A9n%20realiza%20hist%C3%B3rico%20aporte%20de%20financiamiento%20para%20Bomberos%20de%20la%20regi%C3%B3n&#038;url=https:\/\/radiorevelacionfm.cl\/?p=17438' aria-hidden='false' data-av_icon='\ue8fc' data-av_iconfont='entypo-fontello' title='' data-avia-related-tooltip='Compartir en LinkedIn' rel=\"noopener\"><span class='avia_hidden_link_text'>Compartir en LinkedIn<\/span><\/a><\/li><li class='av-share-link av-social-link-mail' ><a  aria-label=\"Compartir por correo\" href='mailto:?subject=Consejo%20Regional%20de%20Ays%C3%A9n%20realiza%20hist%C3%B3rico%20aporte%20de%20financiamiento%20para%20Bomberos%20de%20la%20regi%C3%B3n&#038;body=https:\/\/radiorevelacionfm.cl\/?p=17438' aria-hidden='false' data-av_icon='\ue805' data-av_iconfont='entypo-fontello' title='' data-avia-related-tooltip='Compartir por correo'><span class='avia_hidden_link_text'>Compartir por correo<\/span><\/a><\/li><\/ul><\/div><\/div>\n<div  style='height:50px' class='hr hr-invisible   avia-builder-el-8  el_after_av_social_share  el_before_av_comments_list '><span class='hr-inner ' ><span class='hr-inner-style'><\/span><\/span><\/div>\n<div  class='av-buildercomment  av-blog-meta-html-info-disabled av-blog-meta-tag-disabled  '><\/div>\n","protected":false},"excerpt":{"rendered":"","protected":false},"author":1,"featured_media":17439,"comment_status":"open","ping_status":"open","sticky":false,"template":"","format":"standard","meta":{"footnotes":""},"categories":[38],"tags":[],"class_list":["post-17438","post","type-post","status-publish","format-standard","has-post-thumbnail","hentry","category-regional"],"jetpack_featured_media_url":"https:\/\/radiorevelacionfm.cl\/wp-content\/uploads\/2022\/06\/Bomberos-2-1-1.jpeg","_links":{"self":[{"href":"https:\/\/radiorevelacionfm.cl\/index.php?rest_route=\/wp\/v2\/posts\/17438","targetHints":{"allow":["GET"]}}],"collection":[{"href":"https:\/\/radiorevelacionfm.cl\/index.php?rest_route=\/wp\/v2\/posts"}],"about":[{"href":"https:\/\/radiorevelacionfm.cl\/index.php?rest_route=\/wp\/v2\/types\/post"}],"author":[{"embeddable":true,"href":"https:\/\/radiorevelacionfm.cl\/index.php?rest_route=\/wp\/v2\/users\/1"}],"replies":[{"embeddable":true,"href":"https:\/\/radiorevelacionfm.cl\/index.php?rest_route=%2Fwp%2Fv2%2Fcomments&post=17438"}],"version-history":[{"count":2,"href":"https:\/\/radiorevelacionfm.cl\/index.php?rest_route=\/wp\/v2\/posts\/17438\/revisions"}],"predecessor-version":[{"id":17441,"href":"https:\/\/radiorevelacionfm.cl\/index.php?rest_route=\/wp\/v2\/posts\/17438\/revisions\/17441"}],"wp:featuredmedia":[{"embeddable":true,"href":"https:\/\/radiorevelacionfm.cl\/index.php?rest_route=\/wp\/v2\/media\/17439"}],"wp:attachment":[{"href":"https:\/\/radiorevelacionfm.cl\/index.php?rest_route=%2Fwp%2Fv2%2Fmedia&parent=17438"}],"wp:term":[{"taxonomy":"category","embeddable":true,"href":"https:\/\/radiorevelacionfm.cl\/index.php?rest_route=%2Fwp%2Fv2%2Fcategories&post=17438"},{"taxonomy":"post_tag","embeddable":true,"href":"https:\/\/radiorevelacionfm.cl\/index.php?rest_route=%2Fwp%2Fv2%2Ftags&post=17438"}],"curies":[{"name":"wp","href":"https:\/\/api.w.org\/{rel}","templated":true}]}}