{"id":17433,"date":"2022-06-01T10:09:47","date_gmt":"2022-06-01T13:09:47","guid":{"rendered":"https:\/\/radiorevelacionfm.cl\/?p=17433"},"modified":"2022-06-01T10:09:47","modified_gmt":"2022-06-01T13:09:47","slug":"exponen-estudio-de-pre-factibilidad-de-conexion-vial-a-comunidades-de-los-sectores-rio-neff-el-maiten-cerro-negro-y-colonia-norte","status":"publish","type":"post","link":"https:\/\/radiorevelacionfm.cl\/?p=17433","title":{"rendered":"Exponen estudio de pre factibilidad de conexi\u00f3n vial a comunidades de los sectores R\u00edo Neff-El Mait\u00e9n-Cerro Negro y Colonia Norte"},"content":{"rendered":"<div class=\"flex_column av_one_full  flex_column_div av-zero-column-padding first  avia-builder-el-0  el_before_av_one_full  avia-builder-el-first  \" style='border-radius:0px; '><div  class='avia-image-container  av-styling-    avia-builder-el-1  avia-builder-el-no-sibling  avia-align-center '  itemprop=\"image\" itemscope=\"itemscope\" itemtype=\"https:\/\/schema.org\/ImageObject\"  ><div class='avia-image-container-inner'><div class='avia-image-overlay-wrap'><img decoding=\"async\" class='wp-image-17434 avia-img-lazy-loading-not-17434 avia_image' src=\"https:\/\/radiorevelacionfm.cl\/wp-content\/uploads\/2022\/05\/todos-cerca-2-1_optimized.jpg\" alt='' title='todos-cerca-2-(1)_optimized' height=\"600\" width=\"1676\"  itemprop=\"thumbnailUrl\" srcset=\"https:\/\/radiorevelacionfm.cl\/wp-content\/uploads\/2022\/05\/todos-cerca-2-1_optimized.jpg 1676w, https:\/\/radiorevelacionfm.cl\/wp-content\/uploads\/2022\/05\/todos-cerca-2-1_optimized-300x107.jpg 300w, https:\/\/radiorevelacionfm.cl\/wp-content\/uploads\/2022\/05\/todos-cerca-2-1_optimized-1030x369.jpg 1030w, https:\/\/radiorevelacionfm.cl\/wp-content\/uploads\/2022\/05\/todos-cerca-2-1_optimized-768x275.jpg 768w, https:\/\/radiorevelacionfm.cl\/wp-content\/uploads\/2022\/05\/todos-cerca-2-1_optimized-1536x550.jpg 1536w, https:\/\/radiorevelacionfm.cl\/wp-content\/uploads\/2022\/05\/todos-cerca-2-1_optimized-1500x537.jpg 1500w, https:\/\/radiorevelacionfm.cl\/wp-content\/uploads\/2022\/05\/todos-cerca-2-1_optimized-705x252.jpg 705w, https:\/\/radiorevelacionfm.cl\/wp-content\/uploads\/2022\/05\/todos-cerca-2-1_optimized-600x215.jpg 600w\" sizes=\"(max-width: 1676px) 100vw, 1676px\" \/><\/div><\/div><\/div><\/div><div class=\"flex_column av_one_full  flex_column_div av-zero-column-padding first  avia-builder-el-2  el_after_av_one_full  el_before_av_one_full  column-top-margin\" style='border-radius:0px; '><section class=\"av_textblock_section \"  itemscope=\"itemscope\" itemtype=\"https:\/\/schema.org\/BlogPosting\" itemprop=\"blogPost\" ><div class='avia_textblock  '   itemprop=\"text\" ><p style=\"text-align: center;\"><strong><span style=\"font-size: 18pt;\">Exponen estudio de pre factibilidad de conexi\u00f3n vial a comunidades de los sectores R\u00edo Neff-El Mait\u00e9n-Cerro Negro y Colonia Norte<\/span><\/strong><\/p>\n<div id=\"gtx-trans\" style=\"position: absolute; left: -50px; top: 4.31534px;\">\n<div class=\"gtx-trans-icon\"><\/div>\n<\/div>\n<\/div><\/section><\/div><div class=\"flex_column av_one_full  flex_column_div av-zero-column-padding first  avia-builder-el-4  el_after_av_one_full  el_before_av_hr  column-top-margin\" style='border-radius:0px; '><section class=\"av_textblock_section \"  itemscope=\"itemscope\" itemtype=\"https:\/\/schema.org\/BlogPosting\" itemprop=\"blogPost\" ><div class='avia_textblock  '   itemprop=\"text\" ><p style=\"text-align: justify;\">El Secretario Regional Ministerial de Obras P\u00fablicas, Patricio Sanhueza Ulloa inform\u00f3 que junto al equipo de la Direcci\u00f3n Nacional y Oficina Provincial de Vialidad MOP y la empresa Consultora CIS, Asociaci\u00f3n Consultores en Transportes S.A., esta semana realizaron una exposici\u00f3n del Estudio de Pre Factibilidad de conexi\u00f3n vial en el sector Balsa Baker a las vecinas y vecinos de los sectores Colonia Norte, R\u00edo Neff-El Mait\u00e9n y Cerro Negro, ubicados en la comuna de Cochrane.<\/p>\n<p style=\"text-align: justify;\">En la oportunidad, el SEREMI del MOP destac\u00f3 \u201cHemos venido a apoyar y reforzar la participaci\u00f3n ciudadana que realiz\u00f3 el equipo de Vialidad y la empresa Consultora CIS respecto del Estudio de Pre factibilidad que pretende dar soluci\u00f3n al problema de conectividad que tiene el sector. Ha sido bastante fruct\u00edfera la reuni\u00f3n, hemos escuchado a la comunidad, tanto acerca de este Estudio como sobre otras demandas y esperanzas que tienen y entregamos toda la informaci\u00f3n relacionada con los tiempos que requiere una infraestructura de esta envergadura. Indicamos que estamos en la etapa inicial del Estudio y que requerimos un par de Estudios m\u00e1s para poder avanzar hacia la concreci\u00f3n de la obra p\u00fablica y que esto no se concretar\u00e1 en menos de seis a\u00f1os. Hoy estamos analizando tres alternativas de puente con longitudes desde 200 a 260 metros y una inversi\u00f3n estimada de acuerdo a las propuestas de alternativas entre los 9.300 millones y los 11.500 millones. Adem\u00e1s, informamos a los vecinos y vecinas que en alrededor de 2 meses m\u00e1s, si todo marcha de acuerdo a lo esperado, podremos tener en operaciones la Balsa Baker. Tambi\u00e9n, escuchamos otras demandas de caminos de conectividad interior, as\u00ed que nos vamos muy contentos de haber tenido este contacto con la comunidad, siguiendo el mandato de nuestro presidente Gabriel Boric respecto de estar permanentemente con las comunidades. Hemos dejado abiertos los canales con las personas, con la Junta de Vecinos, as\u00ed como tambi\u00e9n con las autoridades electas que han participado en esta reuni\u00f3n\u201d.<\/p>\n<p style=\"text-align: justify;\">El proyecto que la Direcci\u00f3n de Vialidad del Ministerio de Obras P\u00fablicas lleva adelante mediante la Subdirecci\u00f3n de Desarrollo, busca dotar con una conectividad permanente los sectores de Colonia Norte, el Mait\u00e9n, R\u00edo Neff y Cerro Negro en la comuna de Cochrane, \u00e1rea a la que hoy se accede a trav\u00e9s de la Balsa Baker ubicada sobre el R\u00edo del mismo nombre, la que actualmente funciona durante todo el a\u00f1o s\u00f3lo en horario diurno. Este Estudio se inici\u00f3 en octubre del a\u00f1o 2021 y finaliza en el mes de mayo 2023, y a la fecha se encuentra ejecutando la etapa 2.En \u00e9l se han definido tres alternativas de ubicaci\u00f3n del puente y entrega distintas alternativas de tipo de infraestructura como por ejemplo viga met\u00e1lica, mecano, arco, atirantado, a lo que se suma la ejecuci\u00f3n de los caminos de acceso, los que var\u00edan entre los 1,8 a 2,3 Kil\u00f3metros.<\/p>\n<p style=\"text-align: justify;\">Al ser consultado el presidente de la Junta de Vecinos sector Colonia Norte, Rodrigo Barros Uretras acerca de la reuni\u00f3n, expres\u00f3 \u201cAgradezco la instancia de que pudieran las autoridades acercarse a este sector, que como se dieron cuenta es un sector bastante alejado y aislado, a\u00fan tenemos dificultades de conectividad terrestre, pero es posible llegar y es importante que sigamos en contacto y sigamos sosteniendo este tipo de reuniones y poder ver las problem\u00e1ticas que tenemos mayoritariamente en el sector. Este Estudio es la primera etapa para mejorar nuestra conectividad como vecinos. Si bien se dio harto \u00e9nfasis a que esto no es a corto plazo, aun as\u00ed nos deja con la esperanza de que este puente sea la soluci\u00f3n a muchas de nuestras problem\u00e1ticas, sobre todo la conectividad sobre el r\u00edo Baker en donde ya llevamos casi dos a\u00f1os sin el servicio de la Balsa Baker. Ya estamos bastante avanzados en el proyecto de mejora de la Balsa Baker, pero nos deja un peque\u00f1o trago amargo, porque pens\u00e1bamos que a corto plazo ya iba a estar lista la Balsa y esto se va a aplazar por alrededor de 2 meses m\u00e1s. Hemos esperado tanto que bueno, podemos esperar m\u00e1s y as\u00ed podremos concretar nuestra conectividad intermitente que tenemos a trav\u00e9s de la Balsa Baker. Mientras tanto, nos conectamos a trav\u00e9s del puente El Manzano el cual es una vuelta bastante larga como de 80 kil\u00f3metros, para nosotros que vivimos en Colonia Norte\u201d.<\/p>\n<p style=\"text-align: justify;\">Por su parte, Teresa Cruces, presidenta de la Junta de Vecinos R\u00edo Neff-R\u00edo El Mait\u00e9n en la comuna de Cochrane acerca de los resultados de la reuni\u00f3n coment\u00f3: \u201cNos traen una informaci\u00f3n tal vez no muy alentadora en tiempos, pero los que conocemos c\u00f3mo funcionan los tipos de proyectos de infraestructura entendemos. Nos traen una informaci\u00f3n clara respecto del Estudio que se est\u00e1 haciendo sobre la conectividad sobre el R\u00edo Baker, las posibilidades que hay para construir un puente y cu\u00e1nto se demorar\u00eda, porque a nosotros como pobladores del sector nos interesa tener ya, una infraestructura habilitada para poder\u00a0 transitar sobre el R\u00edo Baker. Buena la informaci\u00f3n, nos sirve mucho para saber en qu\u00e9 paso estamos de la conectividad sobre el r\u00edo Baker, estamos enterados de que es un proceso lento y cu\u00e1les son todos los factores que se van a incluir para que se logre construir en alg\u00fan minuto un puente sobre el R\u00edo Baker. Es una informaci\u00f3n accesible para cualquier persona, clara en contenido, as\u00ed que yo creo que fue una buena instancia de participaci\u00f3n ciudadana para poder concretar en alg\u00fan minuto este gran anhelo de todos los pobladores de este sector del R\u00edo Baker. Fue muy productiva la reuni\u00f3n y se pudo conversar con el SEREMI sobre otros temas como la conectividad interior del sector, los problemas que existen con el resto de la provincia con el contrato global que es la Ruta 7, entonces la conectividad dentro de esa Ruta igual es relevante que est\u00e9 en buenas condiciones. Hablamos tambi\u00e9n de proyectos de conectividad interior en donde nosotros tenemos iniciativas que reci\u00e9n estamos empezando a trabajar, as\u00ed que excelente la visita que el SEREMI de Obras P\u00fablicas tuvo en el sector al igual que la Delegada Marta Montiel\u201d<\/p>\n<p style=\"text-align: justify;\">En esta instancia participaron tambi\u00e9n particip\u00f3 la Delegada Presidencial de la Provincia Capit\u00e1n Prat Marta Montiel Alarc\u00f3n, quien se\u00f1al\u00f3 \u201cHoy tenemos el mandato de nuestro presidente Gabriel Boric de estar en los territorios, de escuchar a nuestros pobladores y vecinos. Viajamos casi dos horas desde Cochrane para llegar a los diferentes sectores viendo lo que habitualmente hacen los pobladores cuando \u00a0desde estos lugares se trasladan a Cochrane, que es la localidad m\u00e1s cercana, a vender sus productos y sabemos la necesidad de contar con una conectividad m\u00e1s expedita. Hoy estamos en terreno, estamos escuchando y dialogando con los vecinos del sector y eso tambi\u00e9n nos obliga a adquirir compromisos tanto desde la Delegaci\u00f3n presidencial como desde los distintos Servicios. Hoy con el Seremi de Obras P\u00fablicas se asumen compromisos y se transparentan tambi\u00e9n los tiempos y los procesos en los que est\u00e1n en cuanto a inversi\u00f3n p\u00fablica en la Vialidad intermedia de estos sectores\u201d<\/p>\n<p style=\"text-align: justify;\">Los procesos de participaci\u00f3n ciudadana permiten vincularse con las comunidades, y siendo en este caso el sector del Baker altamente productivo se requiere precisamente poder pensar c\u00f3mo vamos a avanzar y c\u00f3mo proyectamos el futuro de esta zona de la regi\u00f3n y mejorar las condiciones de conectividad del sector a trav\u00e9s de la instalaci\u00f3n de un puente, expres\u00f3 el Alcalde de la comuna de Cochrane Jorge Calder\u00f3n N\u00fa\u00f1ez, quien adem\u00e1s agreg\u00f3:<strong> \u00a0<\/strong>\u201cYo soy un convencido de que esta infraestructura debiese permitirnos proyectar en un mediano y largo plazo el desarrollo de toda la zona del Baker, y por lo tanto desde el Municipio apoyamos fuertemente este Estudio, apoyamos todos los procesos de participaci\u00f3n ciudadana y esperaremos tambi\u00e9n con mucha fuerza las respuestas de las distintas autoridades para poder tener pronto el financiamiento de las distintas etapas. Esperamos prontamente tener los resultados de Este Estudio, ojal\u00e1 comenzar con los Dise\u00f1os y en un mediano a largo plazo esperar tener los recursos para poder\u00a0 ejecutar esta obra que debiese ser tan significativa no solamente para la gente de Colonia Norte, Balsa Baker y El Mait\u00e9n, sino tambi\u00e9n para toda la gente de Cochrane\u201d.<\/p>\n<p style=\"text-align: justify;\"><strong><u>\u00a0<\/u><\/strong><\/p>\n<p style=\"text-align: justify;\"><strong><u>\u00a0<\/u><\/strong><\/p>\n<\/div><\/section><\/div><div  style='height:50px' class='hr hr-invisible   avia-builder-el-6  el_after_av_one_full  el_before_av_social_share '><span class='hr-inner ' ><span class='hr-inner-style'><\/span><\/span><\/div><\/p>\n<div  class='av-social-sharing-box  avia-builder-el-7  el_after_av_hr  el_before_av_hr  '><div class='av-share-box'><h5 class='av-share-link-description av-no-toc '>Compartir esta noticia<\/h5><ul class='av-share-box-list noLightbox'><li class='av-share-link av-social-link-facebook' ><a target=\"_blank\" aria-label=\"Compartir en Facebook\" href='https:\/\/www.facebook.com\/sharer.php?u=https:\/\/radiorevelacionfm.cl\/?p=17433&#038;t=Exponen%20estudio%20de%20pre%20factibilidad%20de%20conexi%C3%B3n%20vial%20a%20comunidades%20de%20los%20sectores%20R%C3%ADo%20Neff-El%20Mait%C3%A9n-Cerro%20Negro%20y%20Colonia%20Norte' aria-hidden='false' data-av_icon='\ue8f3' data-av_iconfont='entypo-fontello' title='' data-avia-related-tooltip='Compartir en Facebook' rel=\"noopener\"><span class='avia_hidden_link_text'>Compartir en Facebook<\/span><\/a><\/li><li class='av-share-link av-social-link-twitter' ><a target=\"_blank\" aria-label=\"Compartir en Twitter\" href='https:\/\/twitter.com\/share?text=Exponen%20estudio%20de%20pre%20factibilidad%20de%20conexi%C3%B3n%20vial%20a%20comunidades%20de%20los%20sectores%20R%C3%ADo%20Neff-El%20Mait%C3%A9n-Cerro%20Negro%20y%20Colonia%20Norte&#038;url=https:\/\/radiorevelacionfm.cl\/?p=17433' aria-hidden='false' data-av_icon='\ue8f1' data-av_iconfont='entypo-fontello' title='' data-avia-related-tooltip='Compartir en Twitter' rel=\"noopener\"><span class='avia_hidden_link_text'>Compartir en Twitter<\/span><\/a><\/li><li class='av-share-link av-social-link-whatsapp' ><a target=\"_blank\" aria-label=\"Compartir en Whatsapp\" href='https:\/\/api.whatsapp.com\/send?text=https:\/\/radiorevelacionfm.cl\/?p=17433' aria-hidden='false' data-av_icon='\uf232' data-av_iconfont='entypo-fontello' title='' data-avia-related-tooltip='Compartir en Whatsapp' rel=\"noopener\"><span class='avia_hidden_link_text'>Compartir en Whatsapp<\/span><\/a><\/li><li class='av-share-link av-social-link-linkedin' ><a target=\"_blank\" aria-label=\"Compartir en LinkedIn\" href='https:\/\/linkedin.com\/shareArticle?mini=true&#038;title=Exponen%20estudio%20de%20pre%20factibilidad%20de%20conexi%C3%B3n%20vial%20a%20comunidades%20de%20los%20sectores%20R%C3%ADo%20Neff-El%20Mait%C3%A9n-Cerro%20Negro%20y%20Colonia%20Norte&#038;url=https:\/\/radiorevelacionfm.cl\/?p=17433' aria-hidden='false' data-av_icon='\ue8fc' data-av_iconfont='entypo-fontello' title='' data-avia-related-tooltip='Compartir en LinkedIn' rel=\"noopener\"><span class='avia_hidden_link_text'>Compartir en LinkedIn<\/span><\/a><\/li><li class='av-share-link av-social-link-mail' ><a  aria-label=\"Compartir por correo\" href='mailto:?subject=Exponen%20estudio%20de%20pre%20factibilidad%20de%20conexi%C3%B3n%20vial%20a%20comunidades%20de%20los%20sectores%20R%C3%ADo%20Neff-El%20Mait%C3%A9n-Cerro%20Negro%20y%20Colonia%20Norte&#038;body=https:\/\/radiorevelacionfm.cl\/?p=17433' aria-hidden='false' data-av_icon='\ue805' data-av_iconfont='entypo-fontello' title='' data-avia-related-tooltip='Compartir por correo'><span class='avia_hidden_link_text'>Compartir por correo<\/span><\/a><\/li><\/ul><\/div><\/div>\n<div  style='height:50px' class='hr hr-invisible   avia-builder-el-8  el_after_av_social_share  el_before_av_comments_list '><span class='hr-inner ' ><span class='hr-inner-style'><\/span><\/span><\/div>\n<div  class='av-buildercomment  av-blog-meta-html-info-disabled av-blog-meta-tag-disabled  '><\/div>\n","protected":false},"excerpt":{"rendered":"","protected":false},"author":1,"featured_media":17434,"comment_status":"open","ping_status":"open","sticky":false,"template":"","format":"standard","meta":{"footnotes":""},"categories":[38],"tags":[],"class_list":["post-17433","post","type-post","status-publish","format-standard","has-post-thumbnail","hentry","category-regional"],"jetpack_featured_media_url":"https:\/\/radiorevelacionfm.cl\/wp-content\/uploads\/2022\/05\/todos-cerca-2-1_optimized.jpg","_links":{"self":[{"href":"https:\/\/radiorevelacionfm.cl\/index.php?rest_route=\/wp\/v2\/posts\/17433","targetHints":{"allow":["GET"]}}],"collection":[{"href":"https:\/\/radiorevelacionfm.cl\/index.php?rest_route=\/wp\/v2\/posts"}],"about":[{"href":"https:\/\/radiorevelacionfm.cl\/index.php?rest_route=\/wp\/v2\/types\/post"}],"author":[{"embeddable":true,"href":"https:\/\/radiorevelacionfm.cl\/index.php?rest_route=\/wp\/v2\/users\/1"}],"replies":[{"embeddable":true,"href":"https:\/\/radiorevelacionfm.cl\/index.php?rest_route=%2Fwp%2Fv2%2Fcomments&post=17433"}],"version-history":[{"count":2,"href":"https:\/\/radiorevelacionfm.cl\/index.php?rest_route=\/wp\/v2\/posts\/17433\/revisions"}],"predecessor-version":[{"id":17436,"href":"https:\/\/radiorevelacionfm.cl\/index.php?rest_route=\/wp\/v2\/posts\/17433\/revisions\/17436"}],"wp:featuredmedia":[{"embeddable":true,"href":"https:\/\/radiorevelacionfm.cl\/index.php?rest_route=\/wp\/v2\/media\/17434"}],"wp:attachment":[{"href":"https:\/\/radiorevelacionfm.cl\/index.php?rest_route=%2Fwp%2Fv2%2Fmedia&parent=17433"}],"wp:term":[{"taxonomy":"category","embeddable":true,"href":"https:\/\/radiorevelacionfm.cl\/index.php?rest_route=%2Fwp%2Fv2%2Fcategories&post=17433"},{"taxonomy":"post_tag","embeddable":true,"href":"https:\/\/radiorevelacionfm.cl\/index.php?rest_route=%2Fwp%2Fv2%2Ftags&post=17433"}],"curies":[{"name":"wp","href":"https:\/\/api.w.org\/{rel}","templated":true}]}}