{"id":17416,"date":"2022-06-01T11:12:28","date_gmt":"2022-06-01T14:12:28","guid":{"rendered":"https:\/\/radiorevelacionfm.cl\/?p=17416"},"modified":"2022-06-01T11:12:28","modified_gmt":"2022-06-01T14:12:28","slug":"seremi-de-educacion-abordo-en-chile-chico-los-desafios-de-retorno-a-la-presencialidad-convivencia-escolar-y-la-instalacion-del-servicio-local-de-educacion-publica-slep-aysen","status":"publish","type":"post","link":"https:\/\/radiorevelacionfm.cl\/?p=17416","title":{"rendered":"Seremi de Educaci\u00f3n abord\u00f3 en Chile Chico los desaf\u00edos de retorno a la presencialidad, convivencia escolar y la instalaci\u00f3n del Servicio Local de Educaci\u00f3n P\u00fablica SLEP Ays\u00e9n"},"content":{"rendered":"<div class=\"flex_column av_one_full  flex_column_div av-zero-column-padding first  avia-builder-el-0  el_before_av_one_full  avia-builder-el-first  \" style='border-radius:0px; '><div  class='avia-image-container  av-styling-    avia-builder-el-1  avia-builder-el-no-sibling  avia-align-center '  itemprop=\"image\" itemscope=\"itemscope\" itemtype=\"https:\/\/schema.org\/ImageObject\"  ><div class='avia-image-container-inner'><div class='avia-image-overlay-wrap'><img decoding=\"async\" class='wp-image-17417 avia-img-lazy-loading-not-17417 avia_image' src=\"https:\/\/radiorevelacionfm.cl\/wp-content\/uploads\/2022\/05\/seremi-y-estudiante-liceo-Chile-Chico-1-1.jpg\" alt='' title='seremi y estudiante liceo Chile Chico (1) (1)' height=\"600\" width=\"808\"  itemprop=\"thumbnailUrl\" srcset=\"https:\/\/radiorevelacionfm.cl\/wp-content\/uploads\/2022\/05\/seremi-y-estudiante-liceo-Chile-Chico-1-1.jpg 808w, https:\/\/radiorevelacionfm.cl\/wp-content\/uploads\/2022\/05\/seremi-y-estudiante-liceo-Chile-Chico-1-1-300x223.jpg 300w, https:\/\/radiorevelacionfm.cl\/wp-content\/uploads\/2022\/05\/seremi-y-estudiante-liceo-Chile-Chico-1-1-768x570.jpg 768w, https:\/\/radiorevelacionfm.cl\/wp-content\/uploads\/2022\/05\/seremi-y-estudiante-liceo-Chile-Chico-1-1-705x524.jpg 705w, https:\/\/radiorevelacionfm.cl\/wp-content\/uploads\/2022\/05\/seremi-y-estudiante-liceo-Chile-Chico-1-1-600x446.jpg 600w\" sizes=\"(max-width: 808px) 100vw, 808px\" \/><\/div><\/div><\/div><\/div><div class=\"flex_column av_one_full  flex_column_div av-zero-column-padding first  avia-builder-el-2  el_after_av_one_full  el_before_av_one_full  column-top-margin\" style='border-radius:0px; '><section class=\"av_textblock_section \"  itemscope=\"itemscope\" itemtype=\"https:\/\/schema.org\/BlogPosting\" itemprop=\"blogPost\" ><div class='avia_textblock  '   itemprop=\"text\" ><p style=\"text-align: center;\"><span style=\"font-size: 18pt;\"><b>Seremi de Educaci\u00f3n abord\u00f3 en Chile Chico los desaf\u00edos de retorno a la presencialidad,\u00a0 convivencia escolar y la instalaci\u00f3n del Servicio Local de Educaci\u00f3n P\u00fablica SLEP Ays\u00e9n<\/b><\/span><\/p>\n<div id=\"gtx-trans\" style=\"position: absolute; left: -50px; top: 4.31534px;\">\n<div class=\"gtx-trans-icon\"><\/div>\n<\/div>\n<\/div><\/section><\/div><div class=\"flex_column av_one_full  flex_column_div av-zero-column-padding first  avia-builder-el-4  el_after_av_one_full  el_before_av_hr  column-top-margin\" style='border-radius:0px; '><section class=\"av_textblock_section \"  itemscope=\"itemscope\" itemtype=\"https:\/\/schema.org\/BlogPosting\" itemprop=\"blogPost\" ><div class='avia_textblock  '   itemprop=\"text\" ><p class=\"v1MsoNormal\" style=\"text-align: justify;\">La seremi de Educaci\u00f3n de Ays\u00e9n Isabel Garrido Casassa se traslad\u00f3 hasta la comuna de Chile Chico donde realiz\u00f3 dos jornadas de trabajo t\u00e9cnico pedag\u00f3gico en terreno en los establecimientos educacionales y adem\u00e1s sostuvo encuentros con estudiantes, padres y apoderados, dirigentes gremiales del sector educaci\u00f3n y tambi\u00e9n se reuni\u00f3 con el sostenedor municipal, el Alcalde Luperciano Mu\u00f1oz Gonz\u00e1lez.<\/p>\n<p class=\"v1MsoNormal\" style=\"text-align: justify;\">El objetivo fue acompa\u00f1ar a las comunidades educativas de la Escuela B\u00e1sica y Liceo Bicentenario Luisa Rabanal Palma para conocer la experiencia de reencuentro educativo presencial y abordar los desaf\u00edos de convivencia escolar que enfrentan los planteles de esa comuna al igual que otros del pa\u00eds. All\u00ed se entregaron las orientaciones del Ministerio de Educaci\u00f3n para abordar estas situaciones emergentes.<\/p>\n<p class=\"v1MsoNormal\" style=\"text-align: justify;\">Tambi\u00e9n en estos encuentros la seremi inform\u00f3 sobre la instalaci\u00f3n del Servicio Local de Educaci\u00f3n P\u00fablica SLEP Ays\u00e9n que se traduce en el\u00a0 retorno de jardines infantiles,\u00a0 escuelas y liceos municipales al Ministerio de Educaci\u00f3n, a trav\u00e9s de la Direcci\u00f3n de Educaci\u00f3n P\u00fablica \u00a0y recogi\u00f3 las impresiones de los actores educativos de la comuna de Chile Chico en torno a esta importante reforma.<\/p>\n<p class=\"v1MsoNormal\" style=\"text-align: justify;\">\u201cLa Ley de Nueva Educaci\u00f3n P\u00fablica se establece una nueva institucionalidad, donde los establecimientos educacionales que eran administrados por los municipios pasan gradualmente a formar parte de los Servicios Locales de Educaci\u00f3n P\u00fablica, que fueron creados por esta legislaci\u00f3n. Con la Ley, la\u00a0 Direcci\u00f3n de Educaci\u00f3n P\u00fablica tendr\u00e1 la misi\u00f3n de determinar las estrategias y recursos utilizados para mejorar los jardines VTF, escuelas y liceos de los Servicios Locales de Educaci\u00f3n\u201d, record\u00f3 Isabel Garrido.<\/p>\n<p class=\"v1MsoNormal\" style=\"text-align: justify;\">En el desarrollo de su agenda de trabajo, la autoridad sectorial regional estuvo acompa\u00f1ada por la Jefa T\u00e9cnica del Departamento Provincial Coyhaique Gilda Ducasse Reyes y la Jefa de Gabinete Katherine Miqueles Hern\u00e1ndez. En el marco de dicha visita, la seremi dialog\u00f3 con estudiantes movilizados, padres y apoderados que demandan flexibilizar la Jornada Escolar Completa JEC. Al respecto, la seremi los escuch\u00f3 y respondi\u00f3 a sus planteamientos.<\/p>\n<p class=\"v1MsoNormal\" style=\"text-align: justify;\"><span lang=\"ES\">\u00a0<\/span><span lang=\"ES\">\u201cComo Gobierno no tememos a las manifestaciones sociales porque venimos desde el mundo social, y por ello toda nuestra disposici\u00f3n a escuchar a los estudiantes que est\u00e1n movilizados por demandas leg\u00edtimas. A ellos les trasmitimos que dentro de las prioridades del Ministerio est\u00e1 el bienestar socioemocional de las comunidades educativas.\u00a0 Este tema tambi\u00e9n lo abordamos en la reuni\u00f3n que sostuvimos con el Alcalde Luperciano Mu\u00f1oz a quien le dimos a conocer las orientaciones del Ministerio de Educaci\u00f3n para el reencuentro escolar y tambi\u00e9n le se\u00f1alamos nuestro \u00e9nfasis en construir una buena convivencia escolar. Tenemos la certeza de que no lograremos avanzar en aprendizajes de los estudiantes si es que no tenemos un ambiente de bienestar y estabilidad socioemocional\u201d, se\u00f1al\u00f3 Isabel Garrido.\u00a0<\/span><\/p>\n<p class=\"v1MsoNormal\" style=\"text-align: justify;\"><span lang=\"ES\">La seremi se\u00f1al\u00f3 que el edil en principio se manifest\u00f3 abierto a la posibilidad de explorar la reducci\u00f3n horaria y de hacer algunas mejoras al interior de los establecimientos. \u201cLa flexibilizaci\u00f3n de la JEC es una de las herramientas que hemos entregado para descomprimir los conflictos dentro de las comunidades educativas y creemos que esto se aplicado en otras escuelas con bastante \u00e9xito\u201d, indic\u00f3.<\/span><\/p>\n<p class=\"v1MsoNormal\" style=\"text-align: justify;\"><span lang=\"ES\">El equipo Mineduc se traslad\u00f3 hasta la Escuela Tulio Burgos de la localidad de Mall\u00edn Grande para conocer el proyecto educativo del plantel, a cargo del docente Robinson C\u00e1rdenas D\u00edaz. En ese mismo poblado recibieron al presidente comunal del Colegio de Profesores Miguel Gatica Saigg quien entreg\u00f3 a la seremi una misiva con diversas inquietudes de magisterio local.<\/span><\/p>\n<p class=\"v1MsoNormal\" style=\"text-align: justify;\"><span lang=\"ES\">En su segunda jornada de trabajo, la seremi concurri\u00f3 hasta el Liceo Bicentenario Luisa Rabanal Palma de Chile Chico donde se reuni\u00f3 con el director Valko Dur\u00e1n Ivanoff y el equipo t\u00e9cnico pedag\u00f3gico. Convivencia escolar y reencuentro educativo fueron los temas abordados.<\/span><\/p>\n<p class=\"v1MsoNormal\" style=\"text-align: justify;\"><span lang=\"ES\">Al hacer una evaluaci\u00f3n de las jornadas en terreno, Isabel Garrido destac\u00f3 que el sello del Gobierno del Presidente Gabriel Boric es estar en terreno escuchando y acogiendo los planteamientos de las comunidades en su territorio.<\/span><\/p>\n<p class=\"v1MsoNormal\" style=\"text-align: justify;\"><span lang=\"ES\">\u201cDurante esta visita dialogamos con estudiantes, profesores, apoderados, dirigentes gremiales y autoridades locales. Conocimos el trabajo de una escuela rural en Mall\u00edn Grande: con todos ellos pudimos compartir la mirada y visi\u00f3n del Ministerio de Educaci\u00f3n que quiere acompa\u00f1ar a las comunidades educativas, entregando los apoyos necesarios para que desarrollen su labor en un entorno seguro y\u00a0 con una buena convivencia\u201d, concluy\u00f3 la titular de educaci\u00f3n en la regi\u00f3n.<\/span><\/p>\n<\/div><\/section><\/div><div  style='height:50px' class='hr hr-invisible   avia-builder-el-6  el_after_av_one_full  el_before_av_social_share '><span class='hr-inner ' ><span class='hr-inner-style'><\/span><\/span><\/div><\/p>\n<div  class='av-social-sharing-box  avia-builder-el-7  el_after_av_hr  el_before_av_hr  '><div class='av-share-box'><h5 class='av-share-link-description av-no-toc '>Compartir esta noticia<\/h5><ul class='av-share-box-list noLightbox'><li class='av-share-link av-social-link-facebook' ><a target=\"_blank\" aria-label=\"Compartir en Facebook\" href='https:\/\/www.facebook.com\/sharer.php?u=https:\/\/radiorevelacionfm.cl\/?p=17416&#038;t=Seremi%20de%20Educaci%C3%B3n%20abord%C3%B3%20en%20Chile%20Chico%20los%20desaf%C3%ADos%20de%20retorno%20a%20la%20presencialidad%2C%20convivencia%20escolar%20y%20la%20instalaci%C3%B3n%20del%20Servicio%20Local%20de%20Educaci%C3%B3n%20P%C3%BAblica%20SLEP%20Ays%C3%A9n' aria-hidden='false' data-av_icon='\ue8f3' data-av_iconfont='entypo-fontello' title='' data-avia-related-tooltip='Compartir en Facebook' rel=\"noopener\"><span class='avia_hidden_link_text'>Compartir en Facebook<\/span><\/a><\/li><li class='av-share-link av-social-link-twitter' ><a target=\"_blank\" aria-label=\"Compartir en Twitter\" href='https:\/\/twitter.com\/share?text=Seremi%20de%20Educaci%C3%B3n%20abord%C3%B3%20en%20Chile%20Chico%20los%20desaf%C3%ADos%20de%20retorno%20a%20la%20presencialidad%2C%20convivencia%20escolar%20y%20la%20instalaci%C3%B3n%20del%20Servicio%20Local%20de%20Educaci%C3%B3n%20P%C3%BAblica%20SLEP%20Ays%C3%A9n&#038;url=https:\/\/radiorevelacionfm.cl\/?p=17416' aria-hidden='false' data-av_icon='\ue8f1' data-av_iconfont='entypo-fontello' title='' data-avia-related-tooltip='Compartir en Twitter' rel=\"noopener\"><span class='avia_hidden_link_text'>Compartir en Twitter<\/span><\/a><\/li><li class='av-share-link av-social-link-whatsapp' ><a target=\"_blank\" aria-label=\"Compartir en Whatsapp\" href='https:\/\/api.whatsapp.com\/send?text=https:\/\/radiorevelacionfm.cl\/?p=17416' aria-hidden='false' data-av_icon='\uf232' data-av_iconfont='entypo-fontello' title='' data-avia-related-tooltip='Compartir en Whatsapp' rel=\"noopener\"><span class='avia_hidden_link_text'>Compartir en Whatsapp<\/span><\/a><\/li><li class='av-share-link av-social-link-linkedin' ><a target=\"_blank\" aria-label=\"Compartir en LinkedIn\" href='https:\/\/linkedin.com\/shareArticle?mini=true&#038;title=Seremi%20de%20Educaci%C3%B3n%20abord%C3%B3%20en%20Chile%20Chico%20los%20desaf%C3%ADos%20de%20retorno%20a%20la%20presencialidad%2C%20convivencia%20escolar%20y%20la%20instalaci%C3%B3n%20del%20Servicio%20Local%20de%20Educaci%C3%B3n%20P%C3%BAblica%20SLEP%20Ays%C3%A9n&#038;url=https:\/\/radiorevelacionfm.cl\/?p=17416' aria-hidden='false' data-av_icon='\ue8fc' data-av_iconfont='entypo-fontello' title='' data-avia-related-tooltip='Compartir en LinkedIn' rel=\"noopener\"><span class='avia_hidden_link_text'>Compartir en LinkedIn<\/span><\/a><\/li><li class='av-share-link av-social-link-mail' ><a  aria-label=\"Compartir por correo\" href='mailto:?subject=Seremi%20de%20Educaci%C3%B3n%20abord%C3%B3%20en%20Chile%20Chico%20los%20desaf%C3%ADos%20de%20retorno%20a%20la%20presencialidad%2C%20convivencia%20escolar%20y%20la%20instalaci%C3%B3n%20del%20Servicio%20Local%20de%20Educaci%C3%B3n%20P%C3%BAblica%20SLEP%20Ays%C3%A9n&#038;body=https:\/\/radiorevelacionfm.cl\/?p=17416' aria-hidden='false' data-av_icon='\ue805' data-av_iconfont='entypo-fontello' title='' data-avia-related-tooltip='Compartir por correo'><span class='avia_hidden_link_text'>Compartir por correo<\/span><\/a><\/li><\/ul><\/div><\/div>\n<div  style='height:50px' class='hr hr-invisible   avia-builder-el-8  el_after_av_social_share  el_before_av_comments_list '><span class='hr-inner ' ><span class='hr-inner-style'><\/span><\/span><\/div>\n<div  class='av-buildercomment  av-blog-meta-html-info-disabled av-blog-meta-tag-disabled  '><\/div>\n","protected":false},"excerpt":{"rendered":"","protected":false},"author":1,"featured_media":17417,"comment_status":"open","ping_status":"open","sticky":false,"template":"","format":"standard","meta":{"footnotes":""},"categories":[49],"tags":[],"class_list":["post-17416","post","type-post","status-publish","format-standard","has-post-thumbnail","hentry","category-educacion"],"jetpack_featured_media_url":"https:\/\/radiorevelacionfm.cl\/wp-content\/uploads\/2022\/05\/seremi-y-estudiante-liceo-Chile-Chico-1-1.jpg","_links":{"self":[{"href":"https:\/\/radiorevelacionfm.cl\/index.php?rest_route=\/wp\/v2\/posts\/17416","targetHints":{"allow":["GET"]}}],"collection":[{"href":"https:\/\/radiorevelacionfm.cl\/index.php?rest_route=\/wp\/v2\/posts"}],"about":[{"href":"https:\/\/radiorevelacionfm.cl\/index.php?rest_route=\/wp\/v2\/types\/post"}],"author":[{"embeddable":true,"href":"https:\/\/radiorevelacionfm.cl\/index.php?rest_route=\/wp\/v2\/users\/1"}],"replies":[{"embeddable":true,"href":"https:\/\/radiorevelacionfm.cl\/index.php?rest_route=%2Fwp%2Fv2%2Fcomments&post=17416"}],"version-history":[{"count":2,"href":"https:\/\/radiorevelacionfm.cl\/index.php?rest_route=\/wp\/v2\/posts\/17416\/revisions"}],"predecessor-version":[{"id":17443,"href":"https:\/\/radiorevelacionfm.cl\/index.php?rest_route=\/wp\/v2\/posts\/17416\/revisions\/17443"}],"wp:featuredmedia":[{"embeddable":true,"href":"https:\/\/radiorevelacionfm.cl\/index.php?rest_route=\/wp\/v2\/media\/17417"}],"wp:attachment":[{"href":"https:\/\/radiorevelacionfm.cl\/index.php?rest_route=%2Fwp%2Fv2%2Fmedia&parent=17416"}],"wp:term":[{"taxonomy":"category","embeddable":true,"href":"https:\/\/radiorevelacionfm.cl\/index.php?rest_route=%2Fwp%2Fv2%2Fcategories&post=17416"},{"taxonomy":"post_tag","embeddable":true,"href":"https:\/\/radiorevelacionfm.cl\/index.php?rest_route=%2Fwp%2Fv2%2Ftags&post=17416"}],"curies":[{"name":"wp","href":"https:\/\/api.w.org\/{rel}","templated":true}]}}