{"id":17349,"date":"2022-05-30T16:47:37","date_gmt":"2022-05-30T19:47:37","guid":{"rendered":"https:\/\/radiorevelacionfm.cl\/?p=17349"},"modified":"2022-05-30T16:47:37","modified_gmt":"2022-05-30T19:47:37","slug":"condenan-a-10-anos-y-un-dia-y-7-anos-de-presidio-a-autores-de-trafico-de-drogas-ocurrido-en-la-comuna-de-chile-chico","status":"publish","type":"post","link":"https:\/\/radiorevelacionfm.cl\/?p=17349","title":{"rendered":"Condenan a 10 a\u00f1os y un d\u00eda y 7 a\u00f1os de presidio a autores de tr\u00e1fico de drogas ocurrido en la comuna de Chile Chico"},"content":{"rendered":"<div class=\"flex_column av_one_full  flex_column_div av-zero-column-padding first  avia-builder-el-0  el_before_av_one_full  avia-builder-el-first  \" style='border-radius:0px; '><div  class='avia-image-container  av-styling-    avia-builder-el-1  avia-builder-el-no-sibling  avia-align-center '  itemprop=\"image\" itemscope=\"itemscope\" itemtype=\"https:\/\/schema.org\/ImageObject\"  ><div class='avia-image-container-inner'><div class='avia-image-overlay-wrap'><img decoding=\"async\" class='wp-image-17350 avia-img-lazy-loading-not-17350 avia_image' src=\"https:\/\/radiorevelacionfm.cl\/wp-content\/uploads\/2022\/05\/foto-top-1_optimized.jpg\" alt='' title='foto-top--(1)_optimized' height=\"600\" width=\"1790\"  itemprop=\"thumbnailUrl\" srcset=\"https:\/\/radiorevelacionfm.cl\/wp-content\/uploads\/2022\/05\/foto-top-1_optimized.jpg 1790w, https:\/\/radiorevelacionfm.cl\/wp-content\/uploads\/2022\/05\/foto-top-1_optimized-300x101.jpg 300w, https:\/\/radiorevelacionfm.cl\/wp-content\/uploads\/2022\/05\/foto-top-1_optimized-1030x345.jpg 1030w, https:\/\/radiorevelacionfm.cl\/wp-content\/uploads\/2022\/05\/foto-top-1_optimized-768x257.jpg 768w, https:\/\/radiorevelacionfm.cl\/wp-content\/uploads\/2022\/05\/foto-top-1_optimized-1536x515.jpg 1536w, https:\/\/radiorevelacionfm.cl\/wp-content\/uploads\/2022\/05\/foto-top-1_optimized-1500x503.jpg 1500w, https:\/\/radiorevelacionfm.cl\/wp-content\/uploads\/2022\/05\/foto-top-1_optimized-705x236.jpg 705w, https:\/\/radiorevelacionfm.cl\/wp-content\/uploads\/2022\/05\/foto-top-1_optimized-600x201.jpg 600w\" sizes=\"(max-width: 1790px) 100vw, 1790px\" \/><\/div><\/div><\/div><\/div><div class=\"flex_column av_one_full  flex_column_div av-zero-column-padding first  avia-builder-el-2  el_after_av_one_full  el_before_av_one_full  column-top-margin\" style='border-radius:0px; '><section class=\"av_textblock_section \"  itemscope=\"itemscope\" itemtype=\"https:\/\/schema.org\/BlogPosting\" itemprop=\"blogPost\" ><div class='avia_textblock  '   itemprop=\"text\" ><p style=\"text-align: center;\"><strong><span style=\"font-size: 18pt;\">Condenan a 10 a\u00f1os y un d\u00eda y 7 a\u00f1os de presidio a autores de tr\u00e1fico de drogas ocurrido en la comuna de Chile Chico<\/span><\/strong><\/p>\n<div id=\"gtx-trans\" style=\"position: absolute; left: -50px; top: 4.31534px;\">\n<div class=\"gtx-trans-icon\"><\/div>\n<\/div>\n<\/div><\/section><\/div><div class=\"flex_column av_one_full  flex_column_div av-zero-column-padding first  avia-builder-el-4  el_after_av_one_full  el_before_av_hr  column-top-margin\" style='border-radius:0px; '><section class=\"av_textblock_section \"  itemscope=\"itemscope\" itemtype=\"https:\/\/schema.org\/BlogPosting\" itemprop=\"blogPost\" ><div class='avia_textblock  '   itemprop=\"text\" ><p class=\"v1MsoNormal\" style=\"text-align: justify;\">El Tribunal de Juicio Oral en lo Penal de Coyhaique conden\u00f3 a Emanuel Andr\u00e9s Montecinos Rodr\u00edguez y Bryan Alexander Mu\u00f1oz Montecinos a las penas efectivas de 10 a\u00f1os y un d\u00eda y 7 a\u00f1os de presidio, respectivamente, en calidad de autores del delito consumado de tr\u00e1fico de drogas. Il\u00edcito perpetrado el a\u00f1o pasado, en la comuna de Chile Chico.<\/p>\n<p class=\"v1MsoNormal\" style=\"text-align: justify;\">En fallo un\u00e1nime, el tribunal \u2013integrado por los magistrados Pablo Freire Gavil\u00e1n (presidente), M\u00f3nica Coloma Pulgar y Rosal\u00eda Mansilla Quiroz (redactora)\u2013aplic\u00f3, adem\u00e1s, a Montecinos Rodr\u00edguez y Mu\u00f1oz Montecinos\u00a0las accesorias legales\u00a0de inhabilitaci\u00f3n absoluta perpetua para cargos y oficios p\u00fablicos y derechos pol\u00edticos\u00a0y la\u00a0inhabilitaci\u00f3n absoluta para profesiones titulares mientras\u00a0duren las condenas; m\u00e1s el pago de una multa a beneficio fiscal de 10 UTM\u00a0cada uno.<\/p>\n<p class=\"v1MsoNormal\" style=\"text-align: justify;\">Una vez que el fallo quede ejecutoriado, el tribunal dispuso que se proceda a la toma de muestras biol\u00f3gicas de los sentenciados para determinar sus respectivas huellas gen\u00e9ticas e incorporaci\u00f3n en el registro nacional de ADN de condenados. Adem\u00e1s, se decret\u00f3 el comiso de las especies incautadas en el procedimiento.<\/p>\n<p class=\"v1MsoNormal\" style=\"text-align: justify;\">En la causa, el tribunal aplic\u00f3 al adolescente J.S.T.P. la sanci\u00f3n de 3 a\u00f1os de libertad asistida especial, como autor del delito de tr\u00e1fico de drogas, y 541 d\u00edas de libertad asistida, como autor del delito de tenencia de partes de arma de fuego. Il\u00edcitos sorprendidos en agosto de 2021, en Chile Chico.<\/p>\n<p class=\"v1MsoNormal\" style=\"text-align: justify;\">El tribunal dio por\u00a0establecido, m\u00e1s all\u00e1 de toda duda razonable, \u00abque los acusados Montecinos Rodr\u00edguez y Mu\u00f1oz Montecinos efectuaron coordinaciones tendientes a la adquisici\u00f3n de drogas para su comercializaci\u00f3n en la comuna de Chile Chico. Dentro de ese contexto de tr\u00e1fico, el d\u00eda 09 de abril de 2021, Bryan Mu\u00f1oz Montecinos llev\u00f3 una encomienda a la c\u00e1rcel de Chile Chico, en la cual hab\u00eda un desodorante en cuyo interior se encontr\u00f3 dos envoltorios uno de 0,17 gramos netos y otro de 2,84 gramos netos de una sustancia vegetal que efectuados los an\u00e1lisis respectivos result\u00f3 ser marihuana\u00bb.<\/p>\n<p class=\"v1MsoNormal\" style=\"text-align: justify;\">Asimismo, el 23 de agosto de 2021, los tres condenados, previamente concertados, concurrieron \u00aba retirar una encomienda a la empresa Transmax de Coyhaique, que ven\u00eda dirigida a J.S.T.P., efectuando este \u00faltimo el retiro material de la misma, en tanto que los otros acusados daban cobertura al menor en esa gesti\u00f3n, en circunstancias que se hab\u00eda constatado que dicha encomienda conten\u00eda dos bultos, uno con 1 kilo neto de una sustancia vegetal que result\u00f3 ser marihuana y otro con 161,37 gramos netos de un sustancia en polvo color blanco que dio como resultado clorhidrato de coca\u00edna, seg\u00fan los an\u00e1lisis respectivos, respecto de la cual se autoriz\u00f3 su entrega controlada; y en el domicilio de Bryan Mu\u00f1oz Montecinos en Chile Chico, el mismo d\u00eda 23 de agosto de 2021 en diligencia de entrada y registro se encontr\u00f3 un contenedor de sustancia vegetal que result\u00f3 ser marihuana con un peso neto de 0,39 gramos. Adem\u00e1s el mismo d\u00eda en el domicilio de cada uno de los imputados se encontr\u00f3\u00a0una balanza digital que efectuadas las pruebas de campo respectivas, dieron como resultado la presencia de restos de marihuana\u00bb.<\/p>\n<p class=\"v1MsoNormal\" style=\"text-align: justify;\">Finalmente, en la\u00a0diligencia de entrada y registro al domicilio del menor de edad, practicada en la misma jornada, \u00abdebajo de su cama se encontr\u00f3 un rev\u00f3lver, sin n\u00famero\u00a0de serie ni marca, el que si bien no se encuentra apto para el disparo, consta de empu\u00f1adura, disparador, cuerpo, martillo percutor, varilla extractora, cilindro y ca\u00f1\u00f3n, piezas que corresponden a partes de un arma de fuego, elementos que manten\u00eda el adolescente en dicho lugar\u00bb.<\/p>\n<\/div><\/section><\/div><div  style='height:50px' class='hr hr-invisible   avia-builder-el-6  el_after_av_one_full  el_before_av_social_share '><span class='hr-inner ' ><span class='hr-inner-style'><\/span><\/span><\/div><\/p>\n<div  class='av-social-sharing-box  avia-builder-el-7  el_after_av_hr  el_before_av_hr  '><div class='av-share-box'><h5 class='av-share-link-description av-no-toc '>Compartir esta noticia<\/h5><ul class='av-share-box-list noLightbox'><li class='av-share-link av-social-link-facebook' ><a target=\"_blank\" aria-label=\"Compartir en Facebook\" href='https:\/\/www.facebook.com\/sharer.php?u=https:\/\/radiorevelacionfm.cl\/?p=17349&#038;t=Condenan%20a%2010%20a%C3%B1os%20y%20un%20d%C3%ADa%20y%207%20a%C3%B1os%20de%20presidio%20a%20autores%20de%20tr%C3%A1fico%20de%20drogas%20ocurrido%20en%20la%20comuna%20de%20Chile%20Chico' aria-hidden='false' data-av_icon='\ue8f3' data-av_iconfont='entypo-fontello' title='' data-avia-related-tooltip='Compartir en Facebook' rel=\"noopener\"><span class='avia_hidden_link_text'>Compartir en Facebook<\/span><\/a><\/li><li class='av-share-link av-social-link-twitter' ><a target=\"_blank\" aria-label=\"Compartir en Twitter\" href='https:\/\/twitter.com\/share?text=Condenan%20a%2010%20a%C3%B1os%20y%20un%20d%C3%ADa%20y%207%20a%C3%B1os%20de%20presidio%20a%20autores%20de%20tr%C3%A1fico%20de%20drogas%20ocurrido%20en%20la%20comuna%20de%20Chile%20Chico&#038;url=https:\/\/radiorevelacionfm.cl\/?p=17349' aria-hidden='false' data-av_icon='\ue8f1' data-av_iconfont='entypo-fontello' title='' data-avia-related-tooltip='Compartir en Twitter' rel=\"noopener\"><span class='avia_hidden_link_text'>Compartir en Twitter<\/span><\/a><\/li><li class='av-share-link av-social-link-whatsapp' ><a target=\"_blank\" aria-label=\"Compartir en Whatsapp\" href='https:\/\/api.whatsapp.com\/send?text=https:\/\/radiorevelacionfm.cl\/?p=17349' aria-hidden='false' data-av_icon='\uf232' data-av_iconfont='entypo-fontello' title='' data-avia-related-tooltip='Compartir en Whatsapp' rel=\"noopener\"><span class='avia_hidden_link_text'>Compartir en Whatsapp<\/span><\/a><\/li><li class='av-share-link av-social-link-linkedin' ><a target=\"_blank\" aria-label=\"Compartir en LinkedIn\" href='https:\/\/linkedin.com\/shareArticle?mini=true&#038;title=Condenan%20a%2010%20a%C3%B1os%20y%20un%20d%C3%ADa%20y%207%20a%C3%B1os%20de%20presidio%20a%20autores%20de%20tr%C3%A1fico%20de%20drogas%20ocurrido%20en%20la%20comuna%20de%20Chile%20Chico&#038;url=https:\/\/radiorevelacionfm.cl\/?p=17349' aria-hidden='false' data-av_icon='\ue8fc' data-av_iconfont='entypo-fontello' title='' data-avia-related-tooltip='Compartir en LinkedIn' rel=\"noopener\"><span class='avia_hidden_link_text'>Compartir en LinkedIn<\/span><\/a><\/li><li class='av-share-link av-social-link-mail' ><a  aria-label=\"Compartir por correo\" href='mailto:?subject=Condenan%20a%2010%20a%C3%B1os%20y%20un%20d%C3%ADa%20y%207%20a%C3%B1os%20de%20presidio%20a%20autores%20de%20tr%C3%A1fico%20de%20drogas%20ocurrido%20en%20la%20comuna%20de%20Chile%20Chico&#038;body=https:\/\/radiorevelacionfm.cl\/?p=17349' aria-hidden='false' data-av_icon='\ue805' data-av_iconfont='entypo-fontello' title='' data-avia-related-tooltip='Compartir por correo'><span class='avia_hidden_link_text'>Compartir por correo<\/span><\/a><\/li><\/ul><\/div><\/div>\n<div  style='height:50px' class='hr hr-invisible   avia-builder-el-8  el_after_av_social_share  el_before_av_comments_list '><span class='hr-inner ' ><span class='hr-inner-style'><\/span><\/span><\/div>\n<div  class='av-buildercomment  av-blog-meta-html-info-disabled av-blog-meta-tag-disabled  '><\/div>\n","protected":false},"excerpt":{"rendered":"","protected":false},"author":1,"featured_media":17350,"comment_status":"open","ping_status":"open","sticky":false,"template":"","format":"standard","meta":{"footnotes":""},"categories":[55],"tags":[],"class_list":["post-17349","post","type-post","status-publish","format-standard","has-post-thumbnail","hentry","category-justicia"],"jetpack_featured_media_url":"https:\/\/radiorevelacionfm.cl\/wp-content\/uploads\/2022\/05\/foto-top-1_optimized.jpg","_links":{"self":[{"href":"https:\/\/radiorevelacionfm.cl\/index.php?rest_route=\/wp\/v2\/posts\/17349","targetHints":{"allow":["GET"]}}],"collection":[{"href":"https:\/\/radiorevelacionfm.cl\/index.php?rest_route=\/wp\/v2\/posts"}],"about":[{"href":"https:\/\/radiorevelacionfm.cl\/index.php?rest_route=\/wp\/v2\/types\/post"}],"author":[{"embeddable":true,"href":"https:\/\/radiorevelacionfm.cl\/index.php?rest_route=\/wp\/v2\/users\/1"}],"replies":[{"embeddable":true,"href":"https:\/\/radiorevelacionfm.cl\/index.php?rest_route=%2Fwp%2Fv2%2Fcomments&post=17349"}],"version-history":[{"count":2,"href":"https:\/\/radiorevelacionfm.cl\/index.php?rest_route=\/wp\/v2\/posts\/17349\/revisions"}],"predecessor-version":[{"id":17352,"href":"https:\/\/radiorevelacionfm.cl\/index.php?rest_route=\/wp\/v2\/posts\/17349\/revisions\/17352"}],"wp:featuredmedia":[{"embeddable":true,"href":"https:\/\/radiorevelacionfm.cl\/index.php?rest_route=\/wp\/v2\/media\/17350"}],"wp:attachment":[{"href":"https:\/\/radiorevelacionfm.cl\/index.php?rest_route=%2Fwp%2Fv2%2Fmedia&parent=17349"}],"wp:term":[{"taxonomy":"category","embeddable":true,"href":"https:\/\/radiorevelacionfm.cl\/index.php?rest_route=%2Fwp%2Fv2%2Fcategories&post=17349"},{"taxonomy":"post_tag","embeddable":true,"href":"https:\/\/radiorevelacionfm.cl\/index.php?rest_route=%2Fwp%2Fv2%2Ftags&post=17349"}],"curies":[{"name":"wp","href":"https:\/\/api.w.org\/{rel}","templated":true}]}}