{"id":17345,"date":"2022-05-30T16:27:47","date_gmt":"2022-05-30T19:27:47","guid":{"rendered":"https:\/\/radiorevelacionfm.cl\/?p=17345"},"modified":"2022-05-30T16:27:47","modified_gmt":"2022-05-30T19:27:47","slug":"alcalde-de-chile-chico-manifesto-su-rechazo-al-traspaso-de-la-educacion-publica-hacia-consejos-locales","status":"publish","type":"post","link":"https:\/\/radiorevelacionfm.cl\/?p=17345","title":{"rendered":"Alcalde de Chile Chico manifest\u00f3 su rechazo al traspaso de la educaci\u00f3n p\u00fablica hacia consejos locales"},"content":{"rendered":"<div class=\"flex_column av_one_full  flex_column_div av-zero-column-padding first  avia-builder-el-0  el_before_av_one_full  avia-builder-el-first  \" style='border-radius:0px; '><div  class='avia-image-container  av-styling-    avia-builder-el-1  avia-builder-el-no-sibling  avia-align-center '  itemprop=\"image\" itemscope=\"itemscope\" itemtype=\"https:\/\/schema.org\/ImageObject\"  ><div class='avia-image-container-inner'><div class='avia-image-overlay-wrap'><img decoding=\"async\" class='wp-image-17346 avia-img-lazy-loading-not-17346 avia_image' src=\"https:\/\/radiorevelacionfm.cl\/wp-content\/uploads\/2022\/05\/Alcalde-Chile-Chico-LM1.jpg\" alt='' title='Alcalde Chile Chico LM(1)' height=\"600\" width=\"848\"  itemprop=\"thumbnailUrl\" srcset=\"https:\/\/radiorevelacionfm.cl\/wp-content\/uploads\/2022\/05\/Alcalde-Chile-Chico-LM1.jpg 848w, https:\/\/radiorevelacionfm.cl\/wp-content\/uploads\/2022\/05\/Alcalde-Chile-Chico-LM1-300x212.jpg 300w, https:\/\/radiorevelacionfm.cl\/wp-content\/uploads\/2022\/05\/Alcalde-Chile-Chico-LM1-768x543.jpg 768w, https:\/\/radiorevelacionfm.cl\/wp-content\/uploads\/2022\/05\/Alcalde-Chile-Chico-LM1-260x185.jpg 260w, https:\/\/radiorevelacionfm.cl\/wp-content\/uploads\/2022\/05\/Alcalde-Chile-Chico-LM1-705x499.jpg 705w, https:\/\/radiorevelacionfm.cl\/wp-content\/uploads\/2022\/05\/Alcalde-Chile-Chico-LM1-600x425.jpg 600w\" sizes=\"(max-width: 848px) 100vw, 848px\" \/><\/div><\/div><\/div><\/div><div class=\"flex_column av_one_full  flex_column_div av-zero-column-padding first  avia-builder-el-2  el_after_av_one_full  el_before_av_one_full  column-top-margin\" style='border-radius:0px; '><section class=\"av_textblock_section \"  itemscope=\"itemscope\" itemtype=\"https:\/\/schema.org\/BlogPosting\" itemprop=\"blogPost\" ><div class='avia_textblock  '   itemprop=\"text\" ><p style=\"text-align: center;\"><strong><span style=\"font-size: 18pt;\">Alcalde de Chile Chico manifest\u00f3 su rechazo al traspaso de la educaci\u00f3n p\u00fablica hacia consejos locales<\/span><\/strong><\/p>\n<div id=\"gtx-trans\" style=\"position: absolute; left: -50px; top: 4.31534px;\">\n<div class=\"gtx-trans-icon\"><\/div>\n<\/div>\n<\/div><\/section><\/div><div class=\"flex_column av_one_full  flex_column_div av-zero-column-padding first  avia-builder-el-4  el_after_av_one_full  el_before_av_hr  column-top-margin\" style='border-radius:0px; '><section class=\"av_textblock_section \"  itemscope=\"itemscope\" itemtype=\"https:\/\/schema.org\/BlogPosting\" itemprop=\"blogPost\" ><div class='avia_textblock  '   itemprop=\"text\" ><p style=\"text-align: justify;\">El alcalde de Chile Chico, Luperciano Mu\u00f1oz, expres\u00f3 su absoluto rechazo a la puesta en marcha de la ley 21.040 que propone la creaci\u00f3n de 70 Servicios Locales de Educaci\u00f3n P\u00fablica (SLEP), sustituyendo la intervenci\u00f3n y administraci\u00f3n de escuelas y liceos a 346 municipios.<\/p>\n<p style=\"text-align: justify;\">De acuerdo a lo indicado por Mu\u00f1oz \u201cla clase pol\u00edtica a nivel nacional y regional jam\u00e1s se pronunci\u00f3 respecto a esta mala ley. Extra\u00f1amos a los sindicatos y gremios de la educaci\u00f3n que nunca fueron capaces de levantar la voz frente a una ley que solo busca privatizar la educaci\u00f3n p\u00fablica y finalmente destruirla\u201d.<\/p>\n<p style=\"text-align: justify;\">Para edil de Chile Chico es incompresible querer traspasar la educaci\u00f3n municipalizada a un consejo local. \u201cEs como dejarla en manos de una pyme, lo cual representa una falta de respeto no solamente a las expectativas de nuestros hijos, sino tambi\u00e9n a los municipios que hemos estado tantos a\u00f1os y con mucho esfuerzo administrando la educaci\u00f3n p\u00fablica\u201d.<\/p>\n<p style=\"text-align: justify;\">Luperciano Mu\u00f1oz record\u00f3 que \u201cmuchas de las nuevas autoridades de Gobierno llegaron al congreso por los movimientos estudiantes y la verdad que nunca presentaron iniciativas para frenar esta p\u00e9sima ley ni menos para mejorar los contenidos pedag\u00f3gicos. Hoy son parte del poder ejecutivo, por lo tanto, tenemos la expectativa de que puedan frenar esta ley y cambiar los contenidos estructurales y calidad de educaci\u00f3n que le vamos a entregar a nuestras ni\u00f1as y ni\u00f1os.<\/p>\n<p style=\"text-align: justify;\">\u201cLos Servicios Locales de Educaci\u00f3n P\u00fablica mantienen una visi\u00f3n centralista de la educaci\u00f3n, complejizan los procesos de ense\u00f1anza y las situaciones operativas que quedan en manos de organismos externos a los colegios. Adem\u00e1s, transfieren por completo las deudas del \u00e1rea de educaci\u00f3n al municipio, una vez que el Estado se haga cargo de ellas en el eventual traspaso del actual sistema municipal al SLEP\u201d, explic\u00f3.<\/p>\n<p style=\"text-align: justify;\">El jefe comunal invit\u00f3 adem\u00e1s al presidente Gabriel Boric, al delegado presidencial Rodrigo Araya y a la seremi de educaci\u00f3n Isabel Garrido a referirse a este relevante tema y organizar debates regionales donde se aborde la conveniencia y viabilidad de la aplicaci\u00f3n de la ley 21.040, sus alcances y consecuencias.<\/p>\n<p style=\"text-align: justify;\">Recordemos que los municipios de Chile Chico, Cisnes e Ib\u00e1\u00f1ez realizaron una presentaci\u00f3n a la seremi de educaci\u00f3n, acogi\u00e9ndose al art\u00edculo 6 de la ley 21.040 con el objetivo de continuar administrando la educaci\u00f3n p\u00fablica municipalizada, \u201cya que estar\u00e1 en mejores manos que en los consejos locales\u201d, sentenci\u00f3 Luperciano Mu\u00f1oz.<\/p>\n<\/div><\/section><\/div><div  style='height:50px' class='hr hr-invisible   avia-builder-el-6  el_after_av_one_full  el_before_av_social_share '><span class='hr-inner ' ><span class='hr-inner-style'><\/span><\/span><\/div><\/p>\n<div  class='av-social-sharing-box  avia-builder-el-7  el_after_av_hr  el_before_av_hr  '><div class='av-share-box'><h5 class='av-share-link-description av-no-toc '>Compartir esta noticia<\/h5><ul class='av-share-box-list noLightbox'><li class='av-share-link av-social-link-facebook' ><a target=\"_blank\" aria-label=\"Compartir en Facebook\" href='https:\/\/www.facebook.com\/sharer.php?u=https:\/\/radiorevelacionfm.cl\/?p=17345&#038;t=Alcalde%20de%20Chile%20Chico%20manifest%C3%B3%20su%20rechazo%20al%20traspaso%20de%20la%20educaci%C3%B3n%20p%C3%BAblica%20hacia%20consejos%20locales' aria-hidden='false' data-av_icon='\ue8f3' data-av_iconfont='entypo-fontello' title='' data-avia-related-tooltip='Compartir en Facebook' rel=\"noopener\"><span class='avia_hidden_link_text'>Compartir en Facebook<\/span><\/a><\/li><li class='av-share-link av-social-link-twitter' ><a target=\"_blank\" aria-label=\"Compartir en Twitter\" href='https:\/\/twitter.com\/share?text=Alcalde%20de%20Chile%20Chico%20manifest%C3%B3%20su%20rechazo%20al%20traspaso%20de%20la%20educaci%C3%B3n%20p%C3%BAblica%20hacia%20consejos%20locales&#038;url=https:\/\/radiorevelacionfm.cl\/?p=17345' aria-hidden='false' data-av_icon='\ue8f1' data-av_iconfont='entypo-fontello' title='' data-avia-related-tooltip='Compartir en Twitter' rel=\"noopener\"><span class='avia_hidden_link_text'>Compartir en Twitter<\/span><\/a><\/li><li class='av-share-link av-social-link-whatsapp' ><a target=\"_blank\" aria-label=\"Compartir en Whatsapp\" href='https:\/\/api.whatsapp.com\/send?text=https:\/\/radiorevelacionfm.cl\/?p=17345' aria-hidden='false' data-av_icon='\uf232' data-av_iconfont='entypo-fontello' title='' data-avia-related-tooltip='Compartir en Whatsapp' rel=\"noopener\"><span class='avia_hidden_link_text'>Compartir en Whatsapp<\/span><\/a><\/li><li class='av-share-link av-social-link-linkedin' ><a target=\"_blank\" aria-label=\"Compartir en LinkedIn\" href='https:\/\/linkedin.com\/shareArticle?mini=true&#038;title=Alcalde%20de%20Chile%20Chico%20manifest%C3%B3%20su%20rechazo%20al%20traspaso%20de%20la%20educaci%C3%B3n%20p%C3%BAblica%20hacia%20consejos%20locales&#038;url=https:\/\/radiorevelacionfm.cl\/?p=17345' aria-hidden='false' data-av_icon='\ue8fc' data-av_iconfont='entypo-fontello' title='' data-avia-related-tooltip='Compartir en LinkedIn' rel=\"noopener\"><span class='avia_hidden_link_text'>Compartir en LinkedIn<\/span><\/a><\/li><li class='av-share-link av-social-link-mail' ><a  aria-label=\"Compartir por correo\" href='mailto:?subject=Alcalde%20de%20Chile%20Chico%20manifest%C3%B3%20su%20rechazo%20al%20traspaso%20de%20la%20educaci%C3%B3n%20p%C3%BAblica%20hacia%20consejos%20locales&#038;body=https:\/\/radiorevelacionfm.cl\/?p=17345' aria-hidden='false' data-av_icon='\ue805' data-av_iconfont='entypo-fontello' title='' data-avia-related-tooltip='Compartir por correo'><span class='avia_hidden_link_text'>Compartir por correo<\/span><\/a><\/li><\/ul><\/div><\/div>\n<div  style='height:50px' class='hr hr-invisible   avia-builder-el-8  el_after_av_social_share  el_before_av_comments_list '><span class='hr-inner ' ><span class='hr-inner-style'><\/span><\/span><\/div>\n<div  class='av-buildercomment  av-blog-meta-html-info-disabled av-blog-meta-tag-disabled  '><\/div>\n","protected":false},"excerpt":{"rendered":"","protected":false},"author":1,"featured_media":17346,"comment_status":"open","ping_status":"open","sticky":false,"template":"","format":"standard","meta":{"footnotes":""},"categories":[38],"tags":[],"class_list":["post-17345","post","type-post","status-publish","format-standard","has-post-thumbnail","hentry","category-regional"],"jetpack_featured_media_url":"https:\/\/radiorevelacionfm.cl\/wp-content\/uploads\/2022\/05\/Alcalde-Chile-Chico-LM1.jpg","_links":{"self":[{"href":"https:\/\/radiorevelacionfm.cl\/index.php?rest_route=\/wp\/v2\/posts\/17345","targetHints":{"allow":["GET"]}}],"collection":[{"href":"https:\/\/radiorevelacionfm.cl\/index.php?rest_route=\/wp\/v2\/posts"}],"about":[{"href":"https:\/\/radiorevelacionfm.cl\/index.php?rest_route=\/wp\/v2\/types\/post"}],"author":[{"embeddable":true,"href":"https:\/\/radiorevelacionfm.cl\/index.php?rest_route=\/wp\/v2\/users\/1"}],"replies":[{"embeddable":true,"href":"https:\/\/radiorevelacionfm.cl\/index.php?rest_route=%2Fwp%2Fv2%2Fcomments&post=17345"}],"version-history":[{"count":2,"href":"https:\/\/radiorevelacionfm.cl\/index.php?rest_route=\/wp\/v2\/posts\/17345\/revisions"}],"predecessor-version":[{"id":17348,"href":"https:\/\/radiorevelacionfm.cl\/index.php?rest_route=\/wp\/v2\/posts\/17345\/revisions\/17348"}],"wp:featuredmedia":[{"embeddable":true,"href":"https:\/\/radiorevelacionfm.cl\/index.php?rest_route=\/wp\/v2\/media\/17346"}],"wp:attachment":[{"href":"https:\/\/radiorevelacionfm.cl\/index.php?rest_route=%2Fwp%2Fv2%2Fmedia&parent=17345"}],"wp:term":[{"taxonomy":"category","embeddable":true,"href":"https:\/\/radiorevelacionfm.cl\/index.php?rest_route=%2Fwp%2Fv2%2Fcategories&post=17345"},{"taxonomy":"post_tag","embeddable":true,"href":"https:\/\/radiorevelacionfm.cl\/index.php?rest_route=%2Fwp%2Fv2%2Ftags&post=17345"}],"curies":[{"name":"wp","href":"https:\/\/api.w.org\/{rel}","templated":true}]}}