{"id":17341,"date":"2022-05-30T16:14:47","date_gmt":"2022-05-30T19:14:47","guid":{"rendered":"https:\/\/radiorevelacionfm.cl\/?p=17341"},"modified":"2022-05-30T16:14:47","modified_gmt":"2022-05-30T19:14:47","slug":"gobierno-regional-traspasara-mas-de-5-mil-500-millones-al-minvu-para-concretar-proyectos-habitacionales-y-urbanos","status":"publish","type":"post","link":"https:\/\/radiorevelacionfm.cl\/?p=17341","title":{"rendered":"Gobierno Regional traspasar\u00e1 m\u00e1s de $ 5 mil 500 millones al Minvu para concretar Proyectos Habitacionales y Urbanos"},"content":{"rendered":"<div class=\"flex_column av_one_full  flex_column_div av-zero-column-padding first  avia-builder-el-0  el_before_av_one_full  avia-builder-el-first  \" style='border-radius:0px; '><div  class='avia-image-container  av-styling-    avia-builder-el-1  avia-builder-el-no-sibling  avia-align-center '  itemprop=\"image\" itemscope=\"itemscope\" itemtype=\"https:\/\/schema.org\/ImageObject\"  ><div class='avia-image-container-inner'><div class='avia-image-overlay-wrap'><img decoding=\"async\" class='wp-image-17342 avia-img-lazy-loading-not-17342 avia_image' src=\"https:\/\/radiorevelacionfm.cl\/wp-content\/uploads\/2022\/05\/Archivo-Fotos-trabajos-pavimentacion-Puerto-Aguirre-1-1.jpg\" alt='' title='Archivo Fotos trabajos pavimentaci\u00f3n Puerto Aguirre (1) (1)' height=\"600\" width=\"800\"  itemprop=\"thumbnailUrl\" srcset=\"https:\/\/radiorevelacionfm.cl\/wp-content\/uploads\/2022\/05\/Archivo-Fotos-trabajos-pavimentacion-Puerto-Aguirre-1-1.jpg 800w, https:\/\/radiorevelacionfm.cl\/wp-content\/uploads\/2022\/05\/Archivo-Fotos-trabajos-pavimentacion-Puerto-Aguirre-1-1-300x225.jpg 300w, https:\/\/radiorevelacionfm.cl\/wp-content\/uploads\/2022\/05\/Archivo-Fotos-trabajos-pavimentacion-Puerto-Aguirre-1-1-768x576.jpg 768w, https:\/\/radiorevelacionfm.cl\/wp-content\/uploads\/2022\/05\/Archivo-Fotos-trabajos-pavimentacion-Puerto-Aguirre-1-1-705x529.jpg 705w, https:\/\/radiorevelacionfm.cl\/wp-content\/uploads\/2022\/05\/Archivo-Fotos-trabajos-pavimentacion-Puerto-Aguirre-1-1-600x450.jpg 600w\" sizes=\"(max-width: 800px) 100vw, 800px\" \/><\/div><\/div><\/div><\/div><div class=\"flex_column av_one_full  flex_column_div av-zero-column-padding first  avia-builder-el-2  el_after_av_one_full  el_before_av_one_full  column-top-margin\" style='border-radius:0px; '><section class=\"av_textblock_section \"  itemscope=\"itemscope\" itemtype=\"https:\/\/schema.org\/BlogPosting\" itemprop=\"blogPost\" ><div class='avia_textblock  '   itemprop=\"text\" ><p style=\"text-align: center;\"><strong><span style=\"font-size: 18pt;\">Gobierno Regional traspasar\u00e1 m\u00e1s de $ 5 mil 500 millones al Minvu para concretar Proyectos Habitacionales y Urbanos<\/span><\/strong><\/p>\n<div id=\"gtx-trans\" style=\"position: absolute; left: -50px; top: 4.31534px;\">\n<div class=\"gtx-trans-icon\"><\/div>\n<\/div>\n<\/div><\/section><\/div><div class=\"flex_column av_one_full  flex_column_div av-zero-column-padding first  avia-builder-el-4  el_after_av_one_full  el_before_av_hr  column-top-margin\" style='border-radius:0px; '><section class=\"av_textblock_section \"  itemscope=\"itemscope\" itemtype=\"https:\/\/schema.org\/BlogPosting\" itemprop=\"blogPost\" ><div class='avia_textblock  '   itemprop=\"text\" ><p style=\"text-align: justify;\">Como \u201cun aporte fundamental para concretar anhelados proyectos habitacionales y urbanos de nuestras familias de toda la regi\u00f3n\u201d, calific\u00f3 la Seremi de Vivienda y Urbanismo, Paulina Ruz Delf\u00edn, la reciente aprobaci\u00f3n por parte del Consejo Regional de m\u00e1s de 5 mil 500 millones de pesos que ser\u00e1n traspasados en las pr\u00f3ximas semanas al Serviu regi\u00f3n de Ays\u00e9n.<\/p>\n<p style=\"text-align: justify;\">Explic\u00f3 la Seremi de Vivienda que los aportes consisten en 2 mil 500 millones de pesos en el marco de la transferencia para mejoramiento de la eficiencia energ\u00e9tica de la vivienda. Estos recursos ser\u00e1n destinados a un llamado regional para que nuestras familias puedan postular a subsidios de acondicionamiento t\u00e9rmico de sus viviendas con el mismo est\u00e1ndar que el Plan de Descontaminaci\u00f3n Atmosf\u00e9rica de Coyhaique (PDA).\u00a0 \u201cEn este punto se debe precisar que este llamado estar\u00e1 abierto para familias de todas las localidades de la regi\u00f3n, con excepci\u00f3n de Coyhaique y su zona circundante. De igual forma hay que recordar que esta asignaci\u00f3n de recursos se enmarca en el Convenio de Programaci\u00f3n que tenemos vigente entre el Ministerio de Vivienda y el Gobierno Regional de Ays\u00e9n, donde hemos podido materializar muchos proyectos y muchos sue\u00f1os de nuestros vecinos y vecinas de toda la regi\u00f3n\u201d, precis\u00f3.<\/p>\n<p style=\"text-align: justify;\">Un segundo punto tiene que ver con la asignaci\u00f3n de mil 468 millones de pesos que corresponden a los aportes comprometidos por los municipios para ejecuci\u00f3n de proyectos del 31\u00b0 llamado del Programa de Pavimentaci\u00f3n Participativa. \u201cEs oportuno recordar que este programa considera el aporte mayoritario de nuestro Ministerio, pero tambi\u00e9n una contraparte de los municipios y de los mismos vecinos. Se trata de obras que se empezar\u00e1n a ejecutar durante el segundo semestre de este a\u00f1o, permitiendo intervenir m\u00e1s de 7 mil metros lineales de calles, pasajes y aceras en diferentes comunas de la regi\u00f3n, llegando a localidades como Villa O\u2019Higgins, La Junta, Puerto Cisnes, Chile Chico, Bah\u00eda Murta, Puerto Ays\u00e9n y Puerto Chacabuco, entre otras\u201d, puntualiz\u00f3 la autoridad.<\/p>\n<p style=\"text-align: justify;\">Agreg\u00f3 la Seremi Paulina Ruz que un tercer punto, quiz\u00e1 el de mayor impacto social, tiene que ver con el aporte complementario para desarrollar algunos grandes proyectos de construcci\u00f3n de viviendas, un tema muy sensible y una solicitud reiterada de tres comit\u00e9s de vivienda que ahora se acercan cada vez m\u00e1s a cumplir el sue\u00f1o de la casa propia. En este caso se trata de recursos que suman m\u00e1s de mil 600 millones de pesos que corresponden a la glosa de Transferencia para el Mejoramiento del Subsidio a la vivienda, donde destacan los 922 millones de pesos que ir\u00e1n en apoyo de las 80 familias que integran los comit\u00e9s \u201cEl Nogal\u201d y \u201cLlaves So\u00f1adas\u201d, de Puerto Ays\u00e9n.<\/p>\n<p style=\"text-align: justify;\">\u201cJunto con valorar esta importante cantidad de recursos debemos agradecer la visi\u00f3n de los integrantes del Consejo Regional y de nuestra Gobernadora regional, Andrea Mac\u00edas, quienes con su decisi\u00f3n permiten que sigamos sumando los esfuerzos para cumplir el sue\u00f1o de cientos de familias que requieren una soluci\u00f3n habitacional y tambi\u00e9n un mejor lugar para vivir, mejores barrios y ciudades, que son justamente las prioridades que nos mueven como parte del Gobierno del Presidente Gabriel Boric\u201d, se\u00f1al\u00f3 la Seremi.<\/p>\n<p style=\"text-align: justify;\">Finalmente agreg\u00f3 la autoridad sectorial que estas obras que se empezar\u00e1n a concretar en los pr\u00f3ximos meses permitir\u00e1n elevar en forma directa la calidad de vida de nuestras familias, ayudar\u00e1n a mejorar la imagen de nuestras ciudades, incentivar las econom\u00edas locales y generar puestos de trabajo que son muy necesarios para continuar consolidando la reactivaci\u00f3n regional y nacional despu\u00e9s de a\u00f1os de mucha complejidad econ\u00f3mica y social a ra\u00edz de la pandemia por coronavirus.<\/p>\n<\/div><\/section><\/div><div  style='height:50px' class='hr hr-invisible   avia-builder-el-6  el_after_av_one_full  el_before_av_social_share '><span class='hr-inner ' ><span class='hr-inner-style'><\/span><\/span><\/div><\/p>\n<div  class='av-social-sharing-box  avia-builder-el-7  el_after_av_hr  el_before_av_hr  '><div class='av-share-box'><h5 class='av-share-link-description av-no-toc '>Compartir esta noticia<\/h5><ul class='av-share-box-list noLightbox'><li class='av-share-link av-social-link-facebook' ><a target=\"_blank\" aria-label=\"Compartir en Facebook\" href='https:\/\/www.facebook.com\/sharer.php?u=https:\/\/radiorevelacionfm.cl\/?p=17341&#038;t=Gobierno%20Regional%20traspasar%C3%A1%20m%C3%A1s%20de%20%24%205%20mil%20500%20millones%20al%20Minvu%20para%20concretar%20Proyectos%20Habitacionales%20y%20Urbanos' aria-hidden='false' data-av_icon='\ue8f3' data-av_iconfont='entypo-fontello' title='' data-avia-related-tooltip='Compartir en Facebook' rel=\"noopener\"><span class='avia_hidden_link_text'>Compartir en Facebook<\/span><\/a><\/li><li class='av-share-link av-social-link-twitter' ><a target=\"_blank\" aria-label=\"Compartir en Twitter\" href='https:\/\/twitter.com\/share?text=Gobierno%20Regional%20traspasar%C3%A1%20m%C3%A1s%20de%20%24%205%20mil%20500%20millones%20al%20Minvu%20para%20concretar%20Proyectos%20Habitacionales%20y%20Urbanos&#038;url=https:\/\/radiorevelacionfm.cl\/?p=17341' aria-hidden='false' data-av_icon='\ue8f1' data-av_iconfont='entypo-fontello' title='' data-avia-related-tooltip='Compartir en Twitter' rel=\"noopener\"><span class='avia_hidden_link_text'>Compartir en Twitter<\/span><\/a><\/li><li class='av-share-link av-social-link-whatsapp' ><a target=\"_blank\" aria-label=\"Compartir en Whatsapp\" href='https:\/\/api.whatsapp.com\/send?text=https:\/\/radiorevelacionfm.cl\/?p=17341' aria-hidden='false' data-av_icon='\uf232' data-av_iconfont='entypo-fontello' title='' data-avia-related-tooltip='Compartir en Whatsapp' rel=\"noopener\"><span class='avia_hidden_link_text'>Compartir en Whatsapp<\/span><\/a><\/li><li class='av-share-link av-social-link-linkedin' ><a target=\"_blank\" aria-label=\"Compartir en LinkedIn\" href='https:\/\/linkedin.com\/shareArticle?mini=true&#038;title=Gobierno%20Regional%20traspasar%C3%A1%20m%C3%A1s%20de%20%24%205%20mil%20500%20millones%20al%20Minvu%20para%20concretar%20Proyectos%20Habitacionales%20y%20Urbanos&#038;url=https:\/\/radiorevelacionfm.cl\/?p=17341' aria-hidden='false' data-av_icon='\ue8fc' data-av_iconfont='entypo-fontello' title='' data-avia-related-tooltip='Compartir en LinkedIn' rel=\"noopener\"><span class='avia_hidden_link_text'>Compartir en LinkedIn<\/span><\/a><\/li><li class='av-share-link av-social-link-mail' ><a  aria-label=\"Compartir por correo\" href='mailto:?subject=Gobierno%20Regional%20traspasar%C3%A1%20m%C3%A1s%20de%20%24%205%20mil%20500%20millones%20al%20Minvu%20para%20concretar%20Proyectos%20Habitacionales%20y%20Urbanos&#038;body=https:\/\/radiorevelacionfm.cl\/?p=17341' aria-hidden='false' data-av_icon='\ue805' data-av_iconfont='entypo-fontello' title='' data-avia-related-tooltip='Compartir por correo'><span class='avia_hidden_link_text'>Compartir por correo<\/span><\/a><\/li><\/ul><\/div><\/div>\n<div  style='height:50px' class='hr hr-invisible   avia-builder-el-8  el_after_av_social_share  el_before_av_comments_list '><span class='hr-inner ' ><span class='hr-inner-style'><\/span><\/span><\/div>\n<div  class='av-buildercomment  av-blog-meta-html-info-disabled av-blog-meta-tag-disabled  '><\/div>\n","protected":false},"excerpt":{"rendered":"","protected":false},"author":1,"featured_media":17342,"comment_status":"open","ping_status":"open","sticky":false,"template":"","format":"standard","meta":{"footnotes":""},"categories":[38],"tags":[],"class_list":["post-17341","post","type-post","status-publish","format-standard","has-post-thumbnail","hentry","category-regional"],"jetpack_featured_media_url":"https:\/\/radiorevelacionfm.cl\/wp-content\/uploads\/2022\/05\/Archivo-Fotos-trabajos-pavimentacion-Puerto-Aguirre-1-1.jpg","_links":{"self":[{"href":"https:\/\/radiorevelacionfm.cl\/index.php?rest_route=\/wp\/v2\/posts\/17341","targetHints":{"allow":["GET"]}}],"collection":[{"href":"https:\/\/radiorevelacionfm.cl\/index.php?rest_route=\/wp\/v2\/posts"}],"about":[{"href":"https:\/\/radiorevelacionfm.cl\/index.php?rest_route=\/wp\/v2\/types\/post"}],"author":[{"embeddable":true,"href":"https:\/\/radiorevelacionfm.cl\/index.php?rest_route=\/wp\/v2\/users\/1"}],"replies":[{"embeddable":true,"href":"https:\/\/radiorevelacionfm.cl\/index.php?rest_route=%2Fwp%2Fv2%2Fcomments&post=17341"}],"version-history":[{"count":2,"href":"https:\/\/radiorevelacionfm.cl\/index.php?rest_route=\/wp\/v2\/posts\/17341\/revisions"}],"predecessor-version":[{"id":17344,"href":"https:\/\/radiorevelacionfm.cl\/index.php?rest_route=\/wp\/v2\/posts\/17341\/revisions\/17344"}],"wp:featuredmedia":[{"embeddable":true,"href":"https:\/\/radiorevelacionfm.cl\/index.php?rest_route=\/wp\/v2\/media\/17342"}],"wp:attachment":[{"href":"https:\/\/radiorevelacionfm.cl\/index.php?rest_route=%2Fwp%2Fv2%2Fmedia&parent=17341"}],"wp:term":[{"taxonomy":"category","embeddable":true,"href":"https:\/\/radiorevelacionfm.cl\/index.php?rest_route=%2Fwp%2Fv2%2Fcategories&post=17341"},{"taxonomy":"post_tag","embeddable":true,"href":"https:\/\/radiorevelacionfm.cl\/index.php?rest_route=%2Fwp%2Fv2%2Ftags&post=17341"}],"curies":[{"name":"wp","href":"https:\/\/api.w.org\/{rel}","templated":true}]}}