{"id":17331,"date":"2022-05-29T19:09:48","date_gmt":"2022-05-29T22:09:48","guid":{"rendered":"https:\/\/radiorevelacionfm.cl\/?p=17331"},"modified":"2022-05-29T19:09:48","modified_gmt":"2022-05-29T22:09:48","slug":"organizaciones-de-aysen-valle-simpson-y-villa-frei-participan-en-taller-de-compostaje-convocado-por-empresa-local","status":"publish","type":"post","link":"https:\/\/radiorevelacionfm.cl\/?p=17331","title":{"rendered":"Organizaciones de Ays\u00e9n, Valle Simpson y Villa Frei participan en Taller de Compostaje convocado por empresa local"},"content":{"rendered":"<div class=\"flex_column av_one_full  flex_column_div av-zero-column-padding first  avia-builder-el-0  el_before_av_one_full  avia-builder-el-first  \" style='border-radius:0px; '><div  class='avia-image-container  av-styling-    avia-builder-el-1  avia-builder-el-no-sibling  avia-align-center '  itemprop=\"image\" itemscope=\"itemscope\" itemtype=\"https:\/\/schema.org\/ImageObject\"  ><div class='avia-image-container-inner'><div class='avia-image-overlay-wrap'><img decoding=\"async\" class='wp-image-17332 avia-img-lazy-loading-not-17332 avia_image' src=\"https:\/\/radiorevelacionfm.cl\/wp-content\/uploads\/2022\/05\/segundo-taller-compostaje-2-1_optimized.jpg\" alt='' title='segundo-taller-compostaje-2-(1)_optimized' height=\"600\" width=\"1067\"  itemprop=\"thumbnailUrl\" srcset=\"https:\/\/radiorevelacionfm.cl\/wp-content\/uploads\/2022\/05\/segundo-taller-compostaje-2-1_optimized.jpg 1067w, https:\/\/radiorevelacionfm.cl\/wp-content\/uploads\/2022\/05\/segundo-taller-compostaje-2-1_optimized-300x169.jpg 300w, https:\/\/radiorevelacionfm.cl\/wp-content\/uploads\/2022\/05\/segundo-taller-compostaje-2-1_optimized-1030x579.jpg 1030w, https:\/\/radiorevelacionfm.cl\/wp-content\/uploads\/2022\/05\/segundo-taller-compostaje-2-1_optimized-768x432.jpg 768w, https:\/\/radiorevelacionfm.cl\/wp-content\/uploads\/2022\/05\/segundo-taller-compostaje-2-1_optimized-705x396.jpg 705w, https:\/\/radiorevelacionfm.cl\/wp-content\/uploads\/2022\/05\/segundo-taller-compostaje-2-1_optimized-600x337.jpg 600w\" sizes=\"(max-width: 1067px) 100vw, 1067px\" \/><\/div><\/div><\/div><\/div><div class=\"flex_column av_one_full  flex_column_div av-zero-column-padding first  avia-builder-el-2  el_after_av_one_full  el_before_av_one_full  column-top-margin\" style='border-radius:0px; '><section class=\"av_textblock_section \"  itemscope=\"itemscope\" itemtype=\"https:\/\/schema.org\/BlogPosting\" itemprop=\"blogPost\" ><div class='avia_textblock  '   itemprop=\"text\" ><p style=\"text-align: center;\"><strong><span style=\"font-size: 18pt;\">Organizaciones de Ays\u00e9n, Valle Simpson y Villa Frei participan en Taller de Compostaje convocado por empresa local<\/span><\/strong><\/p>\n<div id=\"gtx-trans\" style=\"position: absolute; left: -50px; top: 4.31534px;\">\n<div class=\"gtx-trans-icon\"><\/div>\n<\/div>\n<\/div><\/section><\/div><div class=\"flex_column av_one_full  flex_column_div av-zero-column-padding first  avia-builder-el-4  el_after_av_one_full  el_before_av_hr  column-top-margin\" style='border-radius:0px; '><section class=\"av_textblock_section \"  itemscope=\"itemscope\" itemtype=\"https:\/\/schema.org\/BlogPosting\" itemprop=\"blogPost\" ><div class='avia_textblock  '   itemprop=\"text\" ><p style=\"text-align: justify;\">En dependencias de la C\u00e1mara de Comercio se realiz\u00f3 el Segundo Taller de Compostaje y Vermicompostaje, organizado por Empresas Bahamonde. Oportunidad en la que se convoc\u00f3 a la Agrupaci\u00f3n de Mujeres Campesinas, Comit\u00e9 Hortofrut\u00edcola de Ays\u00e9n, Agrupaci\u00f3n \u201cLas Maravillas\u201d, escuela Despertar, Club de Adultos Mayores \u201cLos Patagones de la Corvi\u201d, Jard\u00edn Infantil Lobito Feroz, Conaf, junta de vecinos Manuel Rodr\u00edguez, escuela rural Valle Simpson y vecinos de Villa Frei.<\/p>\n<p style=\"text-align: justify;\">Alejandro Bahamonde, propietario de la empresa organizadora de esta actividad, puso en valor poder acercar a la comunidad local y regional las acciones que se est\u00e1n desarrollando en el territorio, donde se espera llegar a desarrollar al menos cinco cursos con estas mismas caracter\u00edsticas, tendientes a dar otro uso a los residuos org\u00e1nicos.<\/p>\n<p style=\"text-align: justify;\">\u201cEste es el segundo curso de compostaje que estamos desarrollando como empresa, esperamos de aqu\u00ed a fin de a\u00f1o realizar unas cinco capacitaciones de este tipo, para que la comunidad sepa que a trav\u00e9s de sus residuos organismos, que muchas veces van al cami\u00f3n de la basura, lo pueden reutilizar y generar un abono para sus plantas, para su invernadero, la idea es que tenga una mejor utilizaci\u00f3n. As\u00ed es que, satisfecho y contento, porque la gran mayor\u00eda de las personas se fueron contentas con el curso, solicitando m\u00e1s lombrices, m\u00e1s humus, por lo tanto, cada d\u00eda m\u00e1s felices con lo que estamos haciendo en beneficio de la comunidad\u201d.<\/p>\n<p style=\"text-align: justify;\">La presidenta del Comit\u00e9 Hortofrut\u00edcola de Puerto Ays\u00e9n, Mirta Vargas, quiso agradecer la instancia propiciada por la empresa local. \u201cAgradecer mucho a don Alejandro, a las Empresas Bahamonde, por lo que est\u00e1 haciendo, porque en realidad nosotras ya llevamos un tiempo trabajando con esto, pero hoy aprendimos nuevas t\u00e9cnicas, nos capacitamos y nos especializamos m\u00e1s, entonces, ya sabemos c\u00f3mo hacer un humus de mejor calidad para nuestras plantas. Ya que, esa es nuestra idea, de vender todos los productos org\u00e1nicos y productos de buena calidad. As\u00ed es que, agradecer a don Alejandro por esto que est\u00e1 haciendo, por habernos invitado y nos dice que va a seguir haciendo esto durante el a\u00f1o, lo ideal es que m\u00e1s personas tengan la disposici\u00f3n para venir cuando las inviten, porque realmente se aprende mucho\u201d.<\/p>\n<p style=\"text-align: justify;\">Desde la escuela rural de Valle Simpson, particip\u00f3 el profesor Aldo Antrillao, quien resalt\u00f3 la posibilidad de ser parte del taller de compostaje y vermicompostaje.<\/p>\n<p style=\"text-align: justify;\">\u201cRealmente lo encontramos s\u00faper interesante, me pareci\u00f3 y a todos los participantes muy bien, porque est\u00e1n dando una gran lecci\u00f3n, ya que, est\u00e1n haciendo un trabajo de mejorar nuestro entorno, contribuir a este gran tema que es el cambio clim\u00e1tico, haciendo un buen uso de los residuos. Esperemos que este mensaje llegue a la comunidad y especialmente porque aqu\u00ed veo adultos mayores, profesores, comunidad en general y que puedan realizar un buen trabajo, llevando los residuos a lo que corresponde y aprovech\u00e1ndolos, en definitiva, porque no todo es basura\u201d.<\/p>\n<p style=\"text-align: justify;\">Como una \u201cexcelente\u201d instancia de capacitaci\u00f3n, calific\u00f3 la jornada, Katherine Riveros, profesora de la escuela Despertar. \u201cExcelente, muy linda instancia para aprender en este caso acerca del compostaje y vermicompostaje, tambi\u00e9n es una instancia linda llena de energ\u00eda, de personas con mucha sabidur\u00eda en t\u00e9rminos de aprendizaje acad\u00e9mico y personas que tienen ya estos trabajos avanzados en sus casas. Una s\u00faper buena instancia para replicar en nuestra escuela, adem\u00e1s que, don Alejandro tiene muy buena recepci\u00f3n y apertura a cualquier proyecto que nosotros podamos desempe\u00f1ar, mostrando siempre muy buena voluntad a colaborarnos\u201d.<\/p>\n<p style=\"text-align: justify;\">Desde el sector de Villa Frei lleg\u00f3 hasta Puerto Ays\u00e9n, Alfredo Alvarado, quien se mostr\u00f3 muy entusiasmado en replicar lo aprendido en el taller. \u201cEs algo bueno, bonito, nuevo, porque uno de repente bota algunos productos que los puede reutilizar, para no contaminar. Entretenido el curso, se ve dif\u00edcil, pero es algo f\u00e1cil, hay que cuidar como un animal o una mascota m\u00e1s a las lombrices, uno cree que no se puede, pero se puede. Es f\u00e1cil reutilizar las cosas y estos cursos se valoran mucho, porque la gente bota muchas cosas y no sabe que lo puede hacer humus, que para las plantas es bueno\u201d.<\/p>\n<p style=\"text-align: justify;\">La actividad concluy\u00f3 con la certificaci\u00f3n a cada uno de los y las participantes del taller, instancia que cont\u00f3 con la presencia de la Senadora Ximena Ordenes Neira.<\/p>\n<\/div><\/section><\/div><div  style='height:50px' class='hr hr-invisible   avia-builder-el-6  el_after_av_one_full  el_before_av_social_share '><span class='hr-inner ' ><span class='hr-inner-style'><\/span><\/span><\/div><\/p>\n<div  class='av-social-sharing-box  avia-builder-el-7  el_after_av_hr  el_before_av_hr  '><div class='av-share-box'><h5 class='av-share-link-description av-no-toc '>Compartir esta noticia<\/h5><ul class='av-share-box-list noLightbox'><li class='av-share-link av-social-link-facebook' ><a target=\"_blank\" aria-label=\"Compartir en Facebook\" href='https:\/\/www.facebook.com\/sharer.php?u=https:\/\/radiorevelacionfm.cl\/?p=17331&#038;t=Organizaciones%20de%20Ays%C3%A9n%2C%20Valle%20Simpson%20y%20Villa%20Frei%20participan%20en%20Taller%20de%20Compostaje%20convocado%20por%20empresa%20local' aria-hidden='false' data-av_icon='\ue8f3' data-av_iconfont='entypo-fontello' title='' data-avia-related-tooltip='Compartir en Facebook' rel=\"noopener\"><span class='avia_hidden_link_text'>Compartir en Facebook<\/span><\/a><\/li><li class='av-share-link av-social-link-twitter' ><a target=\"_blank\" aria-label=\"Compartir en Twitter\" href='https:\/\/twitter.com\/share?text=Organizaciones%20de%20Ays%C3%A9n%2C%20Valle%20Simpson%20y%20Villa%20Frei%20participan%20en%20Taller%20de%20Compostaje%20convocado%20por%20empresa%20local&#038;url=https:\/\/radiorevelacionfm.cl\/?p=17331' aria-hidden='false' data-av_icon='\ue8f1' data-av_iconfont='entypo-fontello' title='' data-avia-related-tooltip='Compartir en Twitter' rel=\"noopener\"><span class='avia_hidden_link_text'>Compartir en Twitter<\/span><\/a><\/li><li class='av-share-link av-social-link-whatsapp' ><a target=\"_blank\" aria-label=\"Compartir en Whatsapp\" href='https:\/\/api.whatsapp.com\/send?text=https:\/\/radiorevelacionfm.cl\/?p=17331' aria-hidden='false' data-av_icon='\uf232' data-av_iconfont='entypo-fontello' title='' data-avia-related-tooltip='Compartir en Whatsapp' rel=\"noopener\"><span class='avia_hidden_link_text'>Compartir en Whatsapp<\/span><\/a><\/li><li class='av-share-link av-social-link-linkedin' ><a target=\"_blank\" aria-label=\"Compartir en LinkedIn\" href='https:\/\/linkedin.com\/shareArticle?mini=true&#038;title=Organizaciones%20de%20Ays%C3%A9n%2C%20Valle%20Simpson%20y%20Villa%20Frei%20participan%20en%20Taller%20de%20Compostaje%20convocado%20por%20empresa%20local&#038;url=https:\/\/radiorevelacionfm.cl\/?p=17331' aria-hidden='false' data-av_icon='\ue8fc' data-av_iconfont='entypo-fontello' title='' data-avia-related-tooltip='Compartir en LinkedIn' rel=\"noopener\"><span class='avia_hidden_link_text'>Compartir en LinkedIn<\/span><\/a><\/li><li class='av-share-link av-social-link-mail' ><a  aria-label=\"Compartir por correo\" href='mailto:?subject=Organizaciones%20de%20Ays%C3%A9n%2C%20Valle%20Simpson%20y%20Villa%20Frei%20participan%20en%20Taller%20de%20Compostaje%20convocado%20por%20empresa%20local&#038;body=https:\/\/radiorevelacionfm.cl\/?p=17331' aria-hidden='false' data-av_icon='\ue805' data-av_iconfont='entypo-fontello' title='' data-avia-related-tooltip='Compartir por correo'><span class='avia_hidden_link_text'>Compartir por correo<\/span><\/a><\/li><\/ul><\/div><\/div>\n<div  style='height:50px' class='hr hr-invisible   avia-builder-el-8  el_after_av_social_share  el_before_av_comments_list '><span class='hr-inner ' ><span class='hr-inner-style'><\/span><\/span><\/div>\n<div  class='av-buildercomment  av-blog-meta-html-info-disabled av-blog-meta-tag-disabled  '><\/div>\n","protected":false},"excerpt":{"rendered":"","protected":false},"author":1,"featured_media":17332,"comment_status":"open","ping_status":"open","sticky":false,"template":"","format":"standard","meta":{"footnotes":""},"categories":[38],"tags":[],"class_list":["post-17331","post","type-post","status-publish","format-standard","has-post-thumbnail","hentry","category-regional"],"jetpack_featured_media_url":"https:\/\/radiorevelacionfm.cl\/wp-content\/uploads\/2022\/05\/segundo-taller-compostaje-2-1_optimized.jpg","_links":{"self":[{"href":"https:\/\/radiorevelacionfm.cl\/index.php?rest_route=\/wp\/v2\/posts\/17331","targetHints":{"allow":["GET"]}}],"collection":[{"href":"https:\/\/radiorevelacionfm.cl\/index.php?rest_route=\/wp\/v2\/posts"}],"about":[{"href":"https:\/\/radiorevelacionfm.cl\/index.php?rest_route=\/wp\/v2\/types\/post"}],"author":[{"embeddable":true,"href":"https:\/\/radiorevelacionfm.cl\/index.php?rest_route=\/wp\/v2\/users\/1"}],"replies":[{"embeddable":true,"href":"https:\/\/radiorevelacionfm.cl\/index.php?rest_route=%2Fwp%2Fv2%2Fcomments&post=17331"}],"version-history":[{"count":2,"href":"https:\/\/radiorevelacionfm.cl\/index.php?rest_route=\/wp\/v2\/posts\/17331\/revisions"}],"predecessor-version":[{"id":17334,"href":"https:\/\/radiorevelacionfm.cl\/index.php?rest_route=\/wp\/v2\/posts\/17331\/revisions\/17334"}],"wp:featuredmedia":[{"embeddable":true,"href":"https:\/\/radiorevelacionfm.cl\/index.php?rest_route=\/wp\/v2\/media\/17332"}],"wp:attachment":[{"href":"https:\/\/radiorevelacionfm.cl\/index.php?rest_route=%2Fwp%2Fv2%2Fmedia&parent=17331"}],"wp:term":[{"taxonomy":"category","embeddable":true,"href":"https:\/\/radiorevelacionfm.cl\/index.php?rest_route=%2Fwp%2Fv2%2Fcategories&post=17331"},{"taxonomy":"post_tag","embeddable":true,"href":"https:\/\/radiorevelacionfm.cl\/index.php?rest_route=%2Fwp%2Fv2%2Ftags&post=17331"}],"curies":[{"name":"wp","href":"https:\/\/api.w.org\/{rel}","templated":true}]}}