{"id":17327,"date":"2022-05-30T09:10:33","date_gmt":"2022-05-30T12:10:33","guid":{"rendered":"https:\/\/radiorevelacionfm.cl\/?p=17327"},"modified":"2022-05-30T10:22:48","modified_gmt":"2022-05-30T13:22:48","slug":"sandoval-destaco-publicacion-de-ley-de-integracion-social-en-la-planificacion-urbana-gestion-de-suelo-y-plan-de-emergencia-habitacional","status":"publish","type":"post","link":"https:\/\/radiorevelacionfm.cl\/?p=17327","title":{"rendered":"Sandoval destac\u00f3 publicaci\u00f3n de la Ley de Integraci\u00f3n Social en la planificaci\u00f3n urbana, gesti\u00f3n de suelo y plan de emergencia habitacional"},"content":{"rendered":"<div class=\"flex_column av_one_full  flex_column_div av-zero-column-padding first  avia-builder-el-0  el_before_av_one_full  avia-builder-el-first  \" style='border-radius:0px; '><div  class='avia-image-container  av-styling-    avia-builder-el-1  avia-builder-el-no-sibling  avia-align-center '  itemprop=\"image\" itemscope=\"itemscope\" itemtype=\"https:\/\/schema.org\/ImageObject\"  ><div class='avia-image-container-inner'><div class='avia-image-overlay-wrap'><img decoding=\"async\" class='wp-image-12740 avia-img-lazy-loading-not-12740 avia_image' src=\"https:\/\/radiorevelacionfm.cl\/wp-content\/uploads\/2022\/01\/sandoval.jpg\" alt='' title='sandoval' height=\"600\" width=\"900\"  itemprop=\"thumbnailUrl\" srcset=\"https:\/\/radiorevelacionfm.cl\/wp-content\/uploads\/2022\/01\/sandoval.jpg 900w, https:\/\/radiorevelacionfm.cl\/wp-content\/uploads\/2022\/01\/sandoval-300x200.jpg 300w, https:\/\/radiorevelacionfm.cl\/wp-content\/uploads\/2022\/01\/sandoval-768x512.jpg 768w, https:\/\/radiorevelacionfm.cl\/wp-content\/uploads\/2022\/01\/sandoval-705x470.jpg 705w, https:\/\/radiorevelacionfm.cl\/wp-content\/uploads\/2022\/01\/sandoval-600x400.jpg 600w\" sizes=\"(max-width: 900px) 100vw, 900px\" \/><\/div><\/div><\/div><\/div>\n<div class=\"flex_column av_one_full  flex_column_div av-zero-column-padding first  avia-builder-el-2  el_after_av_one_full  el_before_av_one_full  column-top-margin\" style='border-radius:0px; '><section class=\"av_textblock_section \"  itemscope=\"itemscope\" itemtype=\"https:\/\/schema.org\/BlogPosting\" itemprop=\"blogPost\" ><div class='avia_textblock  '   itemprop=\"text\" ><p style=\"text-align: center;\"><strong><span style=\"font-size: 18pt;\">Sandoval destac\u00f3 publicaci\u00f3n de la Ley de Integraci\u00f3n Social en la planificaci\u00f3n urbana, gesti\u00f3n de suelo y plan de emergencia habitacional<\/span><\/strong><\/p>\n<div id=\"gtx-trans\" style=\"position: absolute; left: -50px; top: 4.31534px;\">\n<div class=\"gtx-trans-icon\"><\/div>\n<\/div>\n<\/div><\/section><\/div><div class=\"flex_column av_one_full  flex_column_div av-zero-column-padding first  avia-builder-el-4  el_after_av_one_full  el_before_av_hr  column-top-margin\" style='border-radius:0px; '><section class=\"av_textblock_section \"  itemscope=\"itemscope\" itemtype=\"https:\/\/schema.org\/BlogPosting\" itemprop=\"blogPost\" ><div class='avia_textblock  '   itemprop=\"text\" ><p style=\"text-align: justify;\">Este viernes 27 de mayo fue publicada en el Diario Oficial la ley 21450, de Integraci\u00f3n Social en la planificaci\u00f3n urbana, gesti\u00f3n de suelo y plan de emergencia habitacional, cuyo impacto fue destacado por el senador David Sandoval.<\/p>\n<p style=\"text-align: justify;\">Al respecto, el parlamentario, quien es presidente de la comisi\u00f3n de Vivienda de la C\u00e1mara Alta, record\u00f3 que la iniciativa tuvo un largo proceso de tramitaci\u00f3n en el Congreso, desde el cual se promovi\u00f3 un Di\u00e1logo Nacional por la Vivienda y la Ciudad, el que buscaba precisamente un gran acuerdo para terminar con los campamentos, el d\u00e9ficit habitacional y la segregaci\u00f3n urbana. \u201cTiene un sentido en ese \u00e1mbito, fija una serie de condiciones, faculta al Ministerio de Vivienda (Minvu) para comprar terrenos, faculta a los servicios p\u00fablicos para traspasar al MINVU terrenos que tienen valor para fines habitacionales\u201d, explic\u00f3.<\/p>\n<p style=\"text-align: justify;\">La nueva norma establece, entre otros puntos, una nueva ley sobre Gesti\u00f3n de Suelo y un <strong>Plan de Emergencia, el cual tendr\u00e1 vigencia hasta el 31 de diciembre de 2025,<\/strong> sin perjuicio de una eventual pr\u00f3rroga legal, si fuere necesario para su adecuada implementaci\u00f3n. \u201cUna muy buena ley que tambi\u00e9n busca que no por que la gente sea vulnerable, la tienes que meter en la periferia de las ciudades, sin servicios, sin accesibilidad\u201d, resalt\u00f3.<\/p>\n<p style=\"text-align: justify;\">Durante el debate que se dio en marzo de este a\u00f1o, Sandoval record\u00f3 lo se\u00f1alado por la corporaci\u00f3n Ciudades durante el tr\u00e1mite de la iniciativa, respecto a lo que viven miles de familias en el pa\u00eds. \u201cLos sin techo, aquellos que tienen d\u00e9ficit cuantitativo; los con techo, quienes no obstante tener una vivienda, requieren un cambio; los sin ciudad, quienes viven en su ciudad, pero alejadas de las zonas de servicio\u201d, indic\u00f3.<\/p>\n<p style=\"text-align: justify;\">Adem\u00e1s, el legislador reiter\u00f3 la importancia del trabajo y el compromiso de todo el equipo de asesores, tanto parlamentario como del propio ministerio, para arribar a una ley \u201cque se haga cargo de un tema tan sensible, de tanto impacto humano y de tanta demanda social como lo son mejores viviendas, barrios, ciudades\u201d.<\/p>\n<p style=\"text-align: justify;\">Se estima que actualmente, existe un d\u00e9ficit de entre 500 mil y 700 mil viviendas en el pa\u00eds, mientras que en la regi\u00f3n de Ays\u00e9n, la cifra llega a aproximadamente 1.400 las viviendas que fueron declaradas como irrecuperables.<\/p>\n<\/div><\/section><\/div><\/p>\n<div  style='height:50px' class='hr hr-invisible   avia-builder-el-6  el_after_av_one_full  el_before_av_social_share '><span class='hr-inner ' ><span class='hr-inner-style'><\/span><\/span><\/div>\n<div  class='av-social-sharing-box  avia-builder-el-7  el_after_av_hr  el_before_av_hr  '><div class='av-share-box'><h5 class='av-share-link-description av-no-toc '>Compartir esta noticia<\/h5><ul class='av-share-box-list noLightbox'><li class='av-share-link av-social-link-facebook' ><a target=\"_blank\" aria-label=\"Compartir en Facebook\" href='https:\/\/www.facebook.com\/sharer.php?u=https:\/\/radiorevelacionfm.cl\/?p=17327&#038;t=Sandoval%20destac%C3%B3%20publicaci%C3%B3n%20de%20la%20Ley%20de%20Integraci%C3%B3n%20Social%20en%20la%20planificaci%C3%B3n%20urbana%2C%20gesti%C3%B3n%20de%20suelo%20y%20plan%20de%20emergencia%20habitacional' aria-hidden='false' data-av_icon='\ue8f3' data-av_iconfont='entypo-fontello' title='' data-avia-related-tooltip='Compartir en Facebook' rel=\"noopener\"><span class='avia_hidden_link_text'>Compartir en Facebook<\/span><\/a><\/li><li class='av-share-link av-social-link-twitter' ><a target=\"_blank\" aria-label=\"Compartir en Twitter\" href='https:\/\/twitter.com\/share?text=Sandoval%20destac%C3%B3%20publicaci%C3%B3n%20de%20la%20Ley%20de%20Integraci%C3%B3n%20Social%20en%20la%20planificaci%C3%B3n%20urbana%2C%20gesti%C3%B3n%20de%20suelo%20y%20plan%20de%20emergencia%20habitacional&#038;url=https:\/\/radiorevelacionfm.cl\/?p=17327' aria-hidden='false' data-av_icon='\ue8f1' data-av_iconfont='entypo-fontello' title='' data-avia-related-tooltip='Compartir en Twitter' rel=\"noopener\"><span class='avia_hidden_link_text'>Compartir en Twitter<\/span><\/a><\/li><li class='av-share-link av-social-link-whatsapp' ><a target=\"_blank\" aria-label=\"Compartir en Whatsapp\" href='https:\/\/api.whatsapp.com\/send?text=https:\/\/radiorevelacionfm.cl\/?p=17327' aria-hidden='false' data-av_icon='\uf232' data-av_iconfont='entypo-fontello' title='' data-avia-related-tooltip='Compartir en Whatsapp' rel=\"noopener\"><span class='avia_hidden_link_text'>Compartir en Whatsapp<\/span><\/a><\/li><li class='av-share-link av-social-link-linkedin' ><a target=\"_blank\" aria-label=\"Compartir en LinkedIn\" href='https:\/\/linkedin.com\/shareArticle?mini=true&#038;title=Sandoval%20destac%C3%B3%20publicaci%C3%B3n%20de%20la%20Ley%20de%20Integraci%C3%B3n%20Social%20en%20la%20planificaci%C3%B3n%20urbana%2C%20gesti%C3%B3n%20de%20suelo%20y%20plan%20de%20emergencia%20habitacional&#038;url=https:\/\/radiorevelacionfm.cl\/?p=17327' aria-hidden='false' data-av_icon='\ue8fc' data-av_iconfont='entypo-fontello' title='' data-avia-related-tooltip='Compartir en LinkedIn' rel=\"noopener\"><span class='avia_hidden_link_text'>Compartir en LinkedIn<\/span><\/a><\/li><li class='av-share-link av-social-link-mail' ><a  aria-label=\"Compartir por correo\" href='mailto:?subject=Sandoval%20destac%C3%B3%20publicaci%C3%B3n%20de%20la%20Ley%20de%20Integraci%C3%B3n%20Social%20en%20la%20planificaci%C3%B3n%20urbana%2C%20gesti%C3%B3n%20de%20suelo%20y%20plan%20de%20emergencia%20habitacional&#038;body=https:\/\/radiorevelacionfm.cl\/?p=17327' aria-hidden='false' data-av_icon='\ue805' data-av_iconfont='entypo-fontello' title='' data-avia-related-tooltip='Compartir por correo'><span class='avia_hidden_link_text'>Compartir por correo<\/span><\/a><\/li><\/ul><\/div><\/div>\n<div  style='height:50px' class='hr hr-invisible   avia-builder-el-8  el_after_av_social_share  el_before_av_comments_list '><span class='hr-inner ' ><span class='hr-inner-style'><\/span><\/span><\/div>\n<div  class='av-buildercomment  av-blog-meta-html-info-disabled av-blog-meta-tag-disabled  '><\/div>\n","protected":false},"excerpt":{"rendered":"","protected":false},"author":1,"featured_media":12740,"comment_status":"open","ping_status":"open","sticky":false,"template":"","format":"standard","meta":{"footnotes":""},"categories":[35],"tags":[],"class_list":["post-17327","post","type-post","status-publish","format-standard","has-post-thumbnail","hentry","category-politica"],"jetpack_featured_media_url":"https:\/\/radiorevelacionfm.cl\/wp-content\/uploads\/2022\/01\/sandoval.jpg","_links":{"self":[{"href":"https:\/\/radiorevelacionfm.cl\/index.php?rest_route=\/wp\/v2\/posts\/17327","targetHints":{"allow":["GET"]}}],"collection":[{"href":"https:\/\/radiorevelacionfm.cl\/index.php?rest_route=\/wp\/v2\/posts"}],"about":[{"href":"https:\/\/radiorevelacionfm.cl\/index.php?rest_route=\/wp\/v2\/types\/post"}],"author":[{"embeddable":true,"href":"https:\/\/radiorevelacionfm.cl\/index.php?rest_route=\/wp\/v2\/users\/1"}],"replies":[{"embeddable":true,"href":"https:\/\/radiorevelacionfm.cl\/index.php?rest_route=%2Fwp%2Fv2%2Fcomments&post=17327"}],"version-history":[{"count":3,"href":"https:\/\/radiorevelacionfm.cl\/index.php?rest_route=\/wp\/v2\/posts\/17327\/revisions"}],"predecessor-version":[{"id":17337,"href":"https:\/\/radiorevelacionfm.cl\/index.php?rest_route=\/wp\/v2\/posts\/17327\/revisions\/17337"}],"wp:featuredmedia":[{"embeddable":true,"href":"https:\/\/radiorevelacionfm.cl\/index.php?rest_route=\/wp\/v2\/media\/12740"}],"wp:attachment":[{"href":"https:\/\/radiorevelacionfm.cl\/index.php?rest_route=%2Fwp%2Fv2%2Fmedia&parent=17327"}],"wp:term":[{"taxonomy":"category","embeddable":true,"href":"https:\/\/radiorevelacionfm.cl\/index.php?rest_route=%2Fwp%2Fv2%2Fcategories&post=17327"},{"taxonomy":"post_tag","embeddable":true,"href":"https:\/\/radiorevelacionfm.cl\/index.php?rest_route=%2Fwp%2Fv2%2Ftags&post=17327"}],"curies":[{"name":"wp","href":"https:\/\/api.w.org\/{rel}","templated":true}]}}