{"id":17323,"date":"2022-05-29T17:27:56","date_gmt":"2022-05-29T20:27:56","guid":{"rendered":"https:\/\/radiorevelacionfm.cl\/?p=17323"},"modified":"2022-05-29T17:27:56","modified_gmt":"2022-05-29T20:27:56","slug":"dia-de-los-patrimonios-resalto-valor-de-identidad-material-e-inmaterial-de-aysen","status":"publish","type":"post","link":"https:\/\/radiorevelacionfm.cl\/?p=17323","title":{"rendered":"D\u00eda de los Patrimonios resalt\u00f3 valor de identidad material e inmaterial de Ays\u00e9n"},"content":{"rendered":"<div class=\"flex_column av_one_full  flex_column_div av-zero-column-padding first  avia-builder-el-0  el_before_av_one_full  avia-builder-el-first  \" style='border-radius:0px; '><div  class='avia-image-container  av-styling-    avia-builder-el-1  avia-builder-el-no-sibling  avia-align-center '  itemprop=\"image\" itemscope=\"itemscope\" itemtype=\"https:\/\/schema.org\/ImageObject\"  ><div class='avia-image-container-inner'><div class='avia-image-overlay-wrap'><img decoding=\"async\" class='wp-image-17324 avia-img-lazy-loading-not-17324 avia_image' src=\"https:\/\/radiorevelacionfm.cl\/wp-content\/uploads\/2022\/05\/20220528_122242-1_optimized.jpg\" alt='' title='20220528_122242-(1)_optimized' height=\"600\" width=\"969\"  itemprop=\"thumbnailUrl\" srcset=\"https:\/\/radiorevelacionfm.cl\/wp-content\/uploads\/2022\/05\/20220528_122242-1_optimized.jpg 969w, https:\/\/radiorevelacionfm.cl\/wp-content\/uploads\/2022\/05\/20220528_122242-1_optimized-300x186.jpg 300w, https:\/\/radiorevelacionfm.cl\/wp-content\/uploads\/2022\/05\/20220528_122242-1_optimized-768x476.jpg 768w, https:\/\/radiorevelacionfm.cl\/wp-content\/uploads\/2022\/05\/20220528_122242-1_optimized-705x437.jpg 705w, https:\/\/radiorevelacionfm.cl\/wp-content\/uploads\/2022\/05\/20220528_122242-1_optimized-600x372.jpg 600w\" sizes=\"(max-width: 969px) 100vw, 969px\" \/><\/div><\/div><\/div><\/div><div class=\"flex_column av_one_full  flex_column_div av-zero-column-padding first  avia-builder-el-2  el_after_av_one_full  el_before_av_one_full  column-top-margin\" style='border-radius:0px; '><section class=\"av_textblock_section \"  itemscope=\"itemscope\" itemtype=\"https:\/\/schema.org\/BlogPosting\" itemprop=\"blogPost\" ><div class='avia_textblock  '   itemprop=\"text\" ><p style=\"text-align: center;\"><strong><span style=\"font-size: 18pt;\">D\u00eda de los Patrimonios resalt\u00f3 valor de identidad material e inmaterial de Ays\u00e9n<\/span><\/strong><\/p>\n<div id=\"gtx-trans\" style=\"position: absolute; left: -50px; top: 4.31534px;\">\n<div class=\"gtx-trans-icon\"><\/div>\n<\/div>\n<\/div><\/section><\/div><div class=\"flex_column av_one_full  flex_column_div av-zero-column-padding first  avia-builder-el-4  el_after_av_one_full  el_before_av_hr  column-top-margin\" style='border-radius:0px; '><section class=\"av_textblock_section \"  itemscope=\"itemscope\" itemtype=\"https:\/\/schema.org\/BlogPosting\" itemprop=\"blogPost\" ><div class='avia_textblock  '   itemprop=\"text\" ><p style=\"font-weight: 400; text-align: justify;\">Con m\u00e1s de 50 actividades presenciales y virtuales en la Regi\u00f3n de Ays\u00e9n, se desarroll\u00f3 este fin de semana el D\u00eda de los Patrimonios, organizado por el Ministerio de las Culturas, las Artes y el Patrimonio, a trav\u00e9s del Servicio Nacional del Patrimonio.<\/p>\n<p style=\"font-weight: 400; text-align: justify;\">De este modo, el gobierno busc\u00f3 difundir la pluralidad de expresiones, pr\u00e1cticas, tradiciones, saberes, memorias e identidades materiales e inmateriales de las comunidades y sus territorios.<\/p>\n<p style=\"font-weight: 400; text-align: justify;\">En Puerto Ib\u00e1\u00f1ez, la ceremonia reuni\u00f3 al Delegado Presidencial Regional Ays\u00e9n, Rodrigo Araya, Delegado de la provincia General Carrera, Daniel Fern\u00e1ndez, representante del alcalde Oscar Lagos, concejales Juan Saldivia y Claudia Fuentes, el seremi de las Culturas, las Artes y el Patrimonio, Felipe Quiroz, y el director del Servicio Nacional del Patrimonio, Jos\u00e9 Mansilla, junto a organizaciones y expositores locales.<\/p>\n<p style=\"font-weight: 400; text-align: justify;\">\u201cLa invitaci\u00f3n que hicimos como gobierno del Presidente Gabriel Boric, es c\u00f3mo las comunidades ponen en valor los patrimonios materiales e inmateriales en cada territorio. La decisi\u00f3n de la Secretar\u00eda Regional Ministerial de las Culturas, de hacer la actividad central en Puerto Ib\u00e1\u00f1ez tiene que ver con la descentralizaci\u00f3n. Los patrimonios de todas las comunidades son importantes y aqu\u00ed se conjugan valores, patrimonios arqueol\u00f3gicos, culturales, industriales y tambi\u00e9n el patrimonio de las personas\u201d, enfatiz\u00f3 Rodrigo Araya.<\/p>\n<p style=\"font-weight: 400; text-align: justify;\">Leyla S\u00e1nchez, de la Organizaci\u00f3n Cultural Sinfon\u00eda del Viento, valor\u00f3 la importancia de las diversas expresiones art\u00edsticas dentro del patrimonio regional y comunal.<\/p>\n<p style=\"font-weight: 400; text-align: justify;\">\u201cEn este espacio, hacer un homenaje al legado de Sandra B\u00f3rquez Salas y un reconocimiento para la se\u00f1ora Elba Lavados, que es poetisa y escritora de Puerto Ib\u00e1\u00f1ez.<\/p>\n<p style=\"font-weight: 400; text-align: justify;\">Nos parece s\u00faper importante que se abran estos espacios, de manera m\u00e1s plural, hacia los patrimonios, entendiendo que la palabra como valor, como manera de leer un territorio, de entenderlo, vivirlo y sentirlo, tambi\u00e9n tiene un valor desde lo patrimonial\u201d, expres\u00f3.<\/p>\n<p style=\"font-weight: 400; text-align: justify;\">El seremi de las Culturas, las Artes y el Patrimonio, Felipe Quiroz dijo que el programa fue amplio y con actividades abiertas convocadas por instituciones y organizaciones, entre ellas, el Museo Regional de Ays\u00e9n, Biblioteca Regional, municipalidades, Sociedad de Historia y Geograf\u00eda, Corporaci\u00f3n Memoria Austral y CONAF que dispuso acceso gratuito a Parques y Reservas.<\/p>\n<p style=\"font-weight: 400; text-align: justify;\">\u201cEste a\u00f1o se convoc\u00f3 a trav\u00e9s de la pluralidad, entendiendo los D\u00edas del Patrimonio en su amplia dimensi\u00f3n, atendiendo al patrimonio material, inmaterial, gastron\u00f3mico, todos los patrimonios que confluyen y son parte de este pa\u00eds. A nivel regional, tenemos un patrimonio inmaterial al cual podemos acceder, un patrimonio vivo con el cual podemos dialogar, as\u00ed es que es muy importante que esta pluralidad haga eco de este patrimonio que permanece y que est\u00e1 dentro de nuestra comunidad\u201d, recalc\u00f3.<\/p>\n<p style=\"font-weight: 400; text-align: justify;\">Jos\u00e9 Mansilla agradeci\u00f3 la participaci\u00f3n y reconoci\u00f3 \u201cel aporte que han hecho hombres y mujeres en toda la regi\u00f3n de Ays\u00e9n. Hemos considerado la realizaci\u00f3n de diversas actividades, como exhibici\u00f3n de videos, muestra de m\u00fasica tradicional, muestra de artesan\u00eda, recorridos patrimoniales, y puesta en valor de las bodegas portuarias y del Monumento Hist\u00f3rico de Puerto Cristal\u201d, se\u00f1al\u00f3.<\/p>\n<p style=\"font-weight: 400; text-align: justify;\">El D\u00eda de los Patrimonios se instaur\u00f3 en abril de 1999 para promover el disfrute, conocimiento y reflexi\u00f3n sobre la historia, culturas y patrimonios, posicion\u00e1ndolo como uno de los eventos culturales m\u00e1s importantes del pa\u00eds y de la Regi\u00f3n de Ays\u00e9n.<\/p>\n<\/div><\/section><\/div><div  style='height:50px' class='hr hr-invisible   avia-builder-el-6  el_after_av_one_full  el_before_av_social_share '><span class='hr-inner ' ><span class='hr-inner-style'><\/span><\/span><\/div><\/p>\n<div  class='av-social-sharing-box  avia-builder-el-7  el_after_av_hr  el_before_av_hr  '><div class='av-share-box'><h5 class='av-share-link-description av-no-toc '>Compartir esta noticia<\/h5><ul class='av-share-box-list noLightbox'><li class='av-share-link av-social-link-facebook' ><a target=\"_blank\" aria-label=\"Compartir en Facebook\" href='https:\/\/www.facebook.com\/sharer.php?u=https:\/\/radiorevelacionfm.cl\/?p=17323&#038;t=D%C3%ADa%20de%20los%20Patrimonios%20resalt%C3%B3%20valor%20de%20identidad%20material%20e%20inmaterial%20de%20Ays%C3%A9n' aria-hidden='false' data-av_icon='\ue8f3' data-av_iconfont='entypo-fontello' title='' data-avia-related-tooltip='Compartir en Facebook' rel=\"noopener\"><span class='avia_hidden_link_text'>Compartir en Facebook<\/span><\/a><\/li><li class='av-share-link av-social-link-twitter' ><a target=\"_blank\" aria-label=\"Compartir en Twitter\" href='https:\/\/twitter.com\/share?text=D%C3%ADa%20de%20los%20Patrimonios%20resalt%C3%B3%20valor%20de%20identidad%20material%20e%20inmaterial%20de%20Ays%C3%A9n&#038;url=https:\/\/radiorevelacionfm.cl\/?p=17323' aria-hidden='false' data-av_icon='\ue8f1' data-av_iconfont='entypo-fontello' title='' data-avia-related-tooltip='Compartir en Twitter' rel=\"noopener\"><span class='avia_hidden_link_text'>Compartir en Twitter<\/span><\/a><\/li><li class='av-share-link av-social-link-whatsapp' ><a target=\"_blank\" aria-label=\"Compartir en Whatsapp\" href='https:\/\/api.whatsapp.com\/send?text=https:\/\/radiorevelacionfm.cl\/?p=17323' aria-hidden='false' data-av_icon='\uf232' data-av_iconfont='entypo-fontello' title='' data-avia-related-tooltip='Compartir en Whatsapp' rel=\"noopener\"><span class='avia_hidden_link_text'>Compartir en Whatsapp<\/span><\/a><\/li><li class='av-share-link av-social-link-linkedin' ><a target=\"_blank\" aria-label=\"Compartir en LinkedIn\" href='https:\/\/linkedin.com\/shareArticle?mini=true&#038;title=D%C3%ADa%20de%20los%20Patrimonios%20resalt%C3%B3%20valor%20de%20identidad%20material%20e%20inmaterial%20de%20Ays%C3%A9n&#038;url=https:\/\/radiorevelacionfm.cl\/?p=17323' aria-hidden='false' data-av_icon='\ue8fc' data-av_iconfont='entypo-fontello' title='' data-avia-related-tooltip='Compartir en LinkedIn' rel=\"noopener\"><span class='avia_hidden_link_text'>Compartir en LinkedIn<\/span><\/a><\/li><li class='av-share-link av-social-link-mail' ><a  aria-label=\"Compartir por correo\" href='mailto:?subject=D%C3%ADa%20de%20los%20Patrimonios%20resalt%C3%B3%20valor%20de%20identidad%20material%20e%20inmaterial%20de%20Ays%C3%A9n&#038;body=https:\/\/radiorevelacionfm.cl\/?p=17323' aria-hidden='false' data-av_icon='\ue805' data-av_iconfont='entypo-fontello' title='' data-avia-related-tooltip='Compartir por correo'><span class='avia_hidden_link_text'>Compartir por correo<\/span><\/a><\/li><\/ul><\/div><\/div>\n<div  style='height:50px' class='hr hr-invisible   avia-builder-el-8  el_after_av_social_share  el_before_av_comments_list '><span class='hr-inner ' ><span class='hr-inner-style'><\/span><\/span><\/div>\n<div  class='av-buildercomment  av-blog-meta-html-info-disabled av-blog-meta-tag-disabled  '><\/div>\n","protected":false},"excerpt":{"rendered":"","protected":false},"author":1,"featured_media":17324,"comment_status":"open","ping_status":"open","sticky":false,"template":"","format":"standard","meta":{"footnotes":""},"categories":[38],"tags":[],"class_list":["post-17323","post","type-post","status-publish","format-standard","has-post-thumbnail","hentry","category-regional"],"jetpack_featured_media_url":"https:\/\/radiorevelacionfm.cl\/wp-content\/uploads\/2022\/05\/20220528_122242-1_optimized.jpg","_links":{"self":[{"href":"https:\/\/radiorevelacionfm.cl\/index.php?rest_route=\/wp\/v2\/posts\/17323","targetHints":{"allow":["GET"]}}],"collection":[{"href":"https:\/\/radiorevelacionfm.cl\/index.php?rest_route=\/wp\/v2\/posts"}],"about":[{"href":"https:\/\/radiorevelacionfm.cl\/index.php?rest_route=\/wp\/v2\/types\/post"}],"author":[{"embeddable":true,"href":"https:\/\/radiorevelacionfm.cl\/index.php?rest_route=\/wp\/v2\/users\/1"}],"replies":[{"embeddable":true,"href":"https:\/\/radiorevelacionfm.cl\/index.php?rest_route=%2Fwp%2Fv2%2Fcomments&post=17323"}],"version-history":[{"count":2,"href":"https:\/\/radiorevelacionfm.cl\/index.php?rest_route=\/wp\/v2\/posts\/17323\/revisions"}],"predecessor-version":[{"id":17326,"href":"https:\/\/radiorevelacionfm.cl\/index.php?rest_route=\/wp\/v2\/posts\/17323\/revisions\/17326"}],"wp:featuredmedia":[{"embeddable":true,"href":"https:\/\/radiorevelacionfm.cl\/index.php?rest_route=\/wp\/v2\/media\/17324"}],"wp:attachment":[{"href":"https:\/\/radiorevelacionfm.cl\/index.php?rest_route=%2Fwp%2Fv2%2Fmedia&parent=17323"}],"wp:term":[{"taxonomy":"category","embeddable":true,"href":"https:\/\/radiorevelacionfm.cl\/index.php?rest_route=%2Fwp%2Fv2%2Fcategories&post=17323"},{"taxonomy":"post_tag","embeddable":true,"href":"https:\/\/radiorevelacionfm.cl\/index.php?rest_route=%2Fwp%2Fv2%2Ftags&post=17323"}],"curies":[{"name":"wp","href":"https:\/\/api.w.org\/{rel}","templated":true}]}}