{"id":17319,"date":"2022-05-29T15:02:33","date_gmt":"2022-05-29T18:02:33","guid":{"rendered":"https:\/\/radiorevelacionfm.cl\/?p=17319"},"modified":"2022-05-29T15:02:33","modified_gmt":"2022-05-29T18:02:33","slug":"pdi-da-a-conocer-proceso-de-admision-a-escuela-de-investigaciones-policiales-a-estudiantes-del-colegio-alborada","status":"publish","type":"post","link":"https:\/\/radiorevelacionfm.cl\/?p=17319","title":{"rendered":"PDI da a conocer proceso de Admisi\u00f3n a Escuela de Investigaciones Policiales a estudiantes del Colegio Alborada"},"content":{"rendered":"<div class=\"flex_column av_one_full  flex_column_div av-zero-column-padding first  avia-builder-el-0  el_before_av_one_full  avia-builder-el-first  \" style='border-radius:0px; '><div  class='avia-image-container  av-styling-    avia-builder-el-1  avia-builder-el-no-sibling  avia-align-center '  itemprop=\"image\" itemscope=\"itemscope\" itemtype=\"https:\/\/schema.org\/ImageObject\"  ><div class='avia-image-container-inner'><div class='avia-image-overlay-wrap'><img decoding=\"async\" class='wp-image-17320 avia-img-lazy-loading-not-17320 avia_image' src=\"https:\/\/radiorevelacionfm.cl\/wp-content\/uploads\/2022\/05\/admision-2022-1-1_optimized-1_optimized-1.jpg\" alt='' title='admisi\u00f3n-2022-(1)-(1)_optimized-(1)_optimized (1)' height=\"600\" width=\"1146\"  itemprop=\"thumbnailUrl\" srcset=\"https:\/\/radiorevelacionfm.cl\/wp-content\/uploads\/2022\/05\/admision-2022-1-1_optimized-1_optimized-1.jpg 1146w, https:\/\/radiorevelacionfm.cl\/wp-content\/uploads\/2022\/05\/admision-2022-1-1_optimized-1_optimized-1-300x157.jpg 300w, https:\/\/radiorevelacionfm.cl\/wp-content\/uploads\/2022\/05\/admision-2022-1-1_optimized-1_optimized-1-1030x539.jpg 1030w, https:\/\/radiorevelacionfm.cl\/wp-content\/uploads\/2022\/05\/admision-2022-1-1_optimized-1_optimized-1-768x402.jpg 768w, https:\/\/radiorevelacionfm.cl\/wp-content\/uploads\/2022\/05\/admision-2022-1-1_optimized-1_optimized-1-705x369.jpg 705w, https:\/\/radiorevelacionfm.cl\/wp-content\/uploads\/2022\/05\/admision-2022-1-1_optimized-1_optimized-1-600x314.jpg 600w\" sizes=\"(max-width: 1146px) 100vw, 1146px\" \/><\/div><\/div><\/div><\/div><div class=\"flex_column av_one_full  flex_column_div av-zero-column-padding first  avia-builder-el-2  el_after_av_one_full  el_before_av_one_full  column-top-margin\" style='border-radius:0px; '><section class=\"av_textblock_section \"  itemscope=\"itemscope\" itemtype=\"https:\/\/schema.org\/BlogPosting\" itemprop=\"blogPost\" ><div class='avia_textblock  '   itemprop=\"text\" ><p style=\"text-align: center;\"><span style=\"font-size: 18pt;\"><strong>PDI da a conocer proceso de Admisi\u00f3n a Escuela de Investigaciones Policiales a estudiantes del Colegio Alborada<\/strong><\/span><\/p>\n<div id=\"gtx-trans\" style=\"position: absolute; left: -50px; top: 4.31534px;\">\n<div class=\"gtx-trans-icon\"><\/div>\n<\/div>\n<\/div><\/section><\/div><div class=\"flex_column av_one_full  flex_column_div av-zero-column-padding first  avia-builder-el-4  el_after_av_one_full  el_before_av_hr  column-top-margin\" style='border-radius:0px; '><section class=\"av_textblock_section \"  itemscope=\"itemscope\" itemtype=\"https:\/\/schema.org\/BlogPosting\" itemprop=\"blogPost\" ><div class='avia_textblock  '   itemprop=\"text\" ><p style=\"text-align: justify;\">Este 27 de mayo, el equipo encargado del Proceso de Admisi\u00f3n a la Escuela de Investigaciones Policiales de la Regi\u00f3n Policial de Ays\u00e9n, llev\u00f3 a cabo una charla informativa para dar a conocer el proceso de Admisi\u00f3n a la Polic\u00eda de Investigaciones de Chile, instancia donde 65 estudiantes de Cuarto Medio del Colegio Alborada de la comuna de Coyhaique conocieron en profundidad todo el proceso de manera interactiva.<\/p>\n<p style=\"text-align: justify;\">En la oportunidad, el Coordinador Regional del Proceso de Admisi\u00f3n, comisario Enrique Aravena, realiz\u00f3 un llamado a los j\u00f3venes de la Regi\u00f3n de Ays\u00e9n interesados en ser parte de la Polic\u00eda de Investigaciones a conocer el proceso a trav\u00e9s del sitio web y resolver las dudas con los encargados de Admisi\u00f3n en los Complejos Policiales de la regi\u00f3n en Coyhaique y Puerto Ays\u00e9n.<\/p>\n<p style=\"text-align: justify;\">Adem\u00e1s, recalc\u00f3 que hasta el 6 de junio se extender\u00e1 el periodo de inscripci\u00f3n de las y los interesados en ingresar a la Escuela de Investigaciones Policiales de la Polic\u00eda de Investigaciones de Chile, quienes deber\u00e1n completar un formulario disponible \u00fanicamente en <a href=\"http:\/\/www.escuelapdi.cl\/admision\">www.escuelapdi.cl\/admision<\/a>.<\/p>\n<p style=\"text-align: justify;\">Para ello, los j\u00f3venes deber\u00e1n realizar el pago de $30.000 que validar\u00e1 su postulaci\u00f3n a este Plantel Formador y, paralelamente, deben contar con su clave \u00fanica, de no tenerla puede ser solicitada a trav\u00e9s del sitio web <a href=\"https:\/\/claveunica.gob.cl\/\">https:\/\/claveunica.gob.cl\/<\/a>.<\/p>\n<p style=\"text-align: justify;\">Luego, las y los postulantes iniciar\u00e1n formalmente el camino para tener la opci\u00f3n de transformarse en los Investigadores Policiales que Chile necesita. Para ello deber\u00e1n rendir una \u201cprueba psicot\u00e9cnica\u201d (10% \/ excluyente), \u201centrevista por competencias\u201d (excluyente), \u201cevaluaci\u00f3n m\u00e9dica\u2013dental y salud mental\u201d (excluyente), \u201centrevista policial\u201d (20% \/ no excluyente), \u201cevaluaci\u00f3n f\u00edsica\u201d (10% \/ no excluyente), \u201cevaluaci\u00f3n de ingl\u00e9s\u201d (10% \/ no excluyente), \u201cDeclaraci\u00f3n del Historial Personal\u201d (excluyente), as\u00ed como la \u201cPAES, PDT o PSU\u201d (30% \/ no excluyente) y \u201cNEM\u201d (20% \/ no excluyente). Cabe indicar que el puntaje m\u00ednimo PDT o PSU para ser considerado en la selecci\u00f3n final ser\u00e1 de 500 puntos ponderados (Pruebas Comprensi\u00f3n Lectora y Matem\u00e1ticas) y en el caso de PAES, se considerar\u00e1 como puntaje m\u00ednimo para la Prueba Competencia Lectora 580 puntos (ponderaci\u00f3n 50%) y Competencia Matem\u00e1tica 440 puntos (ponderaci\u00f3n 50%).<\/p>\n<p style=\"text-align: justify;\">Tras aprobar un riguroso proceso de selecci\u00f3n, este grupo de j\u00f3venes se preparar\u00e1 para ingresar a una exigente etapa de inducci\u00f3n la que, si es sorteada con \u00e9xito, ser\u00e1 conducente al nombramiento como Aspirante a Oficial Policial Profesional de L\u00ednea.<\/p>\n<p style=\"text-align: justify;\">Luego, se espera que la Promoci\u00f3n 2023-2026 comience su periodo de instrucci\u00f3n, el que contempla tres a\u00f1os de estudio en r\u00e9gimen de internado, sum\u00e1ndose un cuarto a\u00f1o de formaci\u00f3n en modalidad pr\u00e1ctica profesional en unidades de la Regi\u00f3n Metropolitana, instancia que si es aprobada es validante para obtener el t\u00edtulo profesional de Investigador Policial y convertirse en detective de la PDI.<\/p>\n<\/div><\/section><\/div><div  style='height:50px' class='hr hr-invisible   avia-builder-el-6  el_after_av_one_full  el_before_av_social_share '><span class='hr-inner ' ><span class='hr-inner-style'><\/span><\/span><\/div><\/p>\n<div  class='av-social-sharing-box  avia-builder-el-7  el_after_av_hr  el_before_av_hr  '><div class='av-share-box'><h5 class='av-share-link-description av-no-toc '>Compartir esta noticia<\/h5><ul class='av-share-box-list noLightbox'><li class='av-share-link av-social-link-facebook' ><a target=\"_blank\" aria-label=\"Compartir en Facebook\" href='https:\/\/www.facebook.com\/sharer.php?u=https:\/\/radiorevelacionfm.cl\/?p=17319&#038;t=PDI%20da%20a%20conocer%20proceso%20de%20Admisi%C3%B3n%20a%20Escuela%20de%20Investigaciones%20Policiales%20a%20estudiantes%20del%20Colegio%20Alborada' aria-hidden='false' data-av_icon='\ue8f3' data-av_iconfont='entypo-fontello' title='' data-avia-related-tooltip='Compartir en Facebook' rel=\"noopener\"><span class='avia_hidden_link_text'>Compartir en Facebook<\/span><\/a><\/li><li class='av-share-link av-social-link-twitter' ><a target=\"_blank\" aria-label=\"Compartir en Twitter\" href='https:\/\/twitter.com\/share?text=PDI%20da%20a%20conocer%20proceso%20de%20Admisi%C3%B3n%20a%20Escuela%20de%20Investigaciones%20Policiales%20a%20estudiantes%20del%20Colegio%20Alborada&#038;url=https:\/\/radiorevelacionfm.cl\/?p=17319' aria-hidden='false' data-av_icon='\ue8f1' data-av_iconfont='entypo-fontello' title='' data-avia-related-tooltip='Compartir en Twitter' rel=\"noopener\"><span class='avia_hidden_link_text'>Compartir en Twitter<\/span><\/a><\/li><li class='av-share-link av-social-link-whatsapp' ><a target=\"_blank\" aria-label=\"Compartir en Whatsapp\" href='https:\/\/api.whatsapp.com\/send?text=https:\/\/radiorevelacionfm.cl\/?p=17319' aria-hidden='false' data-av_icon='\uf232' data-av_iconfont='entypo-fontello' title='' data-avia-related-tooltip='Compartir en Whatsapp' rel=\"noopener\"><span class='avia_hidden_link_text'>Compartir en Whatsapp<\/span><\/a><\/li><li class='av-share-link av-social-link-linkedin' ><a target=\"_blank\" aria-label=\"Compartir en LinkedIn\" href='https:\/\/linkedin.com\/shareArticle?mini=true&#038;title=PDI%20da%20a%20conocer%20proceso%20de%20Admisi%C3%B3n%20a%20Escuela%20de%20Investigaciones%20Policiales%20a%20estudiantes%20del%20Colegio%20Alborada&#038;url=https:\/\/radiorevelacionfm.cl\/?p=17319' aria-hidden='false' data-av_icon='\ue8fc' data-av_iconfont='entypo-fontello' title='' data-avia-related-tooltip='Compartir en LinkedIn' rel=\"noopener\"><span class='avia_hidden_link_text'>Compartir en LinkedIn<\/span><\/a><\/li><li class='av-share-link av-social-link-mail' ><a  aria-label=\"Compartir por correo\" href='mailto:?subject=PDI%20da%20a%20conocer%20proceso%20de%20Admisi%C3%B3n%20a%20Escuela%20de%20Investigaciones%20Policiales%20a%20estudiantes%20del%20Colegio%20Alborada&#038;body=https:\/\/radiorevelacionfm.cl\/?p=17319' aria-hidden='false' data-av_icon='\ue805' data-av_iconfont='entypo-fontello' title='' data-avia-related-tooltip='Compartir por correo'><span class='avia_hidden_link_text'>Compartir por correo<\/span><\/a><\/li><\/ul><\/div><\/div>\n<div  style='height:50px' class='hr hr-invisible   avia-builder-el-8  el_after_av_social_share  el_before_av_comments_list '><span class='hr-inner ' ><span class='hr-inner-style'><\/span><\/span><\/div>\n<div  class='av-buildercomment  av-blog-meta-html-info-disabled av-blog-meta-tag-disabled  '><\/div>\n","protected":false},"excerpt":{"rendered":"","protected":false},"author":1,"featured_media":17320,"comment_status":"open","ping_status":"open","sticky":false,"template":"","format":"standard","meta":{"footnotes":""},"categories":[36],"tags":[],"class_list":["post-17319","post","type-post","status-publish","format-standard","has-post-thumbnail","hentry","category-policial"],"jetpack_featured_media_url":"https:\/\/radiorevelacionfm.cl\/wp-content\/uploads\/2022\/05\/admision-2022-1-1_optimized-1_optimized-1.jpg","_links":{"self":[{"href":"https:\/\/radiorevelacionfm.cl\/index.php?rest_route=\/wp\/v2\/posts\/17319","targetHints":{"allow":["GET"]}}],"collection":[{"href":"https:\/\/radiorevelacionfm.cl\/index.php?rest_route=\/wp\/v2\/posts"}],"about":[{"href":"https:\/\/radiorevelacionfm.cl\/index.php?rest_route=\/wp\/v2\/types\/post"}],"author":[{"embeddable":true,"href":"https:\/\/radiorevelacionfm.cl\/index.php?rest_route=\/wp\/v2\/users\/1"}],"replies":[{"embeddable":true,"href":"https:\/\/radiorevelacionfm.cl\/index.php?rest_route=%2Fwp%2Fv2%2Fcomments&post=17319"}],"version-history":[{"count":2,"href":"https:\/\/radiorevelacionfm.cl\/index.php?rest_route=\/wp\/v2\/posts\/17319\/revisions"}],"predecessor-version":[{"id":17322,"href":"https:\/\/radiorevelacionfm.cl\/index.php?rest_route=\/wp\/v2\/posts\/17319\/revisions\/17322"}],"wp:featuredmedia":[{"embeddable":true,"href":"https:\/\/radiorevelacionfm.cl\/index.php?rest_route=\/wp\/v2\/media\/17320"}],"wp:attachment":[{"href":"https:\/\/radiorevelacionfm.cl\/index.php?rest_route=%2Fwp%2Fv2%2Fmedia&parent=17319"}],"wp:term":[{"taxonomy":"category","embeddable":true,"href":"https:\/\/radiorevelacionfm.cl\/index.php?rest_route=%2Fwp%2Fv2%2Fcategories&post=17319"},{"taxonomy":"post_tag","embeddable":true,"href":"https:\/\/radiorevelacionfm.cl\/index.php?rest_route=%2Fwp%2Fv2%2Ftags&post=17319"}],"curies":[{"name":"wp","href":"https:\/\/api.w.org\/{rel}","templated":true}]}}