{"id":17315,"date":"2022-05-29T13:59:13","date_gmt":"2022-05-29T16:59:13","guid":{"rendered":"https:\/\/radiorevelacionfm.cl\/?p=17315"},"modified":"2022-05-29T13:59:13","modified_gmt":"2022-05-29T16:59:13","slug":"salud-inicia-repaso-de-vacunas-en-establecimientos-educacionales-de-coyhaique","status":"publish","type":"post","link":"https:\/\/radiorevelacionfm.cl\/?p=17315","title":{"rendered":"Salud inicia repaso de vacunas en establecimientos educacionales de Coyhaique"},"content":{"rendered":"<div class=\"flex_column av_one_full  flex_column_div av-zero-column-padding first  avia-builder-el-0  el_before_av_one_full  avia-builder-el-first  \" style='border-radius:0px; '><div  class='avia-image-container  av-styling-    avia-builder-el-1  avia-builder-el-no-sibling  avia-align-center '  itemprop=\"image\" itemscope=\"itemscope\" itemtype=\"https:\/\/schema.org\/ImageObject\"  ><div class='avia-image-container-inner'><div class='avia-image-overlay-wrap'><img decoding=\"async\" class='wp-image-17316 avia-img-lazy-loading-not-17316 avia_image' src=\"https:\/\/radiorevelacionfm.cl\/wp-content\/uploads\/2022\/05\/vacunacion-gabriela-mistral-5-1-1.jpeg\" alt='' title='vacunaci\u00f3n gabriela mistral (5) (1) (1)' height=\"600\" width=\"896\"  itemprop=\"thumbnailUrl\" srcset=\"https:\/\/radiorevelacionfm.cl\/wp-content\/uploads\/2022\/05\/vacunacion-gabriela-mistral-5-1-1.jpeg 896w, https:\/\/radiorevelacionfm.cl\/wp-content\/uploads\/2022\/05\/vacunacion-gabriela-mistral-5-1-1-300x201.jpeg 300w, https:\/\/radiorevelacionfm.cl\/wp-content\/uploads\/2022\/05\/vacunacion-gabriela-mistral-5-1-1-768x514.jpeg 768w, https:\/\/radiorevelacionfm.cl\/wp-content\/uploads\/2022\/05\/vacunacion-gabriela-mistral-5-1-1-705x472.jpeg 705w, https:\/\/radiorevelacionfm.cl\/wp-content\/uploads\/2022\/05\/vacunacion-gabriela-mistral-5-1-1-600x402.jpeg 600w\" sizes=\"(max-width: 896px) 100vw, 896px\" \/><\/div><\/div><\/div><\/div><div class=\"flex_column av_one_full  flex_column_div av-zero-column-padding first  avia-builder-el-2  el_after_av_one_full  el_before_av_one_full  column-top-margin\" style='border-radius:0px; '><section class=\"av_textblock_section \"  itemscope=\"itemscope\" itemtype=\"https:\/\/schema.org\/BlogPosting\" itemprop=\"blogPost\" ><div class='avia_textblock  '   itemprop=\"text\" ><p style=\"text-align: center;\"><span style=\"font-size: 18pt;\"><b>Salud inicia repaso de vacunas en establecimientos educacionales de Coyhaique<\/b><\/span><\/p>\n<div id=\"gtx-trans\" style=\"position: absolute; left: -50px; top: 4.31534px;\">\n<div class=\"gtx-trans-icon\"><\/div>\n<\/div>\n<\/div><\/section><\/div><div class=\"flex_column av_one_full  flex_column_div av-zero-column-padding first  avia-builder-el-4  el_after_av_one_full  el_before_av_hr  column-top-margin\" style='border-radius:0px; '><section class=\"av_textblock_section \"  itemscope=\"itemscope\" itemtype=\"https:\/\/schema.org\/BlogPosting\" itemprop=\"blogPost\" ><div class='avia_textblock  '   itemprop=\"text\" ><p style=\"font-weight: 400; text-align: justify;\">Un importante aumento en cifras de vacunaci\u00f3n contra la influenza y COVID 19 se registran en las \u00faltimas semanas en Ays\u00e9n, aunque todav\u00eda hay un rezago importante en los ni\u00f1os y ni\u00f1as entre 3 y 6 a\u00f1os.<\/p>\n<p style=\"font-weight: 400; text-align: justify;\">Por eso los equipos de los Centros de Salud Familiar de Coyhaique se desplazan diariamente a establecimientos educacionales de primera infancia. \u201cEstamos cubriendo jardines infantiles, como escuelas y colegios, dentro de los grupos objetivos desde los tres a\u00f1os hasta quinto b\u00e1sico y durante la semana iniciamos el repaso en los jardines, que son aquellos ni\u00f1os que no se vacunaron en una primera instancia del proceso. Los padres cada vez conf\u00edan m\u00e1s en las vacunas, es un proceso seguro, donde adem\u00e1s de protegerse a s\u00ed mismos, tambi\u00e9n protegen a sus compa\u00f1eros, familia y funcionarios\u201d, explic\u00f3 Ingrid P\u00e9rez Pacheco, encargada de coordinaci\u00f3n de vacuna escolar del Consultorio Alejandro Guti\u00e9rrez.<\/p>\n<p style=\"font-weight: 400; text-align: justify;\">Cabe se\u00f1alar que a los p\u00e1rvulos se les administra la vacuna Sinovac, dependiendo la etapa en la que se encuentren, donde tambi\u00e9n se utiliza Pfizer pedi\u00e1trica en refuerzos para mayores de cinco a\u00f1os.<\/p>\n<p style=\"font-weight: 400; text-align: justify;\">Son m\u00e1s de ocho millones de personas las que son parte de los grupos objetivos de la vacunaci\u00f3n contra la influenza, de ellos sobre seis millones cuentan con su vacunaci\u00f3n al d\u00eda, de acuerdo al \u00faltimo reporte del Ministerio de Salud.<\/p>\n<p style=\"font-weight: 400; text-align: justify;\">\u00abPara nosotros como red asistencial es prioritario y muy importante vacunar a los ni\u00f1os y ni\u00f1as, ya que todav\u00eda es el grupo m\u00e1s rezagado en vacunaci\u00f3n COVID 19 e influenza y por eso nuestros equipos se trasladan a los jardines infantiles, para hacer repaso de aquellos p\u00e1rvulos que no fueron vacunados en la primera oportunidad y aumentar la cifra de ni\u00f1os y ni\u00f1as que cuentan con esta protecci\u00f3n, que es muy importante sobre todo en este periodo invernal y de contingencia respiratoria\u201d, precis\u00f3 Hern\u00e1n Barrientos, subdirector de gesti\u00f3n asistencial del SSA.<\/p>\n<p style=\"font-weight: 400; text-align: justify;\">\u201cMe parece muy bien, porque los ni\u00f1os se pueden desplazar, ya que uno ve que en la casa se aburren y necesitan m\u00e1s libertades para sacarlos m\u00e1s a los parques y cuando salen a jugar se les ve de mucho mejor \u00e1nimo, as\u00ed que muy bien la vacunaci\u00f3n\u201d, acot\u00f3 Ignacio \u00c1lvarez, padre y apoderado del jard\u00edn infantil Gabriela Mistral.<\/p>\n<p style=\"font-weight: 400; text-align: justify;\">Este espacio de educaci\u00f3n inicial es uno de los establecimientos m\u00e1s antiguos de la comuna de Coyhaique, por sus aulas han pasado miles de ni\u00f1os y ni\u00f1as, atendidos a trav\u00e9s de la Junta Nacional de Jardines Infantiles. \u201cMuy bien, muy pr\u00e1ctico para ellos, no se asustan, est\u00e1n en el ambiente de su jard\u00edn y muy r\u00e1pido y amables quienes la atendieron, no le doli\u00f3, ni una l\u00e1grima\u201d, a\u00f1adi\u00f3 Bianca Stein, cuya hijita se encuentra en el nivel medio mayor.<\/p>\n<p style=\"font-weight: 400; text-align: justify;\">El cuidado a los p\u00e1rvulos se traduce tambi\u00e9n en una fuerte campa\u00f1a de vacunaci\u00f3n contra la influenza y el COVID 19. \u201cEs importante mantener las vacunas, especialmente en salas cuna y el jard\u00edn para que no existan brotes, felices como funcionarios, que vengan a acompa\u00f1arnos en esta campa\u00f1a tan importante como son las vacunas\u201d, acot\u00f3 Mar\u00eda Francisca Rojas, directora del jard\u00edn Gabriela Mistral, de Coyhaique.<\/p>\n<\/div><\/section><\/div><div  style='height:50px' class='hr hr-invisible   avia-builder-el-6  el_after_av_one_full  el_before_av_social_share '><span class='hr-inner ' ><span class='hr-inner-style'><\/span><\/span><\/div><\/p>\n<div  class='av-social-sharing-box  avia-builder-el-7  el_after_av_hr  el_before_av_hr  '><div class='av-share-box'><h5 class='av-share-link-description av-no-toc '>Compartir esta noticia<\/h5><ul class='av-share-box-list noLightbox'><li class='av-share-link av-social-link-facebook' ><a target=\"_blank\" aria-label=\"Compartir en Facebook\" href='https:\/\/www.facebook.com\/sharer.php?u=https:\/\/radiorevelacionfm.cl\/?p=17315&#038;t=Salud%20inicia%20repaso%20de%20vacunas%20en%20establecimientos%20educacionales%20de%20Coyhaique' aria-hidden='false' data-av_icon='\ue8f3' data-av_iconfont='entypo-fontello' title='' data-avia-related-tooltip='Compartir en Facebook' rel=\"noopener\"><span class='avia_hidden_link_text'>Compartir en Facebook<\/span><\/a><\/li><li class='av-share-link av-social-link-twitter' ><a target=\"_blank\" aria-label=\"Compartir en Twitter\" href='https:\/\/twitter.com\/share?text=Salud%20inicia%20repaso%20de%20vacunas%20en%20establecimientos%20educacionales%20de%20Coyhaique&#038;url=https:\/\/radiorevelacionfm.cl\/?p=17315' aria-hidden='false' data-av_icon='\ue8f1' data-av_iconfont='entypo-fontello' title='' data-avia-related-tooltip='Compartir en Twitter' rel=\"noopener\"><span class='avia_hidden_link_text'>Compartir en Twitter<\/span><\/a><\/li><li class='av-share-link av-social-link-whatsapp' ><a target=\"_blank\" aria-label=\"Compartir en Whatsapp\" href='https:\/\/api.whatsapp.com\/send?text=https:\/\/radiorevelacionfm.cl\/?p=17315' aria-hidden='false' data-av_icon='\uf232' data-av_iconfont='entypo-fontello' title='' data-avia-related-tooltip='Compartir en Whatsapp' rel=\"noopener\"><span class='avia_hidden_link_text'>Compartir en Whatsapp<\/span><\/a><\/li><li class='av-share-link av-social-link-linkedin' ><a target=\"_blank\" aria-label=\"Compartir en LinkedIn\" href='https:\/\/linkedin.com\/shareArticle?mini=true&#038;title=Salud%20inicia%20repaso%20de%20vacunas%20en%20establecimientos%20educacionales%20de%20Coyhaique&#038;url=https:\/\/radiorevelacionfm.cl\/?p=17315' aria-hidden='false' data-av_icon='\ue8fc' data-av_iconfont='entypo-fontello' title='' data-avia-related-tooltip='Compartir en LinkedIn' rel=\"noopener\"><span class='avia_hidden_link_text'>Compartir en LinkedIn<\/span><\/a><\/li><li class='av-share-link av-social-link-mail' ><a  aria-label=\"Compartir por correo\" href='mailto:?subject=Salud%20inicia%20repaso%20de%20vacunas%20en%20establecimientos%20educacionales%20de%20Coyhaique&#038;body=https:\/\/radiorevelacionfm.cl\/?p=17315' aria-hidden='false' data-av_icon='\ue805' data-av_iconfont='entypo-fontello' title='' data-avia-related-tooltip='Compartir por correo'><span class='avia_hidden_link_text'>Compartir por correo<\/span><\/a><\/li><\/ul><\/div><\/div>\n<div  style='height:50px' class='hr hr-invisible   avia-builder-el-8  el_after_av_social_share  el_before_av_comments_list '><span class='hr-inner ' ><span class='hr-inner-style'><\/span><\/span><\/div>\n<div  class='av-buildercomment  av-blog-meta-html-info-disabled av-blog-meta-tag-disabled  '><\/div>\n","protected":false},"excerpt":{"rendered":"","protected":false},"author":1,"featured_media":17316,"comment_status":"open","ping_status":"open","sticky":false,"template":"","format":"standard","meta":{"footnotes":""},"categories":[46],"tags":[],"class_list":["post-17315","post","type-post","status-publish","format-standard","has-post-thumbnail","hentry","category-salud"],"jetpack_featured_media_url":"https:\/\/radiorevelacionfm.cl\/wp-content\/uploads\/2022\/05\/vacunacion-gabriela-mistral-5-1-1.jpeg","_links":{"self":[{"href":"https:\/\/radiorevelacionfm.cl\/index.php?rest_route=\/wp\/v2\/posts\/17315","targetHints":{"allow":["GET"]}}],"collection":[{"href":"https:\/\/radiorevelacionfm.cl\/index.php?rest_route=\/wp\/v2\/posts"}],"about":[{"href":"https:\/\/radiorevelacionfm.cl\/index.php?rest_route=\/wp\/v2\/types\/post"}],"author":[{"embeddable":true,"href":"https:\/\/radiorevelacionfm.cl\/index.php?rest_route=\/wp\/v2\/users\/1"}],"replies":[{"embeddable":true,"href":"https:\/\/radiorevelacionfm.cl\/index.php?rest_route=%2Fwp%2Fv2%2Fcomments&post=17315"}],"version-history":[{"count":2,"href":"https:\/\/radiorevelacionfm.cl\/index.php?rest_route=\/wp\/v2\/posts\/17315\/revisions"}],"predecessor-version":[{"id":17318,"href":"https:\/\/radiorevelacionfm.cl\/index.php?rest_route=\/wp\/v2\/posts\/17315\/revisions\/17318"}],"wp:featuredmedia":[{"embeddable":true,"href":"https:\/\/radiorevelacionfm.cl\/index.php?rest_route=\/wp\/v2\/media\/17316"}],"wp:attachment":[{"href":"https:\/\/radiorevelacionfm.cl\/index.php?rest_route=%2Fwp%2Fv2%2Fmedia&parent=17315"}],"wp:term":[{"taxonomy":"category","embeddable":true,"href":"https:\/\/radiorevelacionfm.cl\/index.php?rest_route=%2Fwp%2Fv2%2Fcategories&post=17315"},{"taxonomy":"post_tag","embeddable":true,"href":"https:\/\/radiorevelacionfm.cl\/index.php?rest_route=%2Fwp%2Fv2%2Ftags&post=17315"}],"curies":[{"name":"wp","href":"https:\/\/api.w.org\/{rel}","templated":true}]}}