{"id":17284,"date":"2022-05-27T18:07:57","date_gmt":"2022-05-27T21:07:57","guid":{"rendered":"https:\/\/radiorevelacionfm.cl\/?p=17284"},"modified":"2022-05-27T18:07:57","modified_gmt":"2022-05-27T21:07:57","slug":"realizan-talleres-de-diagnostico-para-construir-planes-estrategicos-de-gestion-hidrica-en-diversas-cuencas-de-la-region-de-aysen","status":"publish","type":"post","link":"https:\/\/radiorevelacionfm.cl\/?p=17284","title":{"rendered":"Realizan talleres de diagn\u00f3stico para construir planes estrat\u00e9gicos de gesti\u00f3n h\u00eddrica en diversas cuencas de la Regi\u00f3n de Ays\u00e9n"},"content":{"rendered":"<div class=\"flex_column av_one_full  flex_column_div av-zero-column-padding first  avia-builder-el-0  el_before_av_one_full  avia-builder-el-first  \" style='border-radius:0px; '><div  class='avia-image-container  av-styling-    avia-builder-el-1  avia-builder-el-no-sibling  avia-align-center '  itemprop=\"image\" itemscope=\"itemscope\" itemtype=\"https:\/\/schema.org\/ImageObject\"  ><div class='avia-image-container-inner'><div class='avia-image-overlay-wrap'><img decoding=\"async\" class='wp-image-17285 avia-img-lazy-loading-not-17285 avia_image' src=\"https:\/\/radiorevelacionfm.cl\/wp-content\/uploads\/2022\/05\/11-5-2_optimized.jpg\" alt='' title='11-(5)-(2)_optimized' height=\"600\" width=\"1384\"  itemprop=\"thumbnailUrl\" srcset=\"https:\/\/radiorevelacionfm.cl\/wp-content\/uploads\/2022\/05\/11-5-2_optimized.jpg 1384w, https:\/\/radiorevelacionfm.cl\/wp-content\/uploads\/2022\/05\/11-5-2_optimized-300x130.jpg 300w, https:\/\/radiorevelacionfm.cl\/wp-content\/uploads\/2022\/05\/11-5-2_optimized-1030x447.jpg 1030w, https:\/\/radiorevelacionfm.cl\/wp-content\/uploads\/2022\/05\/11-5-2_optimized-768x333.jpg 768w, https:\/\/radiorevelacionfm.cl\/wp-content\/uploads\/2022\/05\/11-5-2_optimized-705x306.jpg 705w, https:\/\/radiorevelacionfm.cl\/wp-content\/uploads\/2022\/05\/11-5-2_optimized-600x260.jpg 600w\" sizes=\"(max-width: 1384px) 100vw, 1384px\" \/><\/div><\/div><\/div><\/div><div class=\"flex_column av_one_full  flex_column_div av-zero-column-padding first  avia-builder-el-2  el_after_av_one_full  el_before_av_one_full  column-top-margin\" style='border-radius:0px; '><section class=\"av_textblock_section \"  itemscope=\"itemscope\" itemtype=\"https:\/\/schema.org\/BlogPosting\" itemprop=\"blogPost\" ><div class='avia_textblock  '   itemprop=\"text\" ><p style=\"text-align: center;\"><strong><span style=\"font-size: 18pt;\">Realizan talleres de diagn\u00f3stico para construir planes estrat\u00e9gicos de gesti\u00f3n h\u00eddrica en diversas cuencas de la Regi\u00f3n de Ays\u00e9n<\/span><\/strong><\/p>\n<div id=\"gtx-trans\" style=\"position: absolute; left: -50px; top: 4.31534px;\">\n<div class=\"gtx-trans-icon\"><\/div>\n<\/div>\n<\/div><\/section><\/div><div class=\"flex_column av_one_full  flex_column_div av-zero-column-padding first  avia-builder-el-4  el_after_av_one_full  el_before_av_hr  column-top-margin\" style='border-radius:0px; '><section class=\"av_textblock_section \"  itemscope=\"itemscope\" itemtype=\"https:\/\/schema.org\/BlogPosting\" itemprop=\"blogPost\" ><div class='avia_textblock  '   itemprop=\"text\" ><p style=\"text-align: justify;\">La Direcci\u00f3n General de Aguas del MOP junto a la Consultora Geo Safe y EcoHyd, han estado trabajando durante este a\u00f1o en diversos sectores de la regi\u00f3n de Ays\u00e9n para construir el Plan Estrat\u00e9gico de Gesti\u00f3n H\u00eddrica de Cuencas, generando instancias de participaci\u00f3n ciudadana en donde los vecinos y vecinas han podido expresar lo que piensan acerca del recurso h\u00eddrico, su demanda, protecci\u00f3n y proyecci\u00f3n futura, tal como lo ha se\u00f1alado la productora hort\u00edcola Gloria Becerra:<\/p>\n<p style=\"text-align: justify;\">\u201cMaravilloso que est\u00e9n preocupados de recoger desde la poblaci\u00f3n, desde quienes vivimos el d\u00eda a d\u00eda y desde quienes sufrimos las problem\u00e1ticas en los sectores, y escuchen tambi\u00e9n lo que tenemos que decir y se generen planes de acci\u00f3n que vayan en directo beneficio de las comunidades\u201d, afirm\u00f3 la dirigente.<\/p>\n<p style=\"text-align: justify;\">Este Estudio abarca las Cuencas del r\u00edo Baker, r\u00edo Pascua y Costeras e Islas entre r\u00edo Ays\u00e9n, r\u00edo Baker y Canal General Mart\u00ednez, el R\u00edo Ays\u00e9n y Costeras e islas R\u00edo Palena y R\u00edo Ays\u00e9n, y tiene como objetivo conocer la oferta y demanda actual y proyectada de agua en estas Cuencas, para poder implementar una cartera de acciones a corto, mediano y largo plazo respecto de ellas, en un trabajo mancomunado con la comunidad. De esta manera, se ha desarrollado un proceso que ha convocado a m\u00faltiples actores vinculados a la gesti\u00f3n del agua como por ejemplo comunidades de agua, Servicios Sanitarios Rurales, gremios, vecinos y vecinas, organizaciones de agricultores y ganaderos, operadores tur\u00edsticos, organizaciones ambientales y de la sociedad civil y los diversos servicios p\u00fablicos vinculados a esta \u00e1rea, en reuniones que se han efectuado en Puerto Cisnes, Puerto Ays\u00e9n, Coyhaique, Puerto Aguirre, Cochrane, Villa O\u00b4Higgins, Tortel, Chile Chico y Puerto R\u00edo Tranquilo.<\/p>\n<p style=\"text-align: justify;\">\u201cLos Talleres que hicimos con diversos sectores de la comunidad regional tuvieron como fin de efectuar un diagn\u00f3stico de la situaci\u00f3n de las Cuencas y a partir de ah\u00ed construir los Planes Estrat\u00e9gicos de Gesti\u00f3n H\u00eddrica de ellas, consider\u00f3 la presentaci\u00f3n de los Planes realizada en el mes de marzo 2022, as\u00ed como tambi\u00e9n en abril de este a\u00f1o expusimos a los actores locales y servicios p\u00fablicos esta materia y ahora se han desarrollado los Talleres de Diagn\u00f3stico. Posteriormente, vamos a realizar Talleres de Estrategia en donde se elaborar\u00e1 un portafolio de acciones para enfrentar las problem\u00e1ticas asociadas a la gesti\u00f3n h\u00eddrica y a fin de este a\u00f1o se ha programado entregar a la comunidad los resultados de estos Planes\u201d, indic\u00f3 el Director Regional (S) de la Direcci\u00f3n General de Aguas del MOP, Jorge O\u00b4Kuinghttons Villena.<\/p>\n<p style=\"text-align: justify;\">Consultado el SEREMI del MOP destac\u00f3 \u201cestamos apoyando la actividad que est\u00e1 realizando nuestra Direcci\u00f3n General de Aguas en la regi\u00f3n de Ays\u00e9n junto a la Consultora y que tiene relaci\u00f3n con la realizaci\u00f3n de Talleres con la comunidad para construir juntos el Plan de Gesti\u00f3n H\u00eddrica de Cuencas que apunta a que a fines de este a\u00f1o tengamos como producto herramientas de gobernanza para el manejo de las Cuencas. Esto va muy en l\u00ednea con la mirada que el gobierno del presidente Gabriel Boric tiene sobre el recurso h\u00eddrico, respecto a su acceso, el derecho humano al agua y que el agua no es un bien mercantil, as\u00ed que estamos bien contentos porque este trabajo y los Talleres apuntan a lo que como gobierno estamos haciendo que es escuchar a las personas. Este ha sido un Taller muy participativo lo que nos ha gustado, se han expuesto diversos puntos de vista sobre la mesa y la Consultora ha levantado toda esta informaci\u00f3n para desarrollar las herramientas de gesti\u00f3n para esta Cuenca\u201d.<\/p>\n<p style=\"text-align: justify;\">En Chile Chico tambi\u00e9n particip\u00f3 Tomas Herrera, Ingeniero Agr\u00f3nomo e integrante de la comunidad de aguas del canal Chile Chico, quien en la oportunidad se\u00f1al\u00f3 \u201cse valoran estos esfuerzos, ya que la comunidad de Chile Chico est\u00e1 sedienta de participar y de hacer notar su presencia porque se ha sentido la ausencia de las autoridades por largo tiempo, entonces esta es una gran oportunidad as\u00ed que vamos a estar ah\u00ed, participando en todos los procesos que vengan. Para m\u00ed esto es un conjunto, el manejo de la Cuenca es importante. Crear el Chile Chico del ma\u00f1ana, organizarlo bien, manejar el agua que es un bien que es s\u00faper valioso para nosotros y que es mirado por todo el mundo. Las cerezas que se producen ac\u00e1 son miradas en todo el mundo, vienen muchos turistas de todos lados y ven la cantidad de agua que hay, y nosotros ahora estamos tomando conciencia y estamos esforz\u00e1ndonos para poder producir con esa agua. La capacidad que tenemos como Chile Chico de producir nuestros propios productos hort\u00edcolas durante la temporada de invierno y quiz\u00e1s proveer a otras partes de la regi\u00f3n o a otras regiones\u2026 Son planes muy grandes los que podemos tener de aqu\u00ed en adelante y todo eso va de la mano con el manejo de la Cuenca, el no construir sobre terrenos productivos, no alterar los cauces de los r\u00edos y crecidas naturales para no cometer errores\u201d.<\/p>\n<\/div><\/section><\/div><div  style='height:50px' class='hr hr-invisible   avia-builder-el-6  el_after_av_one_full  el_before_av_social_share '><span class='hr-inner ' ><span class='hr-inner-style'><\/span><\/span><\/div><\/p>\n<div  class='av-social-sharing-box  avia-builder-el-7  el_after_av_hr  el_before_av_hr  '><div class='av-share-box'><h5 class='av-share-link-description av-no-toc '>Compartir esta noticia<\/h5><ul class='av-share-box-list noLightbox'><li class='av-share-link av-social-link-facebook' ><a target=\"_blank\" aria-label=\"Compartir en Facebook\" href='https:\/\/www.facebook.com\/sharer.php?u=https:\/\/radiorevelacionfm.cl\/?p=17284&#038;t=Realizan%20talleres%20de%20diagn%C3%B3stico%20para%20construir%20planes%20estrat%C3%A9gicos%20de%20gesti%C3%B3n%20h%C3%ADdrica%20en%20diversas%20cuencas%20de%20la%20Regi%C3%B3n%20de%20Ays%C3%A9n' aria-hidden='false' data-av_icon='\ue8f3' data-av_iconfont='entypo-fontello' title='' data-avia-related-tooltip='Compartir en Facebook' rel=\"noopener\"><span class='avia_hidden_link_text'>Compartir en Facebook<\/span><\/a><\/li><li class='av-share-link av-social-link-twitter' ><a target=\"_blank\" aria-label=\"Compartir en Twitter\" href='https:\/\/twitter.com\/share?text=Realizan%20talleres%20de%20diagn%C3%B3stico%20para%20construir%20planes%20estrat%C3%A9gicos%20de%20gesti%C3%B3n%20h%C3%ADdrica%20en%20diversas%20cuencas%20de%20la%20Regi%C3%B3n%20de%20Ays%C3%A9n&#038;url=https:\/\/radiorevelacionfm.cl\/?p=17284' aria-hidden='false' data-av_icon='\ue8f1' data-av_iconfont='entypo-fontello' title='' data-avia-related-tooltip='Compartir en Twitter' rel=\"noopener\"><span class='avia_hidden_link_text'>Compartir en Twitter<\/span><\/a><\/li><li class='av-share-link av-social-link-whatsapp' ><a target=\"_blank\" aria-label=\"Compartir en Whatsapp\" href='https:\/\/api.whatsapp.com\/send?text=https:\/\/radiorevelacionfm.cl\/?p=17284' aria-hidden='false' data-av_icon='\uf232' data-av_iconfont='entypo-fontello' title='' data-avia-related-tooltip='Compartir en Whatsapp' rel=\"noopener\"><span class='avia_hidden_link_text'>Compartir en Whatsapp<\/span><\/a><\/li><li class='av-share-link av-social-link-linkedin' ><a target=\"_blank\" aria-label=\"Compartir en LinkedIn\" href='https:\/\/linkedin.com\/shareArticle?mini=true&#038;title=Realizan%20talleres%20de%20diagn%C3%B3stico%20para%20construir%20planes%20estrat%C3%A9gicos%20de%20gesti%C3%B3n%20h%C3%ADdrica%20en%20diversas%20cuencas%20de%20la%20Regi%C3%B3n%20de%20Ays%C3%A9n&#038;url=https:\/\/radiorevelacionfm.cl\/?p=17284' aria-hidden='false' data-av_icon='\ue8fc' data-av_iconfont='entypo-fontello' title='' data-avia-related-tooltip='Compartir en LinkedIn' rel=\"noopener\"><span class='avia_hidden_link_text'>Compartir en LinkedIn<\/span><\/a><\/li><li class='av-share-link av-social-link-mail' ><a  aria-label=\"Compartir por correo\" href='mailto:?subject=Realizan%20talleres%20de%20diagn%C3%B3stico%20para%20construir%20planes%20estrat%C3%A9gicos%20de%20gesti%C3%B3n%20h%C3%ADdrica%20en%20diversas%20cuencas%20de%20la%20Regi%C3%B3n%20de%20Ays%C3%A9n&#038;body=https:\/\/radiorevelacionfm.cl\/?p=17284' aria-hidden='false' data-av_icon='\ue805' data-av_iconfont='entypo-fontello' title='' data-avia-related-tooltip='Compartir por correo'><span class='avia_hidden_link_text'>Compartir por correo<\/span><\/a><\/li><\/ul><\/div><\/div>\n<div  style='height:50px' class='hr hr-invisible   avia-builder-el-8  el_after_av_social_share  el_before_av_comments_list '><span class='hr-inner ' ><span class='hr-inner-style'><\/span><\/span><\/div>\n<div  class='av-buildercomment  av-blog-meta-html-info-disabled av-blog-meta-tag-disabled  '><\/div>\n","protected":false},"excerpt":{"rendered":"","protected":false},"author":1,"featured_media":17285,"comment_status":"open","ping_status":"open","sticky":false,"template":"","format":"standard","meta":{"footnotes":""},"categories":[38],"tags":[],"class_list":["post-17284","post","type-post","status-publish","format-standard","has-post-thumbnail","hentry","category-regional"],"jetpack_featured_media_url":"https:\/\/radiorevelacionfm.cl\/wp-content\/uploads\/2022\/05\/11-5-2_optimized.jpg","_links":{"self":[{"href":"https:\/\/radiorevelacionfm.cl\/index.php?rest_route=\/wp\/v2\/posts\/17284","targetHints":{"allow":["GET"]}}],"collection":[{"href":"https:\/\/radiorevelacionfm.cl\/index.php?rest_route=\/wp\/v2\/posts"}],"about":[{"href":"https:\/\/radiorevelacionfm.cl\/index.php?rest_route=\/wp\/v2\/types\/post"}],"author":[{"embeddable":true,"href":"https:\/\/radiorevelacionfm.cl\/index.php?rest_route=\/wp\/v2\/users\/1"}],"replies":[{"embeddable":true,"href":"https:\/\/radiorevelacionfm.cl\/index.php?rest_route=%2Fwp%2Fv2%2Fcomments&post=17284"}],"version-history":[{"count":2,"href":"https:\/\/radiorevelacionfm.cl\/index.php?rest_route=\/wp\/v2\/posts\/17284\/revisions"}],"predecessor-version":[{"id":17287,"href":"https:\/\/radiorevelacionfm.cl\/index.php?rest_route=\/wp\/v2\/posts\/17284\/revisions\/17287"}],"wp:featuredmedia":[{"embeddable":true,"href":"https:\/\/radiorevelacionfm.cl\/index.php?rest_route=\/wp\/v2\/media\/17285"}],"wp:attachment":[{"href":"https:\/\/radiorevelacionfm.cl\/index.php?rest_route=%2Fwp%2Fv2%2Fmedia&parent=17284"}],"wp:term":[{"taxonomy":"category","embeddable":true,"href":"https:\/\/radiorevelacionfm.cl\/index.php?rest_route=%2Fwp%2Fv2%2Fcategories&post=17284"},{"taxonomy":"post_tag","embeddable":true,"href":"https:\/\/radiorevelacionfm.cl\/index.php?rest_route=%2Fwp%2Fv2%2Ftags&post=17284"}],"curies":[{"name":"wp","href":"https:\/\/api.w.org\/{rel}","templated":true}]}}