{"id":17280,"date":"2022-05-27T16:23:20","date_gmt":"2022-05-27T19:23:20","guid":{"rendered":"https:\/\/radiorevelacionfm.cl\/?p=17280"},"modified":"2022-05-27T16:23:20","modified_gmt":"2022-05-27T19:23:20","slug":"sernameg-da-la-bienvenida-a-las-participantes-que-inician-su-trayectoria-en-la-escuela-mujer-emprende","status":"publish","type":"post","link":"https:\/\/radiorevelacionfm.cl\/?p=17280","title":{"rendered":"SernamEG da la bienvenida a las participantes que inician su trayectoria en la Escuela Mujer Emprende"},"content":{"rendered":"<div class=\"flex_column av_one_full  flex_column_div av-zero-column-padding first  avia-builder-el-0  el_before_av_one_full  avia-builder-el-first  \" style='border-radius:0px; '><div  class='avia-image-container  av-styling-    avia-builder-el-1  avia-builder-el-no-sibling  avia-align-center '  itemprop=\"image\" itemscope=\"itemscope\" itemtype=\"https:\/\/schema.org\/ImageObject\"  ><div class='avia-image-container-inner'><div class='avia-image-overlay-wrap'><img decoding=\"async\" class='wp-image-17281 avia-img-lazy-loading-not-17281 avia_image' src=\"https:\/\/radiorevelacionfm.cl\/wp-content\/uploads\/2022\/05\/lanzamiento-escuela-mujer-emprende-4-1_optimized.jpg\" alt='' title='lanzamiento-escuela-mujer-emprende-(4)-(1)_optimized' height=\"600\" width=\"1574\"  itemprop=\"thumbnailUrl\" srcset=\"https:\/\/radiorevelacionfm.cl\/wp-content\/uploads\/2022\/05\/lanzamiento-escuela-mujer-emprende-4-1_optimized.jpg 1574w, https:\/\/radiorevelacionfm.cl\/wp-content\/uploads\/2022\/05\/lanzamiento-escuela-mujer-emprende-4-1_optimized-300x114.jpg 300w, https:\/\/radiorevelacionfm.cl\/wp-content\/uploads\/2022\/05\/lanzamiento-escuela-mujer-emprende-4-1_optimized-1030x393.jpg 1030w, https:\/\/radiorevelacionfm.cl\/wp-content\/uploads\/2022\/05\/lanzamiento-escuela-mujer-emprende-4-1_optimized-768x293.jpg 768w, https:\/\/radiorevelacionfm.cl\/wp-content\/uploads\/2022\/05\/lanzamiento-escuela-mujer-emprende-4-1_optimized-1536x586.jpg 1536w, https:\/\/radiorevelacionfm.cl\/wp-content\/uploads\/2022\/05\/lanzamiento-escuela-mujer-emprende-4-1_optimized-1500x572.jpg 1500w, https:\/\/radiorevelacionfm.cl\/wp-content\/uploads\/2022\/05\/lanzamiento-escuela-mujer-emprende-4-1_optimized-705x269.jpg 705w, https:\/\/radiorevelacionfm.cl\/wp-content\/uploads\/2022\/05\/lanzamiento-escuela-mujer-emprende-4-1_optimized-845x321.jpg 845w, https:\/\/radiorevelacionfm.cl\/wp-content\/uploads\/2022\/05\/lanzamiento-escuela-mujer-emprende-4-1_optimized-600x229.jpg 600w\" sizes=\"(max-width: 1574px) 100vw, 1574px\" \/><\/div><\/div><\/div><\/div><div class=\"flex_column av_one_full  flex_column_div av-zero-column-padding first  avia-builder-el-2  el_after_av_one_full  el_before_av_one_full  column-top-margin\" style='border-radius:0px; '><section class=\"av_textblock_section \"  itemscope=\"itemscope\" itemtype=\"https:\/\/schema.org\/BlogPosting\" itemprop=\"blogPost\" ><div class='avia_textblock  '   itemprop=\"text\" ><p style=\"text-align: center;\"><strong><span style=\"font-size: 18pt;\">SernamEG da la bienvenida a las participantes que inician su trayectoria en la Escuela Mujer Emprende<\/span><\/strong><\/p>\n<div id=\"gtx-trans\" style=\"position: absolute; left: -50px; top: 4.31534px;\">\n<div class=\"gtx-trans-icon\"><\/div>\n<\/div>\n<\/div><\/section><\/div><div class=\"flex_column av_one_full  flex_column_div av-zero-column-padding first  avia-builder-el-4  el_after_av_one_full  el_before_av_hr  column-top-margin\" style='border-radius:0px; '><section class=\"av_textblock_section \"  itemscope=\"itemscope\" itemtype=\"https:\/\/schema.org\/BlogPosting\" itemprop=\"blogPost\" ><div class='avia_textblock  '   itemprop=\"text\" ><p style=\"text-align: justify;\">60 mujeres en la regi\u00f3n de Ays\u00e9n, de un total de 1365 personas a nivel nacional, asistieron al lanzamiento del Programa Mujer Emprende 2022 del Servicio Nacional de la Mujer y la Equidad de G\u00e9nero, SernamEG. La ceremonia se realiz\u00f3 de manera telem\u00e1tica, en el marco de los resguardos sanitarios para el manejo del COVID \u2013 19. En la oportunidad, las nuevas integrantes pudieron conocer el funcionamiento de una de las l\u00edneas del modelo program\u00e1tico, que corresponde a la Escuela Mujer Emprende; la que se ejecuta v\u00eda convenio con la Corporaci\u00f3n Sim\u00f3n de Cirene.<\/p>\n<p style=\"text-align: justify;\">Durante su intervenci\u00f3n la Directora Regional Subrogante de SernamEG, Carla Arriagada Malague\u00f1o, dijo: \u201ccomo Servicio trabajar en las autonom\u00edas de las mujeres es uno de los pilares fundamentales que tenemos como instituci\u00f3n. Esta Escuela trabaja con la autonom\u00eda econ\u00f3mica y esta es importante, ya que siempre es afectada cuando ocurren hechos que no podemos manejar, \u00a0por ejemplo, la pandemia. Las m\u00e1s afectadas han sido las mujeres. Cuando pensamos en emprendimientos estos surgen debido a circunstancias diversas, para las mujeres se instala en un gran porcentaje, con el prop\u00f3sito de poder compatibilizar la vida laboral con la vida familiar\u201d.<\/p>\n<p style=\"text-align: justify;\">Uno de los resultados del informe de resultados \u201cEl Microemprendimiento Femenino en Chile\u201d elaborado por la Unidad de Estudios del Ministerio de Econom\u00eda, publicado a fines del a\u00f1o 2020, establece que respecto a los beneficios percibidos al realizar una actividad como independiente para las mujeres el principal beneficio se vincula a la flexibilidad. Este se refiere a realizar tareas dom\u00e9sticas y de cuidado con un 36,70%, mientras que entre los hombres el principal beneficio es no tener jefe con un 34 %.<\/p>\n<p style=\"text-align: justify;\">Por su parte, la Directora Ejecutiva de la Corporaci\u00f3n Sim\u00f3n de Cirene, Alejandra Canessa Botteselle, sostuvo que \u201ceste Programa nos conecta profundamente con nuestro sentido y esencia, ya que la misi\u00f3n de Sim\u00f3n de Cirene consiste precisamente en acompa\u00f1ar a las personas a cumplir sus prop\u00f3sitos, por lo que estamos muy emocionadas de poder compartirles este proceso para avanzar en sus sue\u00f1os. En este camino no van a estar solas, porque habr\u00e1 profesoras y tutoras que trabajar\u00e1n constantemente para hacer seguimiento a sus aprendizajes. Los cursos tienen un enfoque de g\u00e9nero y est\u00e1n pensados para ustedes, buscando entregarles herramientas de manera pr\u00e1ctica para que puedan fortalecer y hacer crecer cada uno de sus negocios\u201d.<\/p>\n<p style=\"text-align: justify;\">Durante la ceremonia, la ex participante de la intervenci\u00f3n program\u00e1tica y ganadora del premio Mujer Emprende por su destacada\u00a0trayectoria, Silvana Gonz\u00e1lez Caipillan, manifest\u00f3: \u201cal igual que ustedes ten\u00eda las mismas ganas de seguir emprendiendo, para ampliar mis conocimientos y aplicarlo a mis artesan\u00edas. En su momento, dude si pod\u00eda dar ese paso, porque las que somos madres podr\u00e1n entender que nuestros tiempos se reducen much\u00edsimo; pero en los cursos de la Escuela me encontr\u00e9 con gente muy buena y profesional que me motivaron a seguir, lo que me permiti\u00f3 darme cuenta de mis capacidades. Aprend\u00ed conceptos como el Canvas, Marketing y el Elevator Speach que son las tres bases importantes para sacar adelante un emprendimiento. Gracias a la Escuela Mujer Emprende se me dieron nuevas oportunidades y se abrieron puertas, particip\u00e9 en la Feria Ind\u00edgena y logr\u00e9 clientes de otras regiones. No me queda m\u00e1s que decirles que crean en sus capacidades y que est\u00e9n dispuestas a adquirir nuevos conocimientos\u201d.<\/p>\n<p style=\"text-align: justify;\">El Programa Mujer Emprende otorga herramientas t\u00e9cnicas y de gesti\u00f3n a mujeres, a fin de fortalecer sus competencias y habilidades, potenciando el crecimiento, viabilidad y sostenibilidad de sus negocios; y favoreciendo adem\u00e1s su acceso a espacios de formaci\u00f3n para generar nuevos canales de comercializaci\u00f3n para el desarrollo de sus emprendimientos. Para ello, los temas t\u00e9cnicos de gesti\u00f3n de negocios con perspectiva de g\u00e9nero, el trabajo intersectorial y los pactos p\u00fablico-privados tienen un lugar fundamental para posicionar a las mujeres como sujetas activas de derecho.<\/p>\n<p style=\"text-align: justify;\">La Escuela Mujer Emprende apunta a profesionalizar el emprendimiento, consolidando y profundizando conocimientos previos, a trav\u00e9s del empoderamiento personal y relacional; y el fortalecimiento de las capacidades de las emprendedoras.\u00a0 Para ello el proceso de formaci\u00f3n incorpora un plan com\u00fan y uno diferenciado que permite dar respuesta a las necesidades de los diversos perfiles de las emprendedoras. Las otras l\u00edneas de trabajo son el fomento de redes y asociatividad y acciones de gesti\u00f3n para el desarrollo de los emprendimientos.<\/p>\n<\/div><\/section><\/div><div  style='height:50px' class='hr hr-invisible   avia-builder-el-6  el_after_av_one_full  el_before_av_social_share '><span class='hr-inner ' ><span class='hr-inner-style'><\/span><\/span><\/div><\/p>\n<div  class='av-social-sharing-box  avia-builder-el-7  el_after_av_hr  el_before_av_hr  '><div class='av-share-box'><h5 class='av-share-link-description av-no-toc '>Compartir esta noticia<\/h5><ul class='av-share-box-list noLightbox'><li class='av-share-link av-social-link-facebook' ><a target=\"_blank\" aria-label=\"Compartir en Facebook\" href='https:\/\/www.facebook.com\/sharer.php?u=https:\/\/radiorevelacionfm.cl\/?p=17280&#038;t=SernamEG%20da%20la%20bienvenida%20a%20las%20participantes%20que%20inician%20su%20trayectoria%20en%20la%20Escuela%20Mujer%20Emprende' aria-hidden='false' data-av_icon='\ue8f3' data-av_iconfont='entypo-fontello' title='' data-avia-related-tooltip='Compartir en Facebook' rel=\"noopener\"><span class='avia_hidden_link_text'>Compartir en Facebook<\/span><\/a><\/li><li class='av-share-link av-social-link-twitter' ><a target=\"_blank\" aria-label=\"Compartir en Twitter\" href='https:\/\/twitter.com\/share?text=SernamEG%20da%20la%20bienvenida%20a%20las%20participantes%20que%20inician%20su%20trayectoria%20en%20la%20Escuela%20Mujer%20Emprende&#038;url=https:\/\/radiorevelacionfm.cl\/?p=17280' aria-hidden='false' data-av_icon='\ue8f1' data-av_iconfont='entypo-fontello' title='' data-avia-related-tooltip='Compartir en Twitter' rel=\"noopener\"><span class='avia_hidden_link_text'>Compartir en Twitter<\/span><\/a><\/li><li class='av-share-link av-social-link-whatsapp' ><a target=\"_blank\" aria-label=\"Compartir en Whatsapp\" href='https:\/\/api.whatsapp.com\/send?text=https:\/\/radiorevelacionfm.cl\/?p=17280' aria-hidden='false' data-av_icon='\uf232' data-av_iconfont='entypo-fontello' title='' data-avia-related-tooltip='Compartir en Whatsapp' rel=\"noopener\"><span class='avia_hidden_link_text'>Compartir en Whatsapp<\/span><\/a><\/li><li class='av-share-link av-social-link-linkedin' ><a target=\"_blank\" aria-label=\"Compartir en LinkedIn\" href='https:\/\/linkedin.com\/shareArticle?mini=true&#038;title=SernamEG%20da%20la%20bienvenida%20a%20las%20participantes%20que%20inician%20su%20trayectoria%20en%20la%20Escuela%20Mujer%20Emprende&#038;url=https:\/\/radiorevelacionfm.cl\/?p=17280' aria-hidden='false' data-av_icon='\ue8fc' data-av_iconfont='entypo-fontello' title='' data-avia-related-tooltip='Compartir en LinkedIn' rel=\"noopener\"><span class='avia_hidden_link_text'>Compartir en LinkedIn<\/span><\/a><\/li><li class='av-share-link av-social-link-mail' ><a  aria-label=\"Compartir por correo\" href='mailto:?subject=SernamEG%20da%20la%20bienvenida%20a%20las%20participantes%20que%20inician%20su%20trayectoria%20en%20la%20Escuela%20Mujer%20Emprende&#038;body=https:\/\/radiorevelacionfm.cl\/?p=17280' aria-hidden='false' data-av_icon='\ue805' data-av_iconfont='entypo-fontello' title='' data-avia-related-tooltip='Compartir por correo'><span class='avia_hidden_link_text'>Compartir por correo<\/span><\/a><\/li><\/ul><\/div><\/div>\n<div  style='height:50px' class='hr hr-invisible   avia-builder-el-8  el_after_av_social_share  el_before_av_comments_list '><span class='hr-inner ' ><span class='hr-inner-style'><\/span><\/span><\/div>\n<div  class='av-buildercomment  av-blog-meta-html-info-disabled av-blog-meta-tag-disabled  '><\/div>\n","protected":false},"excerpt":{"rendered":"","protected":false},"author":1,"featured_media":17281,"comment_status":"open","ping_status":"open","sticky":false,"template":"","format":"standard","meta":{"footnotes":""},"categories":[38],"tags":[],"class_list":["post-17280","post","type-post","status-publish","format-standard","has-post-thumbnail","hentry","category-regional"],"jetpack_featured_media_url":"https:\/\/radiorevelacionfm.cl\/wp-content\/uploads\/2022\/05\/lanzamiento-escuela-mujer-emprende-4-1_optimized.jpg","_links":{"self":[{"href":"https:\/\/radiorevelacionfm.cl\/index.php?rest_route=\/wp\/v2\/posts\/17280","targetHints":{"allow":["GET"]}}],"collection":[{"href":"https:\/\/radiorevelacionfm.cl\/index.php?rest_route=\/wp\/v2\/posts"}],"about":[{"href":"https:\/\/radiorevelacionfm.cl\/index.php?rest_route=\/wp\/v2\/types\/post"}],"author":[{"embeddable":true,"href":"https:\/\/radiorevelacionfm.cl\/index.php?rest_route=\/wp\/v2\/users\/1"}],"replies":[{"embeddable":true,"href":"https:\/\/radiorevelacionfm.cl\/index.php?rest_route=%2Fwp%2Fv2%2Fcomments&post=17280"}],"version-history":[{"count":2,"href":"https:\/\/radiorevelacionfm.cl\/index.php?rest_route=\/wp\/v2\/posts\/17280\/revisions"}],"predecessor-version":[{"id":17283,"href":"https:\/\/radiorevelacionfm.cl\/index.php?rest_route=\/wp\/v2\/posts\/17280\/revisions\/17283"}],"wp:featuredmedia":[{"embeddable":true,"href":"https:\/\/radiorevelacionfm.cl\/index.php?rest_route=\/wp\/v2\/media\/17281"}],"wp:attachment":[{"href":"https:\/\/radiorevelacionfm.cl\/index.php?rest_route=%2Fwp%2Fv2%2Fmedia&parent=17280"}],"wp:term":[{"taxonomy":"category","embeddable":true,"href":"https:\/\/radiorevelacionfm.cl\/index.php?rest_route=%2Fwp%2Fv2%2Fcategories&post=17280"},{"taxonomy":"post_tag","embeddable":true,"href":"https:\/\/radiorevelacionfm.cl\/index.php?rest_route=%2Fwp%2Fv2%2Ftags&post=17280"}],"curies":[{"name":"wp","href":"https:\/\/api.w.org\/{rel}","templated":true}]}}