{"id":17275,"date":"2022-05-27T11:50:12","date_gmt":"2022-05-27T14:50:12","guid":{"rendered":"https:\/\/radiorevelacionfm.cl\/?p=17275"},"modified":"2022-05-27T11:50:12","modified_gmt":"2022-05-27T14:50:12","slug":"anuncian-nuevo-punto-de-vacunacion-que-reemplaza-a-gimnasio-municipal-de-coyhaique","status":"publish","type":"post","link":"https:\/\/radiorevelacionfm.cl\/?p=17275","title":{"rendered":"Anuncian nuevo punto de vacunaci\u00f3n que reemplaza a gimnasio municipal de Coyhaique"},"content":{"rendered":"<div class=\"flex_column av_one_full  flex_column_div av-zero-column-padding first  avia-builder-el-0  el_before_av_one_full  avia-builder-el-first  \" style='border-radius:0px; '><div  class='avia-image-container  av-styling-    avia-builder-el-1  avia-builder-el-no-sibling  avia-align-center '  itemprop=\"image\" itemscope=\"itemscope\" itemtype=\"https:\/\/schema.org\/ImageObject\"  ><div class='avia-image-container-inner'><div class='avia-image-overlay-wrap'><img decoding=\"async\" class='wp-image-17276 avia-img-lazy-loading-not-17276 avia_image' src=\"https:\/\/radiorevelacionfm.cl\/wp-content\/uploads\/2022\/05\/VISITA-NUEVO-PUNTO-VACUNACION-1-1-1.jpeg\" alt='' title='VISITA NUEVO PUNTO VACUNACI\u00d3N (1) (1) (1)' height=\"600\" width=\"800\"  itemprop=\"thumbnailUrl\" srcset=\"https:\/\/radiorevelacionfm.cl\/wp-content\/uploads\/2022\/05\/VISITA-NUEVO-PUNTO-VACUNACION-1-1-1.jpeg 800w, https:\/\/radiorevelacionfm.cl\/wp-content\/uploads\/2022\/05\/VISITA-NUEVO-PUNTO-VACUNACION-1-1-1-300x225.jpeg 300w, https:\/\/radiorevelacionfm.cl\/wp-content\/uploads\/2022\/05\/VISITA-NUEVO-PUNTO-VACUNACION-1-1-1-768x576.jpeg 768w, https:\/\/radiorevelacionfm.cl\/wp-content\/uploads\/2022\/05\/VISITA-NUEVO-PUNTO-VACUNACION-1-1-1-705x529.jpeg 705w, https:\/\/radiorevelacionfm.cl\/wp-content\/uploads\/2022\/05\/VISITA-NUEVO-PUNTO-VACUNACION-1-1-1-600x450.jpeg 600w\" sizes=\"(max-width: 800px) 100vw, 800px\" \/><\/div><\/div><\/div><\/div><div class=\"flex_column av_one_full  flex_column_div av-zero-column-padding first  avia-builder-el-2  el_after_av_one_full  el_before_av_one_full  column-top-margin\" style='border-radius:0px; '><section class=\"av_textblock_section \"  itemscope=\"itemscope\" itemtype=\"https:\/\/schema.org\/BlogPosting\" itemprop=\"blogPost\" ><div class='avia_textblock  '   itemprop=\"text\" ><p style=\"text-align: center;\"><span style=\"font-size: 18pt;\"><b><span lang=\"ES\">Anuncian nuevo punto de vacunaci\u00f3n que reemplaza a gimnasio municipal de Coyhaique<\/span><\/b><\/span><\/p>\n<div id=\"gtx-trans\" style=\"position: absolute; left: -50px; top: 4.31534px;\">\n<div class=\"gtx-trans-icon\"><\/div>\n<\/div>\n<\/div><\/section><\/div><div class=\"flex_column av_one_full  flex_column_div av-zero-column-padding first  avia-builder-el-4  el_after_av_one_full  el_before_av_hr  column-top-margin\" style='border-radius:0px; '><section class=\"av_textblock_section \"  itemscope=\"itemscope\" itemtype=\"https:\/\/schema.org\/BlogPosting\" itemprop=\"blogPost\" ><div class='avia_textblock  '   itemprop=\"text\" ><p class=\"v1MsoNormal\" style=\"text-align: justify;\"><span lang=\"ES\">Desde este lunes 30 de mayo, a partir de las 09:00 horas, comenzar\u00e1 a operar un nuevo punto de vacunaci\u00f3n en Coyhaique y que reemplaza al actual ubicado en el gimnasio municipal de calle Sim\u00f3n Bol\u00edvar.<\/span><\/p>\n<p class=\"v1MsoNormal\" style=\"text-align: justify;\"><span lang=\"ES\">Se trata del auditorio del Ministerio de Obras P\u00fablicas (MOP), ubicado en calle Riquelme 465, donde los equipos de salud administrar\u00e1n las vacunas, tanto para el COVID 19, como influenza.<\/span><\/p>\n<p class=\"v1MsoNormal\" style=\"text-align: justify;\"><span lang=\"ES\">\u00abComo una manera de facilitar el acceso y oportunidad de las campa\u00f1as de vacunaci\u00f3n de COVID 19 e influenza, desde este lunes comenzaremos a vacunar en el auditorio del MOP, un lugar que nos permite contar con el espacio y las condiciones para continuar reforzando la vacunaci\u00f3n a trav\u00e9s de nuestros equipos de los CESFAM de Coyhaique. Hay que recordar que todav\u00eda no logramos las coberturas \u00f3ptimas y que ante la pronta llegada del invierno es necesario estar vacunados y disminuir efectos no deseados, producto de los virus invernales. Es necesario recalcar que, gracias a nuestro exitoso proceso de vacunaci\u00f3n, gozamos de mayores libertades que no queremos perder\u00bb, manifest\u00f3 Gabriel Burgos, director del Servicio de Salud Ays\u00e9n (SSA).<\/span><\/p>\n<p class=\"v1MsoNormal\" style=\"text-align: justify;\"><span lang=\"ES\">En COVID 19, las cifras indican que los ni\u00f1os y ni\u00f1as de tres a seis a\u00f1os mantienen guarismos de vacunaci\u00f3n inferiores al 20%, por lo que se requiere con urgencia mejorar los n\u00fameros para proteger a este grupo de las enfermedades invernales.<\/span><\/p>\n<p class=\"v1MsoNormal\" style=\"text-align: justify;\"><span lang=\"ES\">\u00abLlamamos a las personas que necesiten vacunarse y por diversas razones no han podido concurrir que desde este punto acudan desde este lunes. Es importante, ya que nuestra cobertura en vacunaci\u00f3n influenza a\u00fan se mantiene baja en algunos grupos objetivos como gestantes y pacientes cr\u00f3nicos, as\u00ed que es nuestra oportunidad para reforzar estos indicadores de salud, para que nuestra poblaci\u00f3n se mantenga sana. Es un lugar muy bien ubicado en el centro de la ciudad\u00bb, puntualiz\u00f3 Sandra Paredes, m\u00e9dica y directora del consultorio V\u00edctor Domingo Silva.<\/span><\/p>\n<p class=\"v1MsoNormal\" style=\"text-align: justify;\"><span lang=\"ES\">En el caso de la administraci\u00f3n de dosis anti influenza los grupos m\u00e1s rezagados son las embarazadas desde las 13 semanas de gestaci\u00f3n y ni\u00f1os y ni\u00f1as de seis meses a seis a\u00f1os. \u00a0\u00abLa idea es privilegiar la vacunaci\u00f3n, una estrategia validada e importante para reducir los riesgos de la pandemia\u00bb, complement\u00f3 Jos\u00e9 Luis Toledo, director del CESFAM Alejandro Guti\u00e9rrez.<\/span><\/p>\n<p class=\"v1MsoNormal\" style=\"text-align: justify;\"><span lang=\"ES\">El punto de vacunaci\u00f3n atender\u00e1 en horario continuado de 09:00 a 16:00 horas, en calle Riquelme 465.<\/span><\/p>\n<\/div><\/section><\/div><div  style='height:50px' class='hr hr-invisible   avia-builder-el-6  el_after_av_one_full  el_before_av_social_share '><span class='hr-inner ' ><span class='hr-inner-style'><\/span><\/span><\/div><\/p>\n<div  class='av-social-sharing-box  avia-builder-el-7  el_after_av_hr  el_before_av_hr  '><div class='av-share-box'><h5 class='av-share-link-description av-no-toc '>Compartir esta noticia<\/h5><ul class='av-share-box-list noLightbox'><li class='av-share-link av-social-link-facebook' ><a target=\"_blank\" aria-label=\"Compartir en Facebook\" href='https:\/\/www.facebook.com\/sharer.php?u=https:\/\/radiorevelacionfm.cl\/?p=17275&#038;t=Anuncian%20nuevo%20punto%20de%20vacunaci%C3%B3n%20que%20reemplaza%20a%20gimnasio%20municipal%20de%20Coyhaique' aria-hidden='false' data-av_icon='\ue8f3' data-av_iconfont='entypo-fontello' title='' data-avia-related-tooltip='Compartir en Facebook' rel=\"noopener\"><span class='avia_hidden_link_text'>Compartir en Facebook<\/span><\/a><\/li><li class='av-share-link av-social-link-twitter' ><a target=\"_blank\" aria-label=\"Compartir en Twitter\" href='https:\/\/twitter.com\/share?text=Anuncian%20nuevo%20punto%20de%20vacunaci%C3%B3n%20que%20reemplaza%20a%20gimnasio%20municipal%20de%20Coyhaique&#038;url=https:\/\/radiorevelacionfm.cl\/?p=17275' aria-hidden='false' data-av_icon='\ue8f1' data-av_iconfont='entypo-fontello' title='' data-avia-related-tooltip='Compartir en Twitter' rel=\"noopener\"><span class='avia_hidden_link_text'>Compartir en Twitter<\/span><\/a><\/li><li class='av-share-link av-social-link-whatsapp' ><a target=\"_blank\" aria-label=\"Compartir en Whatsapp\" href='https:\/\/api.whatsapp.com\/send?text=https:\/\/radiorevelacionfm.cl\/?p=17275' aria-hidden='false' data-av_icon='\uf232' data-av_iconfont='entypo-fontello' title='' data-avia-related-tooltip='Compartir en Whatsapp' rel=\"noopener\"><span class='avia_hidden_link_text'>Compartir en Whatsapp<\/span><\/a><\/li><li class='av-share-link av-social-link-linkedin' ><a target=\"_blank\" aria-label=\"Compartir en LinkedIn\" href='https:\/\/linkedin.com\/shareArticle?mini=true&#038;title=Anuncian%20nuevo%20punto%20de%20vacunaci%C3%B3n%20que%20reemplaza%20a%20gimnasio%20municipal%20de%20Coyhaique&#038;url=https:\/\/radiorevelacionfm.cl\/?p=17275' aria-hidden='false' data-av_icon='\ue8fc' data-av_iconfont='entypo-fontello' title='' data-avia-related-tooltip='Compartir en LinkedIn' rel=\"noopener\"><span class='avia_hidden_link_text'>Compartir en LinkedIn<\/span><\/a><\/li><li class='av-share-link av-social-link-mail' ><a  aria-label=\"Compartir por correo\" href='mailto:?subject=Anuncian%20nuevo%20punto%20de%20vacunaci%C3%B3n%20que%20reemplaza%20a%20gimnasio%20municipal%20de%20Coyhaique&#038;body=https:\/\/radiorevelacionfm.cl\/?p=17275' aria-hidden='false' data-av_icon='\ue805' data-av_iconfont='entypo-fontello' title='' data-avia-related-tooltip='Compartir por correo'><span class='avia_hidden_link_text'>Compartir por correo<\/span><\/a><\/li><\/ul><\/div><\/div>\n<div  style='height:50px' class='hr hr-invisible   avia-builder-el-8  el_after_av_social_share  el_before_av_comments_list '><span class='hr-inner ' ><span class='hr-inner-style'><\/span><\/span><\/div>\n<div  class='av-buildercomment  av-blog-meta-html-info-disabled av-blog-meta-tag-disabled  '><\/div>\n","protected":false},"excerpt":{"rendered":"","protected":false},"author":1,"featured_media":17276,"comment_status":"open","ping_status":"open","sticky":false,"template":"","format":"standard","meta":{"footnotes":""},"categories":[46],"tags":[],"class_list":["post-17275","post","type-post","status-publish","format-standard","has-post-thumbnail","hentry","category-salud"],"jetpack_featured_media_url":"https:\/\/radiorevelacionfm.cl\/wp-content\/uploads\/2022\/05\/VISITA-NUEVO-PUNTO-VACUNACION-1-1-1.jpeg","_links":{"self":[{"href":"https:\/\/radiorevelacionfm.cl\/index.php?rest_route=\/wp\/v2\/posts\/17275","targetHints":{"allow":["GET"]}}],"collection":[{"href":"https:\/\/radiorevelacionfm.cl\/index.php?rest_route=\/wp\/v2\/posts"}],"about":[{"href":"https:\/\/radiorevelacionfm.cl\/index.php?rest_route=\/wp\/v2\/types\/post"}],"author":[{"embeddable":true,"href":"https:\/\/radiorevelacionfm.cl\/index.php?rest_route=\/wp\/v2\/users\/1"}],"replies":[{"embeddable":true,"href":"https:\/\/radiorevelacionfm.cl\/index.php?rest_route=%2Fwp%2Fv2%2Fcomments&post=17275"}],"version-history":[{"count":2,"href":"https:\/\/radiorevelacionfm.cl\/index.php?rest_route=\/wp\/v2\/posts\/17275\/revisions"}],"predecessor-version":[{"id":17278,"href":"https:\/\/radiorevelacionfm.cl\/index.php?rest_route=\/wp\/v2\/posts\/17275\/revisions\/17278"}],"wp:featuredmedia":[{"embeddable":true,"href":"https:\/\/radiorevelacionfm.cl\/index.php?rest_route=\/wp\/v2\/media\/17276"}],"wp:attachment":[{"href":"https:\/\/radiorevelacionfm.cl\/index.php?rest_route=%2Fwp%2Fv2%2Fmedia&parent=17275"}],"wp:term":[{"taxonomy":"category","embeddable":true,"href":"https:\/\/radiorevelacionfm.cl\/index.php?rest_route=%2Fwp%2Fv2%2Fcategories&post=17275"},{"taxonomy":"post_tag","embeddable":true,"href":"https:\/\/radiorevelacionfm.cl\/index.php?rest_route=%2Fwp%2Fv2%2Ftags&post=17275"}],"curies":[{"name":"wp","href":"https:\/\/api.w.org\/{rel}","templated":true}]}}