{"id":17234,"date":"2022-05-26T17:30:25","date_gmt":"2022-05-26T20:30:25","guid":{"rendered":"https:\/\/radiorevelacionfm.cl\/?p=17234"},"modified":"2022-05-26T17:30:25","modified_gmt":"2022-05-26T20:30:25","slug":"tribunal-ambiental-de-valdivia-escucho-alegatos-por-reclamacion-de-patagonia-ridge-spa-contra-la-sma-por-proyecto-en-aysen","status":"publish","type":"post","link":"https:\/\/radiorevelacionfm.cl\/?p=17234","title":{"rendered":"Tribunal Ambiental de Valdivia escuch\u00f3 alegatos por reclamaci\u00f3n de Patagonia Ridge SpA contra la SMA por proyecto en Ays\u00e9n"},"content":{"rendered":"<div class=\"flex_column av_one_full  flex_column_div av-zero-column-padding first  avia-builder-el-0  el_before_av_one_full  avia-builder-el-first  \" style='border-radius:0px; '><div  class='avia-image-container  av-styling-    avia-builder-el-1  avia-builder-el-no-sibling  avia-align-center '  itemprop=\"image\" itemscope=\"itemscope\" itemtype=\"https:\/\/schema.org\/ImageObject\"  ><div class='avia-image-container-inner'><div class='avia-image-overlay-wrap'><img decoding=\"async\" class='wp-image-17237 avia-img-lazy-loading-not-17237 avia_image' src=\"https:\/\/radiorevelacionfm.cl\/wp-content\/uploads\/2022\/05\/R-28-2021_1-1-3-1.jpg\" alt='' title='R-28-2021_1 (1) (3) (1)' height=\"600\" width=\"1150\"  itemprop=\"thumbnailUrl\" srcset=\"https:\/\/radiorevelacionfm.cl\/wp-content\/uploads\/2022\/05\/R-28-2021_1-1-3-1.jpg 1150w, https:\/\/radiorevelacionfm.cl\/wp-content\/uploads\/2022\/05\/R-28-2021_1-1-3-1-300x157.jpg 300w, https:\/\/radiorevelacionfm.cl\/wp-content\/uploads\/2022\/05\/R-28-2021_1-1-3-1-1030x537.jpg 1030w, https:\/\/radiorevelacionfm.cl\/wp-content\/uploads\/2022\/05\/R-28-2021_1-1-3-1-768x401.jpg 768w, https:\/\/radiorevelacionfm.cl\/wp-content\/uploads\/2022\/05\/R-28-2021_1-1-3-1-705x368.jpg 705w, https:\/\/radiorevelacionfm.cl\/wp-content\/uploads\/2022\/05\/R-28-2021_1-1-3-1-600x313.jpg 600w\" sizes=\"(max-width: 1150px) 100vw, 1150px\" \/><\/div><\/div><\/div><\/div><div class=\"flex_column av_one_full  flex_column_div av-zero-column-padding first  avia-builder-el-2  el_after_av_one_full  el_before_av_one_full  column-top-margin\" style='border-radius:0px; '><section class=\"av_textblock_section \"  itemscope=\"itemscope\" itemtype=\"https:\/\/schema.org\/BlogPosting\" itemprop=\"blogPost\" ><div class='avia_textblock  '   itemprop=\"text\" ><p style=\"text-align: center;\"><strong><span style=\"font-size: 18pt;\">Tribunal Ambiental de Valdivia escuch\u00f3 alegatos por reclamaci\u00f3n de Patagonia Ridge SpA contra la SMA por proyecto en Ays\u00e9n<\/span><\/strong><\/p>\n<div id=\"gtx-trans\" style=\"position: absolute; left: -50px; top: 4.31534px;\">\n<div class=\"gtx-trans-icon\"><\/div>\n<\/div>\n<\/div><\/section><\/div><div class=\"flex_column av_one_full  flex_column_div av-zero-column-padding first  avia-builder-el-4  el_after_av_one_full  el_before_av_hr  column-top-margin\" style='border-radius:0px; '><section class=\"av_textblock_section \"  itemscope=\"itemscope\" itemtype=\"https:\/\/schema.org\/BlogPosting\" itemprop=\"blogPost\" ><div class='avia_textblock  '   itemprop=\"text\" ><p style=\"text-align: justify;\">Por Resoluci\u00f3n Exenta N\u00ba 2302\/2021 de la Superintendencia del Medio Ambiente, dicho organismo requiri\u00f3 a Patagonia Ridge SpA el ingreso de un proyecto de drenaje en un predio en el sector La Puntilla, comuna de Ays\u00e9n, al Sistema de Evaluaci\u00f3n de Impacto Ambiental (SEIA). En dicha decisi\u00f3n, determin\u00f3 que se configura el presupuesto establecido en el literal a.2.4) del art\u00edculo 3\u00ba del Reglamento del SEIA, dado que el proyecto consiste en obras de drenaje o desecaci\u00f3n de m\u00e1s de 30 hect\u00e1reas de humedal, por lo que debi\u00f3 ser evaluado ambientalmente.<\/p>\n<p style=\"text-align: justify;\">Contra este requerimiento, Patagonia Ridge SpA, propietaria del predio donde se desarroll\u00f3 el proyecto, interpuso reclamaci\u00f3n ante el Tercer Tribunal Ambiental, solicitando dejar sin efecto la resoluci\u00f3n impugnada, ya que desde su perspectiva, un \u00e1rea muy menor del predio tendr\u00eda caracter\u00edsticas de humedal, por lo que su proyecto no cumplir\u00eda con los presupuestos legales para ingresar al SEIA.<\/p>\n<p style=\"text-align: justify;\">En la audiencia realizada el martes 24 de mayo, la empresa expuso sus alegaciones, sosteniendo que el proyecto de drenaje tiene fines agr\u00edcolas y fundamentalmente interviene aguas sub-superficiales En ese sentido, resalt\u00f3 que la norma invocada por la SMA se refiere a cuerpos de aguas superficiales, y bajo este criterio, el \u00e1rea del predio en cuesti\u00f3n que podr\u00eda considerarse como humedal es de 4,6 hect\u00e1reas, inferior al umbral de ingreso al SEIA.<\/p>\n<p style=\"text-align: justify;\">A su turno, la SMA defendi\u00f3 su decisi\u00f3n. As\u00ed, reiter\u00f3 que el objeto de protecci\u00f3n de la norma en cuesti\u00f3n es el ecosistema de humedales, por lo que la referencia a cuerpos de agua superficiales debe ser interpretada incluyendo a los sectores donde tambi\u00e9n existen aguas sub-superficiales. Luego reafirm\u00f3 que el sitio de emplazamiento del proyecto posee caracter\u00edsticas de humedal, pues se trata de un \u00e1rea inundada y saturada por agua superficial o subsuperficial, que provee importantes servicios ecosist\u00e9micos a la avifauna del sector, e incluido en el Inventario Nacional de Humedales. Luego, ratific\u00f3 que el \u00e1rea drenada por el proyecto es muy superior a 30 hect\u00e1reas de humedal, por lo que se configura la causal de ingreso.<\/p>\n<p style=\"text-align: justify;\">La resoluci\u00f3n se\u00f1alada, solicita a Patagonia Ridge SpA la presentaci\u00f3n de un cronograma de trabajo a la SMA respecto del ingreso al SEIA; y advierte que el proyecto no podr\u00e1 seguir ejecut\u00e1ndose mientras no cuenten con una resoluci\u00f3n de calificaci\u00f3n ambiental que lo autorice.<\/p>\n<p style=\"text-align: justify;\">Los ministros que integran el Tercer Tribunal Ambiental decidieron dejar la causa en estudio, con el objetivo de analizar con detalle las controversias y los antecedentes t\u00e9cnicos del expediente administrativo, as\u00ed como los presentados en el proceso judicial.<\/p>\n<\/div><\/section><\/div><div  style='height:50px' class='hr hr-invisible   avia-builder-el-6  el_after_av_one_full  el_before_av_social_share '><span class='hr-inner ' ><span class='hr-inner-style'><\/span><\/span><\/div><\/p>\n<div  class='av-social-sharing-box  avia-builder-el-7  el_after_av_hr  el_before_av_hr  '><div class='av-share-box'><h5 class='av-share-link-description av-no-toc '>Compartir esta noticia<\/h5><ul class='av-share-box-list noLightbox'><li class='av-share-link av-social-link-facebook' ><a target=\"_blank\" aria-label=\"Compartir en Facebook\" href='https:\/\/www.facebook.com\/sharer.php?u=https:\/\/radiorevelacionfm.cl\/?p=17234&#038;t=Tribunal%20Ambiental%20de%20Valdivia%20escuch%C3%B3%20alegatos%20por%20reclamaci%C3%B3n%20de%20Patagonia%20Ridge%20SpA%20contra%20la%20SMA%20por%20proyecto%20en%20Ays%C3%A9n' aria-hidden='false' data-av_icon='\ue8f3' data-av_iconfont='entypo-fontello' title='' data-avia-related-tooltip='Compartir en Facebook' rel=\"noopener\"><span class='avia_hidden_link_text'>Compartir en Facebook<\/span><\/a><\/li><li class='av-share-link av-social-link-twitter' ><a target=\"_blank\" aria-label=\"Compartir en Twitter\" href='https:\/\/twitter.com\/share?text=Tribunal%20Ambiental%20de%20Valdivia%20escuch%C3%B3%20alegatos%20por%20reclamaci%C3%B3n%20de%20Patagonia%20Ridge%20SpA%20contra%20la%20SMA%20por%20proyecto%20en%20Ays%C3%A9n&#038;url=https:\/\/radiorevelacionfm.cl\/?p=17234' aria-hidden='false' data-av_icon='\ue8f1' data-av_iconfont='entypo-fontello' title='' data-avia-related-tooltip='Compartir en Twitter' rel=\"noopener\"><span class='avia_hidden_link_text'>Compartir en Twitter<\/span><\/a><\/li><li class='av-share-link av-social-link-whatsapp' ><a target=\"_blank\" aria-label=\"Compartir en Whatsapp\" href='https:\/\/api.whatsapp.com\/send?text=https:\/\/radiorevelacionfm.cl\/?p=17234' aria-hidden='false' data-av_icon='\uf232' data-av_iconfont='entypo-fontello' title='' data-avia-related-tooltip='Compartir en Whatsapp' rel=\"noopener\"><span class='avia_hidden_link_text'>Compartir en Whatsapp<\/span><\/a><\/li><li class='av-share-link av-social-link-linkedin' ><a target=\"_blank\" aria-label=\"Compartir en LinkedIn\" href='https:\/\/linkedin.com\/shareArticle?mini=true&#038;title=Tribunal%20Ambiental%20de%20Valdivia%20escuch%C3%B3%20alegatos%20por%20reclamaci%C3%B3n%20de%20Patagonia%20Ridge%20SpA%20contra%20la%20SMA%20por%20proyecto%20en%20Ays%C3%A9n&#038;url=https:\/\/radiorevelacionfm.cl\/?p=17234' aria-hidden='false' data-av_icon='\ue8fc' data-av_iconfont='entypo-fontello' title='' data-avia-related-tooltip='Compartir en LinkedIn' rel=\"noopener\"><span class='avia_hidden_link_text'>Compartir en LinkedIn<\/span><\/a><\/li><li class='av-share-link av-social-link-mail' ><a  aria-label=\"Compartir por correo\" href='mailto:?subject=Tribunal%20Ambiental%20de%20Valdivia%20escuch%C3%B3%20alegatos%20por%20reclamaci%C3%B3n%20de%20Patagonia%20Ridge%20SpA%20contra%20la%20SMA%20por%20proyecto%20en%20Ays%C3%A9n&#038;body=https:\/\/radiorevelacionfm.cl\/?p=17234' aria-hidden='false' data-av_icon='\ue805' data-av_iconfont='entypo-fontello' title='' data-avia-related-tooltip='Compartir por correo'><span class='avia_hidden_link_text'>Compartir por correo<\/span><\/a><\/li><\/ul><\/div><\/div>\n<div  style='height:50px' class='hr hr-invisible   avia-builder-el-8  el_after_av_social_share  el_before_av_comments_list '><span class='hr-inner ' ><span class='hr-inner-style'><\/span><\/span><\/div>\n<div  class='av-buildercomment  av-blog-meta-html-info-disabled av-blog-meta-tag-disabled  '><\/div>\n","protected":false},"excerpt":{"rendered":"","protected":false},"author":1,"featured_media":17237,"comment_status":"open","ping_status":"open","sticky":false,"template":"","format":"standard","meta":{"footnotes":""},"categories":[39],"tags":[],"class_list":["post-17234","post","type-post","status-publish","format-standard","has-post-thumbnail","hentry","category-medio-ambiente"],"jetpack_featured_media_url":"https:\/\/radiorevelacionfm.cl\/wp-content\/uploads\/2022\/05\/R-28-2021_1-1-3-1.jpg","_links":{"self":[{"href":"https:\/\/radiorevelacionfm.cl\/index.php?rest_route=\/wp\/v2\/posts\/17234","targetHints":{"allow":["GET"]}}],"collection":[{"href":"https:\/\/radiorevelacionfm.cl\/index.php?rest_route=\/wp\/v2\/posts"}],"about":[{"href":"https:\/\/radiorevelacionfm.cl\/index.php?rest_route=\/wp\/v2\/types\/post"}],"author":[{"embeddable":true,"href":"https:\/\/radiorevelacionfm.cl\/index.php?rest_route=\/wp\/v2\/users\/1"}],"replies":[{"embeddable":true,"href":"https:\/\/radiorevelacionfm.cl\/index.php?rest_route=%2Fwp%2Fv2%2Fcomments&post=17234"}],"version-history":[{"count":2,"href":"https:\/\/radiorevelacionfm.cl\/index.php?rest_route=\/wp\/v2\/posts\/17234\/revisions"}],"predecessor-version":[{"id":17245,"href":"https:\/\/radiorevelacionfm.cl\/index.php?rest_route=\/wp\/v2\/posts\/17234\/revisions\/17245"}],"wp:featuredmedia":[{"embeddable":true,"href":"https:\/\/radiorevelacionfm.cl\/index.php?rest_route=\/wp\/v2\/media\/17237"}],"wp:attachment":[{"href":"https:\/\/radiorevelacionfm.cl\/index.php?rest_route=%2Fwp%2Fv2%2Fmedia&parent=17234"}],"wp:term":[{"taxonomy":"category","embeddable":true,"href":"https:\/\/radiorevelacionfm.cl\/index.php?rest_route=%2Fwp%2Fv2%2Fcategories&post=17234"},{"taxonomy":"post_tag","embeddable":true,"href":"https:\/\/radiorevelacionfm.cl\/index.php?rest_route=%2Fwp%2Fv2%2Ftags&post=17234"}],"curies":[{"name":"wp","href":"https:\/\/api.w.org\/{rel}","templated":true}]}}