{"id":17226,"date":"2022-05-26T12:02:30","date_gmt":"2022-05-26T15:02:30","guid":{"rendered":"https:\/\/radiorevelacionfm.cl\/?p=17226"},"modified":"2022-05-26T12:02:30","modified_gmt":"2022-05-26T15:02:30","slug":"gobernadora-compromete-apoyo-para-el-financiamiento-de-la-reposicion-del-puente-gran-pangal-en-aysen","status":"publish","type":"post","link":"https:\/\/radiorevelacionfm.cl\/?p=17226","title":{"rendered":"Gobernadora compromete apoyo para el financiamiento de la reposici\u00f3n del Puente Gran Pangal en Ays\u00e9n"},"content":{"rendered":"<div class=\"flex_column av_one_full  flex_column_div av-zero-column-padding first  avia-builder-el-0  el_before_av_one_full  avia-builder-el-first  \" style='border-radius:0px; '><div  class='avia-image-container  av-styling-    avia-builder-el-1  avia-builder-el-no-sibling  avia-align-center '  itemprop=\"image\" itemscope=\"itemscope\" itemtype=\"https:\/\/schema.org\/ImageObject\"  ><div class='avia-image-container-inner'><div class='avia-image-overlay-wrap'><img decoding=\"async\" class='wp-image-17227 avia-img-lazy-loading-not-17227 avia_image' src=\"https:\/\/radiorevelacionfm.cl\/wp-content\/uploads\/2022\/05\/foto-1-14-1_optimized.jpeg\" alt='' title='foto-1-(14)-(1)_optimized' height=\"600\" width=\"992\"  itemprop=\"thumbnailUrl\" srcset=\"https:\/\/radiorevelacionfm.cl\/wp-content\/uploads\/2022\/05\/foto-1-14-1_optimized.jpeg 992w, https:\/\/radiorevelacionfm.cl\/wp-content\/uploads\/2022\/05\/foto-1-14-1_optimized-300x181.jpeg 300w, https:\/\/radiorevelacionfm.cl\/wp-content\/uploads\/2022\/05\/foto-1-14-1_optimized-768x465.jpeg 768w, https:\/\/radiorevelacionfm.cl\/wp-content\/uploads\/2022\/05\/foto-1-14-1_optimized-705x426.jpeg 705w, https:\/\/radiorevelacionfm.cl\/wp-content\/uploads\/2022\/05\/foto-1-14-1_optimized-600x363.jpeg 600w\" sizes=\"(max-width: 992px) 100vw, 992px\" \/><\/div><\/div><\/div><\/div><div class=\"flex_column av_one_full  flex_column_div av-zero-column-padding first  avia-builder-el-2  el_after_av_one_full  el_before_av_one_full  column-top-margin\" style='border-radius:0px; '><section class=\"av_textblock_section \"  itemscope=\"itemscope\" itemtype=\"https:\/\/schema.org\/BlogPosting\" itemprop=\"blogPost\" ><div class='avia_textblock  '   itemprop=\"text\" ><p style=\"text-align: center;\"><strong><span style=\"font-size: 18pt;\">Gobernadora compromete apoyo para el financiamiento de la reposici\u00f3n del Puente Gran Pangal en Ays\u00e9n<\/span><\/strong><\/p>\n<div id=\"gtx-trans\" style=\"position: absolute; left: -50px; top: 4.31534px;\">\n<div class=\"gtx-trans-icon\"><\/div>\n<\/div>\n<\/div><\/section><\/div><div class=\"flex_column av_one_full  flex_column_div av-zero-column-padding first  avia-builder-el-4  el_after_av_one_full  el_before_av_hr  column-top-margin\" style='border-radius:0px; '><section class=\"av_textblock_section \"  itemscope=\"itemscope\" itemtype=\"https:\/\/schema.org\/BlogPosting\" itemprop=\"blogPost\" ><div class='avia_textblock  '   itemprop=\"text\" ><p style=\"text-align: justify;\">El incremento de la poblaci\u00f3n en sectores semiurbanos ha hecho que el tr\u00e1nsito se incremente en los caminos rurales de la comuna de Ays\u00e9n. Es as\u00ed como la ruta X-544 tiene hoy una alta demanda de conectividad con el uso de la pasarela frecuentemente.<\/p>\n<p style=\"text-align: justify;\">La pasarela N\u00ba2 de Pangal Bajo, es un puente colgante de madera con una calzada de 2,4 metros construido en la d\u00e9cada de los &#8217;90, lo que no cumple con la normativa de puentes y seguridad actuales.<\/p>\n<p style=\"text-align: justify;\">Esos fueron unos de los antecedentes que la comunidad, en conjunto al Municipio de Ays\u00e9n, expuso a la Gobernadora Regional Andrea Mac\u00edas Palma y Consejeras Regionales Loreta Villegas y Marisol Mart\u00ednez.<\/p>\n<p style=\"text-align: justify;\">Ante esta solicitud, sentida por vecinos y vecinas organizados del sector, la m\u00e1xima autoridad regional comprometi\u00f3 su apoyo al proyecto de dise\u00f1o de la reposici\u00f3n del Puente Gran Pangal.<\/p>\n<p style=\"text-align: justify;\">\u00abComo Gobierno Regional fuimos convocados por el Comit\u00e9 de Adelanto del sector Pangal Bajo para poder revisar una problem\u00e1tica que tienen hace mucho tiempo y que tiene que ver con la pasarela que actualmente existe en este sector. Este fue un puente colgante de madera construido en la d\u00e9cada de los &#8217;90 y que hoy claramente no cumple con las normativas en materia de seguridad. El Municipio ha hecho un esfuerzo importante en poder avanzar para la obtenci\u00f3n de la recomendaci\u00f3n de financiamiento del dise\u00f1o de este nuevo Puente Gran Pangal que requiere la comunidad acudimos y como Gobierno Regional nos comprometimos, en primera instancia, para poder poner en tabla este proyecto para su financiamiento\u00bb, afirm\u00f3 la Gobernadora Mac\u00edas.<\/p>\n<p style=\"text-align: justify;\">\u00abSon m\u00e1s de 400 millones de pesos que van a permitir el dise\u00f1o de esta infraestructura. Pero tambi\u00e9n nos queremos comprometer a que como regi\u00f3n solicitamos los recursos en todas las instancias necesarias, para que despu\u00e9s de tantos a\u00f1os de espera la comunidad de Pangal Bajo pueda tener una respuesta y cuente con esta infraestructura que permita garantizar el acceso y la seguridad, tanto peatonal como vehicular para los vecinos del sector y para quienes transitan por ese lugar\u00bb, contin\u00fao Mac\u00edas.<\/p>\n<p style=\"text-align: justify;\">El proyecto de dise\u00f1o tambi\u00e9n fue expuesto en la Comisi\u00f3n de Infraestructura, Transportes y Telecomunicaciones del Consejo Regional donde su presidenta, la Consejera Lilian Inostroza, coment\u00f3 que hay una necesidad urgente de la comunidad que debe ser saldada.<\/p>\n<p style=\"text-align: justify;\">\u00abEl Alcalde Julio Uribe nos explicaba la situaci\u00f3n que existe para todas las personas que viven ah\u00ed, as\u00ed que tambi\u00e9n hemos tomado una acuerdo como Comisi\u00f3n de recomendar a la Gobernadora de que esta inversi\u00f3n puede ser aprobada dentro de la primera semana de junio\u00bb, expres\u00f3 la Consejera.<\/p>\n<p style=\"text-align: justify;\">Un resultado de di\u00e1logos que dej\u00f3 sumamente satisfecho al alcalde Julio Uribe, quien afirm\u00f3: \u00abComo alcalde de la comuna para m\u00ed es muy importante estas presentaciones, porque son lo que sensibilizan a los Consejeros para que puedan aprobar un financiamiento. Por primera vez un municipio est\u00e1 presentando un proyecto de puente, un puente que va a tener es una inversi\u00f3n sobre los 5 mil millones de pesos, por lo tanto, este es la primera etapa que es la parte de dise\u00f1o y esperar de que podamos obtener los recursos para el dise\u00f1o y luego avanzar en poder concretar este proyecto\u00bb.<\/p>\n<p style=\"text-align: justify;\">Se espera que el proyecto pase a tabla del Consejo Regional durante el mes de junio.<\/p>\n<\/div><\/section><\/div><div  style='height:50px' class='hr hr-invisible   avia-builder-el-6  el_after_av_one_full  el_before_av_social_share '><span class='hr-inner ' ><span class='hr-inner-style'><\/span><\/span><\/div><\/p>\n<div  class='av-social-sharing-box  avia-builder-el-7  el_after_av_hr  el_before_av_hr  '><div class='av-share-box'><h5 class='av-share-link-description av-no-toc '>Compartir esta noticia<\/h5><ul class='av-share-box-list noLightbox'><li class='av-share-link av-social-link-facebook' ><a target=\"_blank\" aria-label=\"Compartir en Facebook\" href='https:\/\/www.facebook.com\/sharer.php?u=https:\/\/radiorevelacionfm.cl\/?p=17226&#038;t=Gobernadora%20compromete%20apoyo%20para%20el%20financiamiento%20de%20la%20reposici%C3%B3n%20del%20Puente%20Gran%20Pangal%20en%20Ays%C3%A9n' aria-hidden='false' data-av_icon='\ue8f3' data-av_iconfont='entypo-fontello' title='' data-avia-related-tooltip='Compartir en Facebook' rel=\"noopener\"><span class='avia_hidden_link_text'>Compartir en Facebook<\/span><\/a><\/li><li class='av-share-link av-social-link-twitter' ><a target=\"_blank\" aria-label=\"Compartir en Twitter\" href='https:\/\/twitter.com\/share?text=Gobernadora%20compromete%20apoyo%20para%20el%20financiamiento%20de%20la%20reposici%C3%B3n%20del%20Puente%20Gran%20Pangal%20en%20Ays%C3%A9n&#038;url=https:\/\/radiorevelacionfm.cl\/?p=17226' aria-hidden='false' data-av_icon='\ue8f1' data-av_iconfont='entypo-fontello' title='' data-avia-related-tooltip='Compartir en Twitter' rel=\"noopener\"><span class='avia_hidden_link_text'>Compartir en Twitter<\/span><\/a><\/li><li class='av-share-link av-social-link-whatsapp' ><a target=\"_blank\" aria-label=\"Compartir en Whatsapp\" href='https:\/\/api.whatsapp.com\/send?text=https:\/\/radiorevelacionfm.cl\/?p=17226' aria-hidden='false' data-av_icon='\uf232' data-av_iconfont='entypo-fontello' title='' data-avia-related-tooltip='Compartir en Whatsapp' rel=\"noopener\"><span class='avia_hidden_link_text'>Compartir en Whatsapp<\/span><\/a><\/li><li class='av-share-link av-social-link-linkedin' ><a target=\"_blank\" aria-label=\"Compartir en LinkedIn\" href='https:\/\/linkedin.com\/shareArticle?mini=true&#038;title=Gobernadora%20compromete%20apoyo%20para%20el%20financiamiento%20de%20la%20reposici%C3%B3n%20del%20Puente%20Gran%20Pangal%20en%20Ays%C3%A9n&#038;url=https:\/\/radiorevelacionfm.cl\/?p=17226' aria-hidden='false' data-av_icon='\ue8fc' data-av_iconfont='entypo-fontello' title='' data-avia-related-tooltip='Compartir en LinkedIn' rel=\"noopener\"><span class='avia_hidden_link_text'>Compartir en LinkedIn<\/span><\/a><\/li><li class='av-share-link av-social-link-mail' ><a  aria-label=\"Compartir por correo\" href='mailto:?subject=Gobernadora%20compromete%20apoyo%20para%20el%20financiamiento%20de%20la%20reposici%C3%B3n%20del%20Puente%20Gran%20Pangal%20en%20Ays%C3%A9n&#038;body=https:\/\/radiorevelacionfm.cl\/?p=17226' aria-hidden='false' data-av_icon='\ue805' data-av_iconfont='entypo-fontello' title='' data-avia-related-tooltip='Compartir por correo'><span class='avia_hidden_link_text'>Compartir por correo<\/span><\/a><\/li><\/ul><\/div><\/div>\n<div  style='height:50px' class='hr hr-invisible   avia-builder-el-8  el_after_av_social_share  el_before_av_comments_list '><span class='hr-inner ' ><span class='hr-inner-style'><\/span><\/span><\/div>\n<div  class='av-buildercomment  av-blog-meta-html-info-disabled av-blog-meta-tag-disabled  '><\/div>\n","protected":false},"excerpt":{"rendered":"","protected":false},"author":1,"featured_media":17227,"comment_status":"open","ping_status":"open","sticky":false,"template":"","format":"standard","meta":{"footnotes":""},"categories":[38],"tags":[],"class_list":["post-17226","post","type-post","status-publish","format-standard","has-post-thumbnail","hentry","category-regional"],"jetpack_featured_media_url":"https:\/\/radiorevelacionfm.cl\/wp-content\/uploads\/2022\/05\/foto-1-14-1_optimized.jpeg","_links":{"self":[{"href":"https:\/\/radiorevelacionfm.cl\/index.php?rest_route=\/wp\/v2\/posts\/17226","targetHints":{"allow":["GET"]}}],"collection":[{"href":"https:\/\/radiorevelacionfm.cl\/index.php?rest_route=\/wp\/v2\/posts"}],"about":[{"href":"https:\/\/radiorevelacionfm.cl\/index.php?rest_route=\/wp\/v2\/types\/post"}],"author":[{"embeddable":true,"href":"https:\/\/radiorevelacionfm.cl\/index.php?rest_route=\/wp\/v2\/users\/1"}],"replies":[{"embeddable":true,"href":"https:\/\/radiorevelacionfm.cl\/index.php?rest_route=%2Fwp%2Fv2%2Fcomments&post=17226"}],"version-history":[{"count":2,"href":"https:\/\/radiorevelacionfm.cl\/index.php?rest_route=\/wp\/v2\/posts\/17226\/revisions"}],"predecessor-version":[{"id":17230,"href":"https:\/\/radiorevelacionfm.cl\/index.php?rest_route=\/wp\/v2\/posts\/17226\/revisions\/17230"}],"wp:featuredmedia":[{"embeddable":true,"href":"https:\/\/radiorevelacionfm.cl\/index.php?rest_route=\/wp\/v2\/media\/17227"}],"wp:attachment":[{"href":"https:\/\/radiorevelacionfm.cl\/index.php?rest_route=%2Fwp%2Fv2%2Fmedia&parent=17226"}],"wp:term":[{"taxonomy":"category","embeddable":true,"href":"https:\/\/radiorevelacionfm.cl\/index.php?rest_route=%2Fwp%2Fv2%2Fcategories&post=17226"},{"taxonomy":"post_tag","embeddable":true,"href":"https:\/\/radiorevelacionfm.cl\/index.php?rest_route=%2Fwp%2Fv2%2Ftags&post=17226"}],"curies":[{"name":"wp","href":"https:\/\/api.w.org\/{rel}","templated":true}]}}