{"id":17222,"date":"2022-05-26T11:10:29","date_gmt":"2022-05-26T14:10:29","guid":{"rendered":"https:\/\/radiorevelacionfm.cl\/?p=17222"},"modified":"2022-05-26T11:10:29","modified_gmt":"2022-05-26T14:10:29","slug":"seremi-de-justicia-y-derechos-humanos-desarrollo-importante-agenda-de-trabajo-en-puerto-cisnes","status":"publish","type":"post","link":"https:\/\/radiorevelacionfm.cl\/?p=17222","title":{"rendered":"Seremi de Justicia y Derechos Humanos desarroll\u00f3 importante agenda de trabajo en Puerto Cisnes"},"content":{"rendered":"<div class=\"flex_column av_one_full  flex_column_div av-zero-column-padding first  avia-builder-el-0  el_before_av_one_full  avia-builder-el-first  \" style='border-radius:0px; '><div  class='avia-image-container  av-styling-    avia-builder-el-1  avia-builder-el-no-sibling  avia-align-center '  itemprop=\"image\" itemscope=\"itemscope\" itemtype=\"https:\/\/schema.org\/ImageObject\"  ><div class='avia-image-container-inner'><div class='avia-image-overlay-wrap'><img decoding=\"async\" class='wp-image-17223 avia-img-lazy-loading-not-17223 avia_image' src=\"https:\/\/radiorevelacionfm.cl\/wp-content\/uploads\/2022\/05\/defensoria-cisnes1-1-1.jpg\" alt='' title='defensor\u00eda cisnes1 (1) (1)' height=\"600\" width=\"922\"  itemprop=\"thumbnailUrl\" srcset=\"https:\/\/radiorevelacionfm.cl\/wp-content\/uploads\/2022\/05\/defensoria-cisnes1-1-1.jpg 922w, https:\/\/radiorevelacionfm.cl\/wp-content\/uploads\/2022\/05\/defensoria-cisnes1-1-1-300x195.jpg 300w, https:\/\/radiorevelacionfm.cl\/wp-content\/uploads\/2022\/05\/defensoria-cisnes1-1-1-768x500.jpg 768w, https:\/\/radiorevelacionfm.cl\/wp-content\/uploads\/2022\/05\/defensoria-cisnes1-1-1-705x459.jpg 705w, https:\/\/radiorevelacionfm.cl\/wp-content\/uploads\/2022\/05\/defensoria-cisnes1-1-1-600x390.jpg 600w\" sizes=\"(max-width: 922px) 100vw, 922px\" \/><\/div><\/div><\/div><\/div><div class=\"flex_column av_one_full  flex_column_div av-zero-column-padding first  avia-builder-el-2  el_after_av_one_full  el_before_av_one_full  column-top-margin\" style='border-radius:0px; '><section class=\"av_textblock_section \"  itemscope=\"itemscope\" itemtype=\"https:\/\/schema.org\/BlogPosting\" itemprop=\"blogPost\" ><div class='avia_textblock  '   itemprop=\"text\" ><p style=\"text-align: center;\"><span style=\"font-size: 18pt;\"><strong>Seremi de Justicia y Derechos Humanos desarroll\u00f3 importante agenda de trabajo en Puerto Cisnes\u00a0 <\/strong><\/span><\/p>\n<div id=\"gtx-trans\" style=\"position: absolute; left: -50px; top: 4.31534px;\">\n<div class=\"gtx-trans-icon\"><\/div>\n<\/div>\n<\/div><\/section><\/div><div class=\"flex_column av_one_full  flex_column_div av-zero-column-padding first  avia-builder-el-4  el_after_av_one_full  el_before_av_hr  column-top-margin\" style='border-radius:0px; '><section class=\"av_textblock_section \"  itemscope=\"itemscope\" itemtype=\"https:\/\/schema.org\/BlogPosting\" itemprop=\"blogPost\" ><div class='avia_textblock  '   itemprop=\"text\" ><p style=\"text-align: justify;\">Una intensa agenda de trabajo desarroll\u00f3 el Seremi de Justicia y Derechos Humanos Samuel Navarro Castro la jornada de este martes en Puerto Cisnes, instancia que ten\u00eda como objetivo conocer a los funcionarios y funcionarias, y las dependencias en las que se desempe\u00f1an los servicios dependientes y relacionados del Ministerio de Justicia y Derechos Humanos en esta localidad.<\/p>\n<p style=\"text-align: justify;\">En la oportunidad, la autoridad regional visit\u00f3 las oficinas del Servicio de Registro Civil e Identificaci\u00f3n, la Defensor\u00eda Penal P\u00fablica y la Corporaci\u00f3n de Asistencia Judicial, as\u00ed tambi\u00e9n se reuni\u00f3 con el alcalde (s) de la Ilustre Municipalidad de Cisnes Jorge Moya.<\/p>\n<p style=\"text-align: justify;\">Tras reunirse con los funcionarios que se desempe\u00f1an en los servicios del sector, el Seremi Samuel Navarro Castro explic\u00f3 que \u201cnos parece una prioridad, constatar la situaci\u00f3n de cada uno de los servicios relacionados y de las condiciones en que est\u00e1n los y las trabajadores y trabajadoras, para de primera fuente, saber c\u00f3mo se est\u00e1n prestando sus servicios a la comunidad y c\u00f3mo podemos contribuir a mejorar la atenci\u00f3n que se brinda a la ciudadan\u00eda, superando brechas y cooperar para la entrega de una mejor labor en esa localidad\u201d.<\/p>\n<p style=\"text-align: justify;\">En el contexto de su visita a los servicios p\u00fablicos dependientes de la cartera, la autoridad regional visit\u00f3 dos medios locales, instancia que le permiti\u00f3 difundir los principales lineamientos e iniciativas que lleva adelante la cartera de Justicia y DDHH en esta localidad.<\/p>\n<p style=\"text-align: justify;\">Finalmente, cabe mencionar que, en las pr\u00f3ximas semanas el Seremi de Justicia y Derechos Humanos Samuel Navarro Castro, se desplazar\u00e1 hacia la zona sur de la regi\u00f3n, vale decir Chile Chico y Cochrane para replicar dicha acci\u00f3n en ambas localidades.<\/p>\n<\/div><\/section><\/div><div  style='height:50px' class='hr hr-invisible   avia-builder-el-6  el_after_av_one_full  el_before_av_social_share '><span class='hr-inner ' ><span class='hr-inner-style'><\/span><\/span><\/div><\/p>\n<div  class='av-social-sharing-box  avia-builder-el-7  el_after_av_hr  el_before_av_hr  '><div class='av-share-box'><h5 class='av-share-link-description av-no-toc '>Compartir esta noticia<\/h5><ul class='av-share-box-list noLightbox'><li class='av-share-link av-social-link-facebook' ><a target=\"_blank\" aria-label=\"Compartir en Facebook\" href='https:\/\/www.facebook.com\/sharer.php?u=https:\/\/radiorevelacionfm.cl\/?p=17222&#038;t=Seremi%20de%20Justicia%20y%20Derechos%20Humanos%20desarroll%C3%B3%20importante%20agenda%20de%20trabajo%20en%20Puerto%20Cisnes' aria-hidden='false' data-av_icon='\ue8f3' data-av_iconfont='entypo-fontello' title='' data-avia-related-tooltip='Compartir en Facebook' rel=\"noopener\"><span class='avia_hidden_link_text'>Compartir en Facebook<\/span><\/a><\/li><li class='av-share-link av-social-link-twitter' ><a target=\"_blank\" aria-label=\"Compartir en Twitter\" href='https:\/\/twitter.com\/share?text=Seremi%20de%20Justicia%20y%20Derechos%20Humanos%20desarroll%C3%B3%20importante%20agenda%20de%20trabajo%20en%20Puerto%20Cisnes&#038;url=https:\/\/radiorevelacionfm.cl\/?p=17222' aria-hidden='false' data-av_icon='\ue8f1' data-av_iconfont='entypo-fontello' title='' data-avia-related-tooltip='Compartir en Twitter' rel=\"noopener\"><span class='avia_hidden_link_text'>Compartir en Twitter<\/span><\/a><\/li><li class='av-share-link av-social-link-whatsapp' ><a target=\"_blank\" aria-label=\"Compartir en Whatsapp\" href='https:\/\/api.whatsapp.com\/send?text=https:\/\/radiorevelacionfm.cl\/?p=17222' aria-hidden='false' data-av_icon='\uf232' data-av_iconfont='entypo-fontello' title='' data-avia-related-tooltip='Compartir en Whatsapp' rel=\"noopener\"><span class='avia_hidden_link_text'>Compartir en Whatsapp<\/span><\/a><\/li><li class='av-share-link av-social-link-linkedin' ><a target=\"_blank\" aria-label=\"Compartir en LinkedIn\" href='https:\/\/linkedin.com\/shareArticle?mini=true&#038;title=Seremi%20de%20Justicia%20y%20Derechos%20Humanos%20desarroll%C3%B3%20importante%20agenda%20de%20trabajo%20en%20Puerto%20Cisnes&#038;url=https:\/\/radiorevelacionfm.cl\/?p=17222' aria-hidden='false' data-av_icon='\ue8fc' data-av_iconfont='entypo-fontello' title='' data-avia-related-tooltip='Compartir en LinkedIn' rel=\"noopener\"><span class='avia_hidden_link_text'>Compartir en LinkedIn<\/span><\/a><\/li><li class='av-share-link av-social-link-mail' ><a  aria-label=\"Compartir por correo\" href='mailto:?subject=Seremi%20de%20Justicia%20y%20Derechos%20Humanos%20desarroll%C3%B3%20importante%20agenda%20de%20trabajo%20en%20Puerto%20Cisnes&#038;body=https:\/\/radiorevelacionfm.cl\/?p=17222' aria-hidden='false' data-av_icon='\ue805' data-av_iconfont='entypo-fontello' title='' data-avia-related-tooltip='Compartir por correo'><span class='avia_hidden_link_text'>Compartir por correo<\/span><\/a><\/li><\/ul><\/div><\/div>\n<div  style='height:50px' class='hr hr-invisible   avia-builder-el-8  el_after_av_social_share  el_before_av_comments_list '><span class='hr-inner ' ><span class='hr-inner-style'><\/span><\/span><\/div>\n<div  class='av-buildercomment  av-blog-meta-html-info-disabled av-blog-meta-tag-disabled  '><\/div>\n","protected":false},"excerpt":{"rendered":"","protected":false},"author":1,"featured_media":17223,"comment_status":"open","ping_status":"open","sticky":false,"template":"","format":"standard","meta":{"footnotes":""},"categories":[55],"tags":[],"class_list":["post-17222","post","type-post","status-publish","format-standard","has-post-thumbnail","hentry","category-justicia"],"jetpack_featured_media_url":"https:\/\/radiorevelacionfm.cl\/wp-content\/uploads\/2022\/05\/defensoria-cisnes1-1-1.jpg","_links":{"self":[{"href":"https:\/\/radiorevelacionfm.cl\/index.php?rest_route=\/wp\/v2\/posts\/17222","targetHints":{"allow":["GET"]}}],"collection":[{"href":"https:\/\/radiorevelacionfm.cl\/index.php?rest_route=\/wp\/v2\/posts"}],"about":[{"href":"https:\/\/radiorevelacionfm.cl\/index.php?rest_route=\/wp\/v2\/types\/post"}],"author":[{"embeddable":true,"href":"https:\/\/radiorevelacionfm.cl\/index.php?rest_route=\/wp\/v2\/users\/1"}],"replies":[{"embeddable":true,"href":"https:\/\/radiorevelacionfm.cl\/index.php?rest_route=%2Fwp%2Fv2%2Fcomments&post=17222"}],"version-history":[{"count":2,"href":"https:\/\/radiorevelacionfm.cl\/index.php?rest_route=\/wp\/v2\/posts\/17222\/revisions"}],"predecessor-version":[{"id":17225,"href":"https:\/\/radiorevelacionfm.cl\/index.php?rest_route=\/wp\/v2\/posts\/17222\/revisions\/17225"}],"wp:featuredmedia":[{"embeddable":true,"href":"https:\/\/radiorevelacionfm.cl\/index.php?rest_route=\/wp\/v2\/media\/17223"}],"wp:attachment":[{"href":"https:\/\/radiorevelacionfm.cl\/index.php?rest_route=%2Fwp%2Fv2%2Fmedia&parent=17222"}],"wp:term":[{"taxonomy":"category","embeddable":true,"href":"https:\/\/radiorevelacionfm.cl\/index.php?rest_route=%2Fwp%2Fv2%2Fcategories&post=17222"},{"taxonomy":"post_tag","embeddable":true,"href":"https:\/\/radiorevelacionfm.cl\/index.php?rest_route=%2Fwp%2Fv2%2Ftags&post=17222"}],"curies":[{"name":"wp","href":"https:\/\/api.w.org\/{rel}","templated":true}]}}