{"id":17214,"date":"2022-05-26T10:26:45","date_gmt":"2022-05-26T13:26:45","guid":{"rendered":"https:\/\/radiorevelacionfm.cl\/?p=17214"},"modified":"2022-05-26T10:41:05","modified_gmt":"2022-05-26T13:41:05","slug":"diputada-raphael-la-inflacion-y-el-alza-de-los-combustibles-nos-estan-pegando-fuerte","status":"publish","type":"post","link":"https:\/\/radiorevelacionfm.cl\/?p=17214","title":{"rendered":"Diputada Raphael \u201cLa inflaci\u00f3n y el alza de los combustibles nos est\u00e1n pegando fuerte\u201d"},"content":{"rendered":"<div class=\"flex_column av_one_full  flex_column_div av-zero-column-padding first  avia-builder-el-0  el_before_av_one_full  avia-builder-el-first  \" style='border-radius:0px; '><div  class='avia-image-container  av-styling-    avia-builder-el-1  avia-builder-el-no-sibling  avia-align-center '  itemprop=\"image\" itemscope=\"itemscope\" itemtype=\"https:\/\/schema.org\/ImageObject\"  ><div class='avia-image-container-inner'><div class='avia-image-overlay-wrap'><img decoding=\"async\" class='wp-image-17219 avia-img-lazy-loading-not-17219 avia_image' src=\"https:\/\/radiorevelacionfm.cl\/wp-content\/uploads\/2022\/05\/Combustibles-Cochrane1-1-1.jpg\" alt='' title='Combustibles Cochrane1 (1) (1)' height=\"600\" width=\"765\"  itemprop=\"thumbnailUrl\" srcset=\"https:\/\/radiorevelacionfm.cl\/wp-content\/uploads\/2022\/05\/Combustibles-Cochrane1-1-1.jpg 765w, https:\/\/radiorevelacionfm.cl\/wp-content\/uploads\/2022\/05\/Combustibles-Cochrane1-1-1-300x235.jpg 300w, https:\/\/radiorevelacionfm.cl\/wp-content\/uploads\/2022\/05\/Combustibles-Cochrane1-1-1-705x553.jpg 705w, https:\/\/radiorevelacionfm.cl\/wp-content\/uploads\/2022\/05\/Combustibles-Cochrane1-1-1-600x471.jpg 600w\" sizes=\"(max-width: 765px) 100vw, 765px\" \/><\/div><\/div><\/div><\/div><div class=\"flex_column av_one_full  flex_column_div av-zero-column-padding first  avia-builder-el-2  el_after_av_one_full  el_before_av_one_full  column-top-margin\" style='border-radius:0px; '><section class=\"av_textblock_section \"  itemscope=\"itemscope\" itemtype=\"https:\/\/schema.org\/BlogPosting\" itemprop=\"blogPost\" ><div class='avia_textblock  '   itemprop=\"text\" ><p style=\"text-align: center;\"><span style=\"font-size: 18pt;\"><strong>Diputada Raphael \u201cLa inflaci\u00f3n y el alza de los combustibles nos est\u00e1n pegando fuerte\u201d <\/strong><\/span><\/p>\n<div id=\"gtx-trans\" style=\"position: absolute; left: -50px; top: 4.31534px;\">\n<div class=\"gtx-trans-icon\"><\/div>\n<\/div>\n<\/div><\/section><\/div><\/p>\n<div class=\"flex_column av_one_full  flex_column_div av-zero-column-padding first  avia-builder-el-4  el_after_av_one_full  el_before_av_hr  column-top-margin\" style='border-radius:0px; '><section class=\"av_textblock_section \"  itemscope=\"itemscope\" itemtype=\"https:\/\/schema.org\/BlogPosting\" itemprop=\"blogPost\" ><div class='avia_textblock  '   itemprop=\"text\" ><p style=\"text-align: justify;\"><em>La inflaci\u00f3n sigue impactando sin descanso en la econom\u00eda de las familias chilenas y para la Regi\u00f3n de Ays\u00e9n resulta preocupante la situaci\u00f3n vivida producto de las elevadas cifras de los combustibles y el kerosene, el que durante los \u00faltimos d\u00edas ha registrado sus alzas m\u00e1s importantes, donde en algunas comunas ya bordea los mil cuatrocientos pesos, considerando adem\u00e1s, que es uno de los principales insumos de las familias ayseninas que mantienen sistemas de calefacci\u00f3n con parafina. <\/em><\/p>\n<p style=\"text-align: justify;\">En tal sentido, la C\u00e1mara de Diputados aprob\u00f3 y despach\u00f3 proyecto de ley con una inyecci\u00f3n de recursos al Fondo de Estabilizaci\u00f3n de Precios del Petr\u00f3leo (FEPP), que permitir\u00e1 disminuir el precio de la parafina en el pa\u00eds. De esta manera, la iniciativa introducir\u00eda 40 millones de d\u00f3lares el fondo para estabilizar el valor por litro de parafina en torno a los mil pesos aproximadamente durante los meses de invierno.<\/p>\n<p style=\"text-align: justify;\">Frente a ello, la Diputada Raphael agreg\u00f3 \u201cestamos muy preocupados por la importante alza en los precios de los combustibles, por lo que iniciativas como la inyecci\u00f3n de recursos al fondo de estabilizaci\u00f3n son altamente valorados, pero en base a la realidad de nuestra regi\u00f3n, el coste sigue siendo extremadamente alto, por lo que necesitamos medidas especiales para la regi\u00f3n de Ays\u00e9n. Situaci\u00f3n que hoy m\u00e1s que nunca se justifica ante la inflaci\u00f3n que vive nuestro pa\u00eds, la cual nos est\u00e1 pegando muy fuerte\u201d.<\/p>\n<p style=\"text-align: justify;\">En tal sentido, ante el complejo escenario de las localidades m\u00e1s apartadas de la regi\u00f3n,<\/p>\n<p style=\"text-align: justify;\">el consejero por la Provincia Capit\u00e1n Prat V\u00edctor Escobar, destac\u00f3 \u201cen la Provincia Capit\u00e1n Prat, vemos a\u00fan mas acentuada la problem\u00e1tica de los altos precios de los combustibles, pues es un insumo sumamente necesario para el funcionamiento tanto del transporte p\u00fablico como privado, adem\u00e1s de los equipos de calefacci\u00f3n y para los trabajos que diariamente se realizan en el rubro forestal\u201d.<\/p>\n<p style=\"text-align: justify;\">As\u00ed mismo, con el objetivo de disminuir los niveles de contaminaci\u00f3n, se realizaron cambios voluntarios en el sistema de calefacci\u00f3n de las familias de las comunas como Puerto Ays\u00e9n, Coyhaique y Cochrane, lo cual impact\u00f3 positivamente en los niveles de contaminaci\u00f3n en las distintas localidades, pero que en la actualidad es foco de preocupaci\u00f3n para las familias, puesto han visto afectada su econom\u00eda debido al uso diario de la parafina, donde muchos de ellos, ven como soluci\u00f3n volver a la le\u00f1a. \u201cEsperamos que las autoridades puedan tener una visi\u00f3n local con cada una de las necesidades que nos demandan los vecinos\u201d, acentu\u00f3 el consejero regional por Capit\u00e1n Prat, V\u00edctor Escobar.<\/p>\n<p style=\"text-align: justify;\">Por su parte, la legisladora en conversaci\u00f3n con el consejero Escobar, tambi\u00e9n se refiri\u00f3 a la preocupante situaci\u00f3n de la entrega del bono le\u00f1a, donde existen familias que han obtenido este beneficio durante a\u00f1os anteriores y que hoy pese a pertenecer al 40% m\u00e1s vulnerable, quedaron fuera de este beneficio, lo cual ha provocado que quienes m\u00e1s lo necesitan, no cuenten con este importante recurso para la adquisici\u00f3n de alg\u00fan tipo combustible.<\/p>\n<p style=\"text-align: justify;\">Finalmente, la Diputada Raphael coment\u00f3 que junto a los diputados Miguel \u00c1ngel Calisto y Ren\u00e9 Alinco, buscan reunirse a la brevedad posible con la primera autoridad de la naci\u00f3n, para presentar este problema y buscar acciones conjuntas para una pronta soluci\u00f3n ante los elevados precios de los combustibles y kerosene.<\/p>\n<\/div><\/section><\/div>\n<div  style='height:50px' class='hr hr-invisible   avia-builder-el-6  el_after_av_one_full  el_before_av_social_share '><span class='hr-inner ' ><span class='hr-inner-style'><\/span><\/span><\/div>\n<div  class='av-social-sharing-box  avia-builder-el-7  el_after_av_hr  el_before_av_hr  '><div class='av-share-box'><h5 class='av-share-link-description av-no-toc '>Compartir esta noticia<\/h5><ul class='av-share-box-list noLightbox'><li class='av-share-link av-social-link-facebook' ><a target=\"_blank\" aria-label=\"Compartir en Facebook\" href='https:\/\/www.facebook.com\/sharer.php?u=https:\/\/radiorevelacionfm.cl\/?p=17214&#038;t=Diputada%20Raphael%20%E2%80%9CLa%20inflaci%C3%B3n%20y%20el%20alza%20de%20los%20combustibles%20nos%20est%C3%A1n%20pegando%20fuerte%E2%80%9D' aria-hidden='false' data-av_icon='\ue8f3' data-av_iconfont='entypo-fontello' title='' data-avia-related-tooltip='Compartir en Facebook' rel=\"noopener\"><span class='avia_hidden_link_text'>Compartir en Facebook<\/span><\/a><\/li><li class='av-share-link av-social-link-twitter' ><a target=\"_blank\" aria-label=\"Compartir en Twitter\" href='https:\/\/twitter.com\/share?text=Diputada%20Raphael%20%E2%80%9CLa%20inflaci%C3%B3n%20y%20el%20alza%20de%20los%20combustibles%20nos%20est%C3%A1n%20pegando%20fuerte%E2%80%9D&#038;url=https:\/\/radiorevelacionfm.cl\/?p=17214' aria-hidden='false' data-av_icon='\ue8f1' data-av_iconfont='entypo-fontello' title='' data-avia-related-tooltip='Compartir en Twitter' rel=\"noopener\"><span class='avia_hidden_link_text'>Compartir en Twitter<\/span><\/a><\/li><li class='av-share-link av-social-link-whatsapp' ><a target=\"_blank\" aria-label=\"Compartir en Whatsapp\" href='https:\/\/api.whatsapp.com\/send?text=https:\/\/radiorevelacionfm.cl\/?p=17214' aria-hidden='false' data-av_icon='\uf232' data-av_iconfont='entypo-fontello' title='' data-avia-related-tooltip='Compartir en Whatsapp' rel=\"noopener\"><span class='avia_hidden_link_text'>Compartir en Whatsapp<\/span><\/a><\/li><li class='av-share-link av-social-link-linkedin' ><a target=\"_blank\" aria-label=\"Compartir en LinkedIn\" href='https:\/\/linkedin.com\/shareArticle?mini=true&#038;title=Diputada%20Raphael%20%E2%80%9CLa%20inflaci%C3%B3n%20y%20el%20alza%20de%20los%20combustibles%20nos%20est%C3%A1n%20pegando%20fuerte%E2%80%9D&#038;url=https:\/\/radiorevelacionfm.cl\/?p=17214' aria-hidden='false' data-av_icon='\ue8fc' data-av_iconfont='entypo-fontello' title='' data-avia-related-tooltip='Compartir en LinkedIn' rel=\"noopener\"><span class='avia_hidden_link_text'>Compartir en LinkedIn<\/span><\/a><\/li><li class='av-share-link av-social-link-mail' ><a  aria-label=\"Compartir por correo\" href='mailto:?subject=Diputada%20Raphael%20%E2%80%9CLa%20inflaci%C3%B3n%20y%20el%20alza%20de%20los%20combustibles%20nos%20est%C3%A1n%20pegando%20fuerte%E2%80%9D&#038;body=https:\/\/radiorevelacionfm.cl\/?p=17214' aria-hidden='false' data-av_icon='\ue805' data-av_iconfont='entypo-fontello' title='' data-avia-related-tooltip='Compartir por correo'><span class='avia_hidden_link_text'>Compartir por correo<\/span><\/a><\/li><\/ul><\/div><\/div>\n<div  style='height:50px' class='hr hr-invisible   avia-builder-el-8  el_after_av_social_share  el_before_av_comments_list '><span class='hr-inner ' ><span class='hr-inner-style'><\/span><\/span><\/div>\n<div  class='av-buildercomment  av-blog-meta-html-info-disabled av-blog-meta-tag-disabled  '><\/div>\n","protected":false},"excerpt":{"rendered":"","protected":false},"author":1,"featured_media":17219,"comment_status":"open","ping_status":"open","sticky":false,"template":"","format":"standard","meta":{"footnotes":""},"categories":[35],"tags":[],"class_list":["post-17214","post","type-post","status-publish","format-standard","has-post-thumbnail","hentry","category-politica"],"jetpack_featured_media_url":"https:\/\/radiorevelacionfm.cl\/wp-content\/uploads\/2022\/05\/Combustibles-Cochrane1-1-1.jpg","_links":{"self":[{"href":"https:\/\/radiorevelacionfm.cl\/index.php?rest_route=\/wp\/v2\/posts\/17214","targetHints":{"allow":["GET"]}}],"collection":[{"href":"https:\/\/radiorevelacionfm.cl\/index.php?rest_route=\/wp\/v2\/posts"}],"about":[{"href":"https:\/\/radiorevelacionfm.cl\/index.php?rest_route=\/wp\/v2\/types\/post"}],"author":[{"embeddable":true,"href":"https:\/\/radiorevelacionfm.cl\/index.php?rest_route=\/wp\/v2\/users\/1"}],"replies":[{"embeddable":true,"href":"https:\/\/radiorevelacionfm.cl\/index.php?rest_route=%2Fwp%2Fv2%2Fcomments&post=17214"}],"version-history":[{"count":3,"href":"https:\/\/radiorevelacionfm.cl\/index.php?rest_route=\/wp\/v2\/posts\/17214\/revisions"}],"predecessor-version":[{"id":17218,"href":"https:\/\/radiorevelacionfm.cl\/index.php?rest_route=\/wp\/v2\/posts\/17214\/revisions\/17218"}],"wp:featuredmedia":[{"embeddable":true,"href":"https:\/\/radiorevelacionfm.cl\/index.php?rest_route=\/wp\/v2\/media\/17219"}],"wp:attachment":[{"href":"https:\/\/radiorevelacionfm.cl\/index.php?rest_route=%2Fwp%2Fv2%2Fmedia&parent=17214"}],"wp:term":[{"taxonomy":"category","embeddable":true,"href":"https:\/\/radiorevelacionfm.cl\/index.php?rest_route=%2Fwp%2Fv2%2Fcategories&post=17214"},{"taxonomy":"post_tag","embeddable":true,"href":"https:\/\/radiorevelacionfm.cl\/index.php?rest_route=%2Fwp%2Fv2%2Ftags&post=17214"}],"curies":[{"name":"wp","href":"https:\/\/api.w.org\/{rel}","templated":true}]}}