{"id":17207,"date":"2022-05-25T21:36:25","date_gmt":"2022-05-26T00:36:25","guid":{"rendered":"https:\/\/radiorevelacionfm.cl\/?p=17207"},"modified":"2022-05-25T21:36:25","modified_gmt":"2022-05-26T00:36:25","slug":"fiscalia-y-pdi-firman-convenio-que-fortalecera-la-persecucion-penal-de-los-delitos","status":"publish","type":"post","link":"https:\/\/radiorevelacionfm.cl\/?p=17207","title":{"rendered":"Fiscal\u00eda y PDI firman convenio que fortalecer\u00e1 la persecuci\u00f3n penal de los delitos"},"content":{"rendered":"<div class=\"flex_column av_one_full  flex_column_div av-zero-column-padding first  avia-builder-el-0  el_before_av_one_full  avia-builder-el-first  \" style='border-radius:0px; '><div  class='avia-image-container  av-styling-    avia-builder-el-1  avia-builder-el-no-sibling  avia-align-center '  itemprop=\"image\" itemscope=\"itemscope\" itemtype=\"https:\/\/schema.org\/ImageObject\"  ><div class='avia-image-container-inner'><div class='avia-image-overlay-wrap'><img decoding=\"async\" class='wp-image-17208 avia-img-lazy-loading-not-17208 avia_image' src=\"https:\/\/radiorevelacionfm.cl\/wp-content\/uploads\/2022\/05\/Firma-Convenio-MIP-Aysen-001-1-1.jpeg\" alt='' title='Firma Convenio MIP Ays\u00e9n 001 (1) (1)' height=\"600\" width=\"900\"  itemprop=\"thumbnailUrl\" srcset=\"https:\/\/radiorevelacionfm.cl\/wp-content\/uploads\/2022\/05\/Firma-Convenio-MIP-Aysen-001-1-1.jpeg 900w, https:\/\/radiorevelacionfm.cl\/wp-content\/uploads\/2022\/05\/Firma-Convenio-MIP-Aysen-001-1-1-300x200.jpeg 300w, https:\/\/radiorevelacionfm.cl\/wp-content\/uploads\/2022\/05\/Firma-Convenio-MIP-Aysen-001-1-1-768x512.jpeg 768w, https:\/\/radiorevelacionfm.cl\/wp-content\/uploads\/2022\/05\/Firma-Convenio-MIP-Aysen-001-1-1-705x470.jpeg 705w, https:\/\/radiorevelacionfm.cl\/wp-content\/uploads\/2022\/05\/Firma-Convenio-MIP-Aysen-001-1-1-600x400.jpeg 600w\" sizes=\"(max-width: 900px) 100vw, 900px\" \/><\/div><\/div><\/div><\/div><div class=\"flex_column av_one_full  flex_column_div av-zero-column-padding first  avia-builder-el-2  el_after_av_one_full  el_before_av_one_full  column-top-margin\" style='border-radius:0px; '><section class=\"av_textblock_section \"  itemscope=\"itemscope\" itemtype=\"https:\/\/schema.org\/BlogPosting\" itemprop=\"blogPost\" ><div class='avia_textblock  '   itemprop=\"text\" ><p style=\"text-align: center;\"><strong><span style=\"font-size: 18pt;\">Fiscal\u00eda y PDI firman convenio que fortalecer\u00e1 la persecuci\u00f3n penal de los delitos<\/span><\/strong><\/p>\n<div id=\"gtx-trans\" style=\"position: absolute; left: -50px; top: 4.31534px;\">\n<div class=\"gtx-trans-icon\"><\/div>\n<\/div>\n<\/div><\/section><\/div><div class=\"flex_column av_one_full  flex_column_div av-zero-column-padding first  avia-builder-el-4  el_after_av_one_full  el_before_av_hr  column-top-margin\" style='border-radius:0px; '><section class=\"av_textblock_section \"  itemscope=\"itemscope\" itemtype=\"https:\/\/schema.org\/BlogPosting\" itemprop=\"blogPost\" ><div class='avia_textblock  '   itemprop=\"text\" ><p style=\"text-align: justify;\">En una ceremonia efectuada en el Complejo Policial Coyhaique de la Polic\u00eda de Investigaciones, el Director General de la PDI, Sergio Mu\u00f1oz Y\u00e1\u00f1ez, y el Fiscal Regional de Ays\u00e9n, Carlos Palma Guerra, firmaron el convenio que establece las bases para un modelo de investigaci\u00f3n de delitos de mayor connotaci\u00f3n social, a fin de mejorar tanto en eficacia como en eficiencia.<\/p>\n<p style=\"text-align: justify;\">A la ceremonia asisti\u00f3 tambi\u00e9n el Subdirector de Investigaci\u00f3n Policial y Criminal\u00edstica, Prefecto General Lautaro Arias Berrocal, y el jefe de la Regi\u00f3n Policial de Ays\u00e9n, Prefecto Delf\u00edn Olgu\u00edn Donoso, junto a las m\u00e1ximas autoridades regionales, entre las que se incluye a la Gobernadora Regional, Andrea Mac\u00edas Palma, y el Delegado Presidencial Regional, Rodrigo Araya Morales, sumado a fiscales y polic\u00edas de la regi\u00f3n, ante quienes se puso en marcha el Modelo de Investigaci\u00f3n Preferente (MIP).<\/p>\n<p style=\"text-align: justify;\">Este modelo, el cual ya ha sido implementado en otras regiones del pa\u00eds, implica un trabajo entre la polic\u00eda y la fiscal\u00eda, priorizando las estrategias investigativas, potenciando la persecuci\u00f3n penal, generando nuevos sistemas innovadores de gesti\u00f3n, los cuales estar\u00e1n enfocados en delitos de alta complejidad y crimen organizado, bas\u00e1ndose en la inteligencia y el an\u00e1lisis criminal.<\/p>\n<p style=\"text-align: justify;\">HITO HIST\u00d3RICO<\/p>\n<p style=\"text-align: justify;\">Al respecto, el Director General de la PDI se\u00f1al\u00f3 que \u201choy d\u00eda estamos nuevamente haciendo un hito hist\u00f3rico en la Polic\u00eda de Investigaciones en un convenio generado con la Fiscal\u00eda Regional de Ays\u00e9n, con quien hemos suscrito un compromiso de trabajar en conjunto, especializando la investigaci\u00f3n de los delitos, haci\u00e9ndonos cargo de un modelo de investigaci\u00f3n preferente, que dice relaci\u00f3n con poner equipos de trabajo altamente capacitados para llevar adelante todas las investigaciones complejas y de crimen organizado.\u201d<\/p>\n<p style=\"text-align: justify;\">Por su parte el Fiscal Regional, Carlos Palma, mencion\u00f3 que \u201ceste Modelo constituye una herramienta general que nos va a permitir mayor tecnolog\u00eda, mayor innovaci\u00f3n, mejores canales de comunicaci\u00f3n y, a corto plazo, mejorar el resultado de la persecuci\u00f3n penal de los delitos\u201d.<\/p>\n<p style=\"text-align: justify;\">La principal autoridad del Ministerio P\u00fablico dijo que tambi\u00e9n se busca \u201cafianzar los lazos que ya existen y construir nuevos caminos a trav\u00e9s de la innovaci\u00f3n, que mejoren formas de persecuci\u00f3n; estoy pensando en mejores capacitaciones, herramientas tecnol\u00f3gicas de comunicaci\u00f3n, la digitalizaci\u00f3n al 100% que ya est\u00e1 ad portas para octubre de este a\u00f1o. Son todas herramientas que hacen que la persecuci\u00f3n sea m\u00e1s eficiente y que va a permitir evidentemente, tener mejores resultados\u201d.<\/p>\n<p style=\"text-align: justify;\">Carlos Palma agreg\u00f3 que \u201clos hechos de connotaci\u00f3n social p\u00fablica, como por ejemplo robo con violencia o robo con intimidaci\u00f3n, que son desgraciadamente habituales en el resto del pa\u00eds, ac\u00e1 no lo son, pero cuando ocurren, lo importante es que las polic\u00edas y Fiscal\u00eda, lo investiguen r\u00e1pidamente, se identifique a los culpables, se llegue a juicio y se les sancione ejemplarmente, tal cual como ha ocurrido hasta el momento\u201d.<\/p>\n<p style=\"text-align: justify;\">AUTORIDADES<\/p>\n<p style=\"text-align: justify;\">La Gobernadora Regional, Andrea Mac\u00edas Palma, dijo al respecto \u201cpara nosotros como Gobierno Regional participar de este hito es muy relevante, entendemos que las materias de investigaci\u00f3n son fundamentales para que as\u00ed la comunidad pueda tener una respuesta eficiente por parte del sistema de justicia\u201d. En ese sentido agreg\u00f3, \u201centendemos que es fundamental poder fortalecer el rol de la Polic\u00eda de Investigaciones, tal como lo ha hecho el Gobierno Regional apoyando distintas iniciativas que permitan contar con brigadas que est\u00e9n altamente especializadas y que puedan contar con todo el equipamiento necesario para poder llevar adelante las investigaciones\u201d.<\/p>\n<p style=\"text-align: justify;\">A su vez, el Delegado Presidencial de Ays\u00e9n, Rodrigo Araya Morales, sostuvo que \u201cla importancia de este convenio regional es que, justamente, pone a disposici\u00f3n de la Fiscal\u00eda, todas las capacidades t\u00e9cnicas de la Polic\u00eda de Investigaciones y por eso se llama Modelo de Investigaci\u00f3n Preferente. De esta manera, la Polic\u00eda de Investigaciones va a poner a disposici\u00f3n de la Fiscal\u00eda los delitos que en nuestra regi\u00f3n tienen mayor connotaci\u00f3n, ya sean delitos medio ambientales, financieros o de corrupci\u00f3n. Ah\u00ed est\u00e1 la fortaleza e importancia de este convenio, que consideramos muy importante para que la polic\u00eda con su alta capacidad investigativa pueda aportar a todos los procesos, seg\u00fan las prioridades de nuestra regi\u00f3n\u201d.<\/p>\n<\/div><\/section><\/div><div  style='height:50px' class='hr hr-invisible   avia-builder-el-6  el_after_av_one_full  el_before_av_social_share '><span class='hr-inner ' ><span class='hr-inner-style'><\/span><\/span><\/div><\/p>\n<div  class='av-social-sharing-box  avia-builder-el-7  el_after_av_hr  el_before_av_hr  '><div class='av-share-box'><h5 class='av-share-link-description av-no-toc '>Compartir esta noticia<\/h5><ul class='av-share-box-list noLightbox'><li class='av-share-link av-social-link-facebook' ><a target=\"_blank\" aria-label=\"Compartir en Facebook\" href='https:\/\/www.facebook.com\/sharer.php?u=https:\/\/radiorevelacionfm.cl\/?p=17207&#038;t=Fiscal%C3%ADa%20y%20PDI%20firman%20convenio%20que%20fortalecer%C3%A1%20la%20persecuci%C3%B3n%20penal%20de%20los%20delitos' aria-hidden='false' data-av_icon='\ue8f3' data-av_iconfont='entypo-fontello' title='' data-avia-related-tooltip='Compartir en Facebook' rel=\"noopener\"><span class='avia_hidden_link_text'>Compartir en Facebook<\/span><\/a><\/li><li class='av-share-link av-social-link-twitter' ><a target=\"_blank\" aria-label=\"Compartir en Twitter\" href='https:\/\/twitter.com\/share?text=Fiscal%C3%ADa%20y%20PDI%20firman%20convenio%20que%20fortalecer%C3%A1%20la%20persecuci%C3%B3n%20penal%20de%20los%20delitos&#038;url=https:\/\/radiorevelacionfm.cl\/?p=17207' aria-hidden='false' data-av_icon='\ue8f1' data-av_iconfont='entypo-fontello' title='' data-avia-related-tooltip='Compartir en Twitter' rel=\"noopener\"><span class='avia_hidden_link_text'>Compartir en Twitter<\/span><\/a><\/li><li class='av-share-link av-social-link-whatsapp' ><a target=\"_blank\" aria-label=\"Compartir en Whatsapp\" href='https:\/\/api.whatsapp.com\/send?text=https:\/\/radiorevelacionfm.cl\/?p=17207' aria-hidden='false' data-av_icon='\uf232' data-av_iconfont='entypo-fontello' title='' data-avia-related-tooltip='Compartir en Whatsapp' rel=\"noopener\"><span class='avia_hidden_link_text'>Compartir en Whatsapp<\/span><\/a><\/li><li class='av-share-link av-social-link-linkedin' ><a target=\"_blank\" aria-label=\"Compartir en LinkedIn\" href='https:\/\/linkedin.com\/shareArticle?mini=true&#038;title=Fiscal%C3%ADa%20y%20PDI%20firman%20convenio%20que%20fortalecer%C3%A1%20la%20persecuci%C3%B3n%20penal%20de%20los%20delitos&#038;url=https:\/\/radiorevelacionfm.cl\/?p=17207' aria-hidden='false' data-av_icon='\ue8fc' data-av_iconfont='entypo-fontello' title='' data-avia-related-tooltip='Compartir en LinkedIn' rel=\"noopener\"><span class='avia_hidden_link_text'>Compartir en LinkedIn<\/span><\/a><\/li><li class='av-share-link av-social-link-mail' ><a  aria-label=\"Compartir por correo\" href='mailto:?subject=Fiscal%C3%ADa%20y%20PDI%20firman%20convenio%20que%20fortalecer%C3%A1%20la%20persecuci%C3%B3n%20penal%20de%20los%20delitos&#038;body=https:\/\/radiorevelacionfm.cl\/?p=17207' aria-hidden='false' data-av_icon='\ue805' data-av_iconfont='entypo-fontello' title='' data-avia-related-tooltip='Compartir por correo'><span class='avia_hidden_link_text'>Compartir por correo<\/span><\/a><\/li><\/ul><\/div><\/div>\n<div  style='height:50px' class='hr hr-invisible   avia-builder-el-8  el_after_av_social_share  el_before_av_comments_list '><span class='hr-inner ' ><span class='hr-inner-style'><\/span><\/span><\/div>\n<div  class='av-buildercomment  av-blog-meta-html-info-disabled av-blog-meta-tag-disabled  '><\/div>\n","protected":false},"excerpt":{"rendered":"","protected":false},"author":1,"featured_media":17208,"comment_status":"open","ping_status":"open","sticky":false,"template":"","format":"standard","meta":{"footnotes":""},"categories":[36],"tags":[],"class_list":["post-17207","post","type-post","status-publish","format-standard","has-post-thumbnail","hentry","category-policial"],"jetpack_featured_media_url":"https:\/\/radiorevelacionfm.cl\/wp-content\/uploads\/2022\/05\/Firma-Convenio-MIP-Aysen-001-1-1.jpeg","_links":{"self":[{"href":"https:\/\/radiorevelacionfm.cl\/index.php?rest_route=\/wp\/v2\/posts\/17207","targetHints":{"allow":["GET"]}}],"collection":[{"href":"https:\/\/radiorevelacionfm.cl\/index.php?rest_route=\/wp\/v2\/posts"}],"about":[{"href":"https:\/\/radiorevelacionfm.cl\/index.php?rest_route=\/wp\/v2\/types\/post"}],"author":[{"embeddable":true,"href":"https:\/\/radiorevelacionfm.cl\/index.php?rest_route=\/wp\/v2\/users\/1"}],"replies":[{"embeddable":true,"href":"https:\/\/radiorevelacionfm.cl\/index.php?rest_route=%2Fwp%2Fv2%2Fcomments&post=17207"}],"version-history":[{"count":2,"href":"https:\/\/radiorevelacionfm.cl\/index.php?rest_route=\/wp\/v2\/posts\/17207\/revisions"}],"predecessor-version":[{"id":17210,"href":"https:\/\/radiorevelacionfm.cl\/index.php?rest_route=\/wp\/v2\/posts\/17207\/revisions\/17210"}],"wp:featuredmedia":[{"embeddable":true,"href":"https:\/\/radiorevelacionfm.cl\/index.php?rest_route=\/wp\/v2\/media\/17208"}],"wp:attachment":[{"href":"https:\/\/radiorevelacionfm.cl\/index.php?rest_route=%2Fwp%2Fv2%2Fmedia&parent=17207"}],"wp:term":[{"taxonomy":"category","embeddable":true,"href":"https:\/\/radiorevelacionfm.cl\/index.php?rest_route=%2Fwp%2Fv2%2Fcategories&post=17207"},{"taxonomy":"post_tag","embeddable":true,"href":"https:\/\/radiorevelacionfm.cl\/index.php?rest_route=%2Fwp%2Fv2%2Ftags&post=17207"}],"curies":[{"name":"wp","href":"https:\/\/api.w.org\/{rel}","templated":true}]}}