{"id":17204,"date":"2022-05-26T11:28:46","date_gmt":"2022-05-26T14:28:46","guid":{"rendered":"https:\/\/radiorevelacionfm.cl\/?p=17204"},"modified":"2022-05-26T11:28:46","modified_gmt":"2022-05-26T14:28:46","slug":"desarrollan-jornada-de-sensibilizacion-entorno-a-la-prevencion-de-la-violencia-de-genero-en-contextos-laborales","status":"publish","type":"post","link":"https:\/\/radiorevelacionfm.cl\/?p=17204","title":{"rendered":"Desarrollan Jornada de sensibilizaci\u00f3n entorno a la prevenci\u00f3n de la violencia de g\u00e9nero en contextos laborales"},"content":{"rendered":"<div class=\"flex_column av_one_full  flex_column_div av-zero-column-padding first  avia-builder-el-0  el_before_av_one_full  avia-builder-el-first  \" style='border-radius:0px; '><div  class='avia-image-container  av-styling-    avia-builder-el-1  avia-builder-el-no-sibling  avia-align-center '  itemprop=\"image\" itemscope=\"itemscope\" itemtype=\"https:\/\/schema.org\/ImageObject\"  ><div class='avia-image-container-inner'><div class='avia-image-overlay-wrap'><img decoding=\"async\" class='wp-image-17205 avia-img-lazy-loading-not-17205 avia_image' src=\"https:\/\/radiorevelacionfm.cl\/wp-content\/uploads\/2022\/05\/jornada-25-mayo-1_optimized.jpg\" alt='' title='jornada-25-mayo-(1)_optimized' height=\"600\" width=\"1239\"  itemprop=\"thumbnailUrl\" srcset=\"https:\/\/radiorevelacionfm.cl\/wp-content\/uploads\/2022\/05\/jornada-25-mayo-1_optimized.jpg 1239w, https:\/\/radiorevelacionfm.cl\/wp-content\/uploads\/2022\/05\/jornada-25-mayo-1_optimized-300x145.jpg 300w, https:\/\/radiorevelacionfm.cl\/wp-content\/uploads\/2022\/05\/jornada-25-mayo-1_optimized-1030x499.jpg 1030w, https:\/\/radiorevelacionfm.cl\/wp-content\/uploads\/2022\/05\/jornada-25-mayo-1_optimized-768x372.jpg 768w, https:\/\/radiorevelacionfm.cl\/wp-content\/uploads\/2022\/05\/jornada-25-mayo-1_optimized-705x341.jpg 705w, https:\/\/radiorevelacionfm.cl\/wp-content\/uploads\/2022\/05\/jornada-25-mayo-1_optimized-600x291.jpg 600w\" sizes=\"(max-width: 1239px) 100vw, 1239px\" \/><\/div><\/div><\/div><\/div><div class=\"flex_column av_one_full  flex_column_div av-zero-column-padding first  avia-builder-el-2  el_after_av_one_full  el_before_av_one_full  column-top-margin\" style='border-radius:0px; '><section class=\"av_textblock_section \"  itemscope=\"itemscope\" itemtype=\"https:\/\/schema.org\/BlogPosting\" itemprop=\"blogPost\" ><div class='avia_textblock  '   itemprop=\"text\" ><p style=\"text-align: center;\"><span style=\"font-size: 24px;\"><b>Desarrollan J<strong>ornada de sensibilizaci\u00f3n entorno a la prevenci\u00f3n de la violencia de g\u00e9nero en contextos laborales<\/strong>\u00a0<\/b><\/span><\/p>\n<div id=\"gtx-trans\" style=\"position: absolute; left: -50px; top: 4.31534px;\">\n<div class=\"gtx-trans-icon\"><\/div>\n<\/div>\n<\/div><\/section><\/div><div class=\"flex_column av_one_full  flex_column_div av-zero-column-padding first  avia-builder-el-4  el_after_av_one_full  el_before_av_hr  column-top-margin\" style='border-radius:0px; '><section class=\"av_textblock_section \"  itemscope=\"itemscope\" itemtype=\"https:\/\/schema.org\/BlogPosting\" itemprop=\"blogPost\" ><div class='avia_textblock  '   itemprop=\"text\" ><p style=\"text-align: justify;\">Este 25 de mayo Andrea M\u00e9ndez Valenzuela Secretaria Regional Ministerial de la Mujer y la Equidad de G\u00e9nero junto a la Gobernadora Regional y el Delegado Presidencial, convoc\u00f3 a las autoridades regionales pol\u00edticas y t\u00e9cnicas a sumarse al compromiso de la Transversalizaci\u00f3n del Enfoque de G\u00e9nero. Para dar inicio a este trabajo, que de acuerdo a lo expuesto, ser\u00e1 progresivo y profundo, se llev\u00f3 a cabo una primera acci\u00f3n clave denominada \u201cJornada de sensibilizaci\u00f3n entorno a la prevenci\u00f3n de la violencia de g\u00e9nero en contextos laborales \u201cEl dar nombre a las violencias que sufren las mujeres y localizarlas en espacios espec\u00edficos, en este caso: Maltrato y acoso sexual en contextos laborales, nos permite como sociedad y como Estado reconocer que dicho problema existe y, por consiguiente, nos presiona a hacernos responsables. Este tipo de maltrato nos permite constatar la lamentable situaci\u00f3n de que la violencia hacia las mujeres nos acompa\u00f1a en todos los espacios en los que nos queremos desenvolver libremente, nos da cuenta de que, a pesar de disponer de las posibilidades y cualidades para desenvolvernos exitosamente en cualquier espacio, no podemos hacerlo. Este es un problema de toda la institucionalidad, no de la v\u00edctima ni del victimario, es toda una cultura organizacional la que permiti\u00f3 que aquello sucediera, permiti\u00f3 bromas, comentarios inadecuados, relativiz\u00f3 el malestar de las trabajadoras, no atendi\u00f3 a tiempo una denuncia, no se tom\u00f3 en serio el tema de la prevenci\u00f3n de la violencia en los contextos laborales. En el fondo, cuando hay un caso de maltrato o acoso sexual es la instituci\u00f3n completa la que falla y, lo m\u00e1s grave, contradice los principios que promueve hacia el exterior\u201d indic\u00f3 la representante de la cartera de la Mujer y la Equidad de G\u00e9nero.<\/p>\n<p style=\"text-align: justify;\">La Jornada que, realizada en el Museo Regional, reuni\u00f3 a las m\u00e1ximas autoridades de los servicios p\u00fablicos regionales, tuvo como objetivo sensibilizar sobre la violencia de g\u00e9nero en espacios laborales y la importancia de la transversalizaci\u00f3n del enfoque de g\u00e9nero. Esto, con el objetivo de incorporar dichas dimensiones en el quehacer de cada instituci\u00f3n.<\/p>\n<p style=\"text-align: justify;\">Acerca de esta Jornada la Gobernadora Regional, Andrea Macias Palma se\u00f1al\u00f3 \u201cEstamos muy contentos como Gobierno Regional de poder participar en esta actividad, la verdad es que es una tem\u00e1tica que es transversal. G\u00e9nero debiese estar incorporado en todas las pol\u00edticas p\u00fablicas, sobre todo cuando hablamos de la prevenci\u00f3n de la violencia. En este sentido, hay que destacar, el compromiso del Gobierno del presidente Gabriel Boric, en relaci\u00f3n con establecer una pol\u00edtica robusta, fortalecida, que implique que los espacios laborales tambi\u00e9n sean espacios que se vuelvan seguros para todos y todas las trabajadoras\u201d.<\/p>\n<p style=\"text-align: justify;\">Adem\u00e1s de sensibilizar respecto la relevante tarea y rol que tienen las autoridades regionales frente a las situaciones de Maltrato y Acoso Laboral y Sexual, que parten por iniciar una mirada desde su propia institucionalidad. La actividad present\u00f3 los \u00e9nfasis que debe tener esta administraci\u00f3n y el Plan de Trabajo que permitir\u00e1 por medio de una labor colaborativa, favorecer el desarrollo de diagn\u00f3sticos de inequidades, brechas y barreras de g\u00e9nero por sector, as\u00ed como propuestas de compromisos que desde cada cartera respondan a los elementos visualizados a trav\u00e9s del diagn\u00f3stico. Todo esto liderado desde la Secretaria Regional Ministerial de la Mujer y la Equidad de G\u00e9nero mediante un acompa\u00f1amiento y seguimiento t\u00e9cnico permanente y profunda formaci\u00f3n en la tem\u00e1tica para los encargaturas de g\u00e9nero de cada una de las instituciones p\u00fablicas.<\/p>\n<p style=\"text-align: justify;\">\u201cEsta primera actividad donde pudimos participar todos los jefes de servicios en el fondo, yo como Delegado Presidencial regional, pero tambi\u00e9n las Serem\u00edas y los directores de servicio de unidades, ha sido fundamental para dar el puntapi\u00e9 inicial, justamente de un trabajo que tiene que ver con como logramos institucionalizar o mejor dicho, que todas las estructuras de los servicios p\u00fablicos incorporen el tema de la equidad de g\u00e9nero de manera concreta, que vaya justamente a los cambios de la cultura organizacional que es lo que uno persigue. Ya hace un tiempo existen protocolos, existen mecanismos que son y que est\u00e1n bien establecidos con respecto al maltrato y al acoso sexual, por ejemplo, pero lo que nosotros queremos en este Gobierno, es hacer algo m\u00e1s all\u00e1 y eso significa lograr que efectivamente haya una igualdad, una equidad de g\u00e9nero en todos los \u00e1mbitos de una organizaci\u00f3n p\u00fablica, tanto en el trato, en los niveles de jerarqu\u00eda, el tema laboral y en el respeto entre los funcionarios, eso es fundamental\u201d fue la apreciaci\u00f3n del Delegado Presidencial, Rodrigo Araya Morales.<\/p>\n<\/div><\/section><\/div><div  style='height:50px' class='hr hr-invisible   avia-builder-el-6  el_after_av_one_full  el_before_av_social_share '><span class='hr-inner ' ><span class='hr-inner-style'><\/span><\/span><\/div><\/p>\n<div  class='av-social-sharing-box  avia-builder-el-7  el_after_av_hr  el_before_av_hr  '><div class='av-share-box'><h5 class='av-share-link-description av-no-toc '>Compartir esta noticia<\/h5><ul class='av-share-box-list noLightbox'><li class='av-share-link av-social-link-facebook' ><a target=\"_blank\" aria-label=\"Compartir en Facebook\" href='https:\/\/www.facebook.com\/sharer.php?u=https:\/\/radiorevelacionfm.cl\/?p=17204&#038;t=Desarrollan%20Jornada%20de%20sensibilizaci%C3%B3n%20entorno%20a%20la%20prevenci%C3%B3n%20de%20la%20violencia%20de%20g%C3%A9nero%20en%20contextos%20laborales' aria-hidden='false' data-av_icon='\ue8f3' data-av_iconfont='entypo-fontello' title='' data-avia-related-tooltip='Compartir en Facebook' rel=\"noopener\"><span class='avia_hidden_link_text'>Compartir en Facebook<\/span><\/a><\/li><li class='av-share-link av-social-link-twitter' ><a target=\"_blank\" aria-label=\"Compartir en Twitter\" href='https:\/\/twitter.com\/share?text=Desarrollan%20Jornada%20de%20sensibilizaci%C3%B3n%20entorno%20a%20la%20prevenci%C3%B3n%20de%20la%20violencia%20de%20g%C3%A9nero%20en%20contextos%20laborales&#038;url=https:\/\/radiorevelacionfm.cl\/?p=17204' aria-hidden='false' data-av_icon='\ue8f1' data-av_iconfont='entypo-fontello' title='' data-avia-related-tooltip='Compartir en Twitter' rel=\"noopener\"><span class='avia_hidden_link_text'>Compartir en Twitter<\/span><\/a><\/li><li class='av-share-link av-social-link-whatsapp' ><a target=\"_blank\" aria-label=\"Compartir en Whatsapp\" href='https:\/\/api.whatsapp.com\/send?text=https:\/\/radiorevelacionfm.cl\/?p=17204' aria-hidden='false' data-av_icon='\uf232' data-av_iconfont='entypo-fontello' title='' data-avia-related-tooltip='Compartir en Whatsapp' rel=\"noopener\"><span class='avia_hidden_link_text'>Compartir en Whatsapp<\/span><\/a><\/li><li class='av-share-link av-social-link-linkedin' ><a target=\"_blank\" aria-label=\"Compartir en LinkedIn\" href='https:\/\/linkedin.com\/shareArticle?mini=true&#038;title=Desarrollan%20Jornada%20de%20sensibilizaci%C3%B3n%20entorno%20a%20la%20prevenci%C3%B3n%20de%20la%20violencia%20de%20g%C3%A9nero%20en%20contextos%20laborales&#038;url=https:\/\/radiorevelacionfm.cl\/?p=17204' aria-hidden='false' data-av_icon='\ue8fc' data-av_iconfont='entypo-fontello' title='' data-avia-related-tooltip='Compartir en LinkedIn' rel=\"noopener\"><span class='avia_hidden_link_text'>Compartir en LinkedIn<\/span><\/a><\/li><li class='av-share-link av-social-link-mail' ><a  aria-label=\"Compartir por correo\" href='mailto:?subject=Desarrollan%20Jornada%20de%20sensibilizaci%C3%B3n%20entorno%20a%20la%20prevenci%C3%B3n%20de%20la%20violencia%20de%20g%C3%A9nero%20en%20contextos%20laborales&#038;body=https:\/\/radiorevelacionfm.cl\/?p=17204' aria-hidden='false' data-av_icon='\ue805' data-av_iconfont='entypo-fontello' title='' data-avia-related-tooltip='Compartir por correo'><span class='avia_hidden_link_text'>Compartir por correo<\/span><\/a><\/li><\/ul><\/div><\/div>\n<div  style='height:50px' class='hr hr-invisible   avia-builder-el-8  el_after_av_social_share  el_before_av_comments_list '><span class='hr-inner ' ><span class='hr-inner-style'><\/span><\/span><\/div>\n<div  class='av-buildercomment  av-blog-meta-html-info-disabled av-blog-meta-tag-disabled  '><\/div>\n","protected":false},"excerpt":{"rendered":"","protected":false},"author":1,"featured_media":17205,"comment_status":"open","ping_status":"open","sticky":false,"template":"","format":"standard","meta":{"footnotes":""},"categories":[38],"tags":[],"class_list":["post-17204","post","type-post","status-publish","format-standard","has-post-thumbnail","hentry","category-regional"],"jetpack_featured_media_url":"https:\/\/radiorevelacionfm.cl\/wp-content\/uploads\/2022\/05\/jornada-25-mayo-1_optimized.jpg","_links":{"self":[{"href":"https:\/\/radiorevelacionfm.cl\/index.php?rest_route=\/wp\/v2\/posts\/17204","targetHints":{"allow":["GET"]}}],"collection":[{"href":"https:\/\/radiorevelacionfm.cl\/index.php?rest_route=\/wp\/v2\/posts"}],"about":[{"href":"https:\/\/radiorevelacionfm.cl\/index.php?rest_route=\/wp\/v2\/types\/post"}],"author":[{"embeddable":true,"href":"https:\/\/radiorevelacionfm.cl\/index.php?rest_route=\/wp\/v2\/users\/1"}],"replies":[{"embeddable":true,"href":"https:\/\/radiorevelacionfm.cl\/index.php?rest_route=%2Fwp%2Fv2%2Fcomments&post=17204"}],"version-history":[{"count":2,"href":"https:\/\/radiorevelacionfm.cl\/index.php?rest_route=\/wp\/v2\/posts\/17204\/revisions"}],"predecessor-version":[{"id":17229,"href":"https:\/\/radiorevelacionfm.cl\/index.php?rest_route=\/wp\/v2\/posts\/17204\/revisions\/17229"}],"wp:featuredmedia":[{"embeddable":true,"href":"https:\/\/radiorevelacionfm.cl\/index.php?rest_route=\/wp\/v2\/media\/17205"}],"wp:attachment":[{"href":"https:\/\/radiorevelacionfm.cl\/index.php?rest_route=%2Fwp%2Fv2%2Fmedia&parent=17204"}],"wp:term":[{"taxonomy":"category","embeddable":true,"href":"https:\/\/radiorevelacionfm.cl\/index.php?rest_route=%2Fwp%2Fv2%2Fcategories&post=17204"},{"taxonomy":"post_tag","embeddable":true,"href":"https:\/\/radiorevelacionfm.cl\/index.php?rest_route=%2Fwp%2Fv2%2Ftags&post=17204"}],"curies":[{"name":"wp","href":"https:\/\/api.w.org\/{rel}","templated":true}]}}