{"id":17195,"date":"2022-05-27T12:47:17","date_gmt":"2022-05-27T15:47:17","guid":{"rendered":"https:\/\/radiorevelacionfm.cl\/?p=17195"},"modified":"2022-05-27T12:47:17","modified_gmt":"2022-05-27T15:47:17","slug":"fundacion-integra-realiza-encuentros-para-planificacion-estrategica-2022-2026","status":"publish","type":"post","link":"https:\/\/radiorevelacionfm.cl\/?p=17195","title":{"rendered":"Fundaci\u00f3n Integra realiza encuentros para Planificaci\u00f3n Estrat\u00e9gica 2022-2026"},"content":{"rendered":"<div class=\"flex_column av_one_full  flex_column_div av-zero-column-padding first  avia-builder-el-0  el_before_av_one_full  avia-builder-el-first  \" style='border-radius:0px; '><div  class='avia-image-container  av-styling-    avia-builder-el-1  avia-builder-el-no-sibling  avia-align-center '  itemprop=\"image\" itemscope=\"itemscope\" itemtype=\"https:\/\/schema.org\/ImageObject\"  ><div class='avia-image-container-inner'><div class='avia-image-overlay-wrap'><img decoding=\"async\" class='wp-image-17196 avia-img-lazy-loading-not-17196 avia_image' src=\"https:\/\/radiorevelacionfm.cl\/wp-content\/uploads\/2022\/05\/IMG_6007-min-1-1.jpg\" alt='' title='IMG_6007-min (1) (1)' height=\"600\" width=\"902\"  itemprop=\"thumbnailUrl\" srcset=\"https:\/\/radiorevelacionfm.cl\/wp-content\/uploads\/2022\/05\/IMG_6007-min-1-1.jpg 902w, https:\/\/radiorevelacionfm.cl\/wp-content\/uploads\/2022\/05\/IMG_6007-min-1-1-300x200.jpg 300w, https:\/\/radiorevelacionfm.cl\/wp-content\/uploads\/2022\/05\/IMG_6007-min-1-1-768x511.jpg 768w, https:\/\/radiorevelacionfm.cl\/wp-content\/uploads\/2022\/05\/IMG_6007-min-1-1-705x469.jpg 705w, https:\/\/radiorevelacionfm.cl\/wp-content\/uploads\/2022\/05\/IMG_6007-min-1-1-600x399.jpg 600w\" sizes=\"(max-width: 902px) 100vw, 902px\" \/><\/div><\/div><\/div><\/div><div class=\"flex_column av_one_full  flex_column_div av-zero-column-padding first  avia-builder-el-2  el_after_av_one_full  el_before_av_one_full  column-top-margin\" style='border-radius:0px; '><section class=\"av_textblock_section \"  itemscope=\"itemscope\" itemtype=\"https:\/\/schema.org\/BlogPosting\" itemprop=\"blogPost\" ><div class='avia_textblock  '   itemprop=\"text\" ><p style=\"text-align: center;\"><strong><span style=\"font-size: 18pt;\">Fundaci\u00f3n Integra realiza encuentros para Planificaci\u00f3n Estrat\u00e9gica 2022-2026<\/span><\/strong><\/p>\n<\/div><\/section><\/div><div class=\"flex_column av_one_full  flex_column_div av-zero-column-padding first  avia-builder-el-4  el_after_av_one_full  el_before_av_hr  column-top-margin\" style='border-radius:0px; '><section class=\"av_textblock_section \"  itemscope=\"itemscope\" itemtype=\"https:\/\/schema.org\/BlogPosting\" itemprop=\"blogPost\" ><div class='avia_textblock  '   itemprop=\"text\" ><p style=\"text-align: justify;\">En Fundaci\u00f3n Integra hay un principio fundamental y es que ni\u00f1os y ni\u00f1as reciban educaci\u00f3n parvularia de calidad, mientras se desarrollan y aprenden jugando. Bajo esa l\u00f3gica se estuvo trabajando en dos jornadas una con equipos educativos y otra con los integrantes de Oficina regional quienes hablaron sobre los desaf\u00edos, necesidades del quehacer institucional, pero tambi\u00e9n respecto de los avances que se han alcanzado en materia educacional durante los \u00faltimos a\u00f1os.<\/p>\n<p style=\"text-align: justify;\">El Director Regional (i) de Fundaci\u00f3n Integra, Felipe \u00c1guila Villarroel, destac\u00f3 que \u201ceste ha sido un espacio enriquecedor donde se abarcaron todos los estamentos que nos permita visualizar y proyectar nuestra carta de navegaci\u00f3n estos cuatro a\u00f1os\u201d. A la vez destac\u00f3 que \u201cpudimos intercambiar ideas sobre lo que queremos como instituci\u00f3n y donde hubo una alta participaci\u00f3n de quienes fueron parte de este encuentro y que valoramos positivamente\u201d.<\/p>\n<p style=\"text-align: justify;\">Para lograr los objetivos esperados se realizaron dos talleres bajo el lema \u201cEspacio que Integra para conversar y reconectar\u201d, poniendo el foco en la realidad de cada territorio, respetando sus diversidades y escuchando a todos quienes son parte de la instituci\u00f3n.<\/p>\n<p style=\"text-align: justify;\">Cristobal Hunt, profesional de la Unidad de Planificaci\u00f3n y Seguimiento a la Gesti\u00f3n de la direcci\u00f3n ejecutiva de Fundaci\u00f3n Integra recalca que \u201ceste proceso es fundamental para nuestra instituci\u00f3n porque nos da la br\u00fajula que nos guiar\u00e1 no tan solo lo que queremos desarrollar estos cuatro a\u00f1os, sino que tambi\u00e9n para la coherencia de los nuestros proyectos que tenemos como instituci\u00f3n pero con una mirada com\u00fan. Sea desde los jardines infantiles o desde las mismas direcciones regionales\u201d.<\/p>\n<p style=\"text-align: justify;\">Es en este contexto y entendiendo lo importante de este proceso es que Fundaci\u00f3n Integra realiz\u00f3 este proceso en todo el pa\u00eds desarrollando talleres con equipos de las direcciones regionales, jornadas, conversaciones con las organizaciones sindicales, talleres con equipos de jardines infantiles, experiencias con ni\u00f1os y ni\u00f1as, y conversaciones con familias.<\/p>\n<p style=\"text-align: justify;\">El Director Regional (i) de Fundaci\u00f3n Integra envi\u00f3 un mensaje a todas las familias de la regi\u00f3n en torno al servicio que presta la instituci\u00f3n recalcando que \u201cnuestros equipos educativos como quienes trabajan en Oficina regional constantemente est\u00e1n siendo capacitados para poder entregar una mejor atenci\u00f3n y servicio. Les queremos entregar la tranquilidad de que sus ni\u00f1os y ni\u00f1as est\u00e1n en un lugar protegido, en bienestar y en el que est\u00e1n aprendiendo\u201d.<\/p>\n<p style=\"text-align: justify;\">Desde la instituci\u00f3n recalcan que este proceso permitir\u00e1 actualizar sus declaraciones institucionales y trabajar en el Plan Estrat\u00e9gico 2022 \u2013 2026 con el objetivo de mejorar la gesti\u00f3n institucional, de manera articulada y colaborativa.<\/p>\n<p style=\"text-align: justify;\">Integra pertenece a la Red de Fundaciones de la Presidencia de la Rep\u00fablica. Con 31 a\u00f1os de experiencia, es la red m\u00e1s grande de salas cuna y jardines infantiles del pa\u00eds con 1.200 establecimientos gratuitos, a los que asisten m\u00e1s de 85 mil ni\u00f1os y ni\u00f1as en todo Chile.<\/p>\n<\/div><\/section><\/div><div  style='height:50px' class='hr hr-invisible   avia-builder-el-6  el_after_av_one_full  el_before_av_social_share '><span class='hr-inner ' ><span class='hr-inner-style'><\/span><\/span><\/div><\/p>\n<div  class='av-social-sharing-box  avia-builder-el-7  el_after_av_hr  el_before_av_hr  '><div class='av-share-box'><h5 class='av-share-link-description av-no-toc '>Compartir esta noticia<\/h5><ul class='av-share-box-list noLightbox'><li class='av-share-link av-social-link-facebook' ><a target=\"_blank\" aria-label=\"Compartir en Facebook\" href='https:\/\/www.facebook.com\/sharer.php?u=https:\/\/radiorevelacionfm.cl\/?p=17195&#038;t=Fundaci%C3%B3n%20Integra%20realiza%20encuentros%20para%20Planificaci%C3%B3n%20Estrat%C3%A9gica%202022-2026' aria-hidden='false' data-av_icon='\ue8f3' data-av_iconfont='entypo-fontello' title='' data-avia-related-tooltip='Compartir en Facebook' rel=\"noopener\"><span class='avia_hidden_link_text'>Compartir en Facebook<\/span><\/a><\/li><li class='av-share-link av-social-link-twitter' ><a target=\"_blank\" aria-label=\"Compartir en Twitter\" href='https:\/\/twitter.com\/share?text=Fundaci%C3%B3n%20Integra%20realiza%20encuentros%20para%20Planificaci%C3%B3n%20Estrat%C3%A9gica%202022-2026&#038;url=https:\/\/radiorevelacionfm.cl\/?p=17195' aria-hidden='false' data-av_icon='\ue8f1' data-av_iconfont='entypo-fontello' title='' data-avia-related-tooltip='Compartir en Twitter' rel=\"noopener\"><span class='avia_hidden_link_text'>Compartir en Twitter<\/span><\/a><\/li><li class='av-share-link av-social-link-whatsapp' ><a target=\"_blank\" aria-label=\"Compartir en Whatsapp\" href='https:\/\/api.whatsapp.com\/send?text=https:\/\/radiorevelacionfm.cl\/?p=17195' aria-hidden='false' data-av_icon='\uf232' data-av_iconfont='entypo-fontello' title='' data-avia-related-tooltip='Compartir en Whatsapp' rel=\"noopener\"><span class='avia_hidden_link_text'>Compartir en Whatsapp<\/span><\/a><\/li><li class='av-share-link av-social-link-linkedin' ><a target=\"_blank\" aria-label=\"Compartir en LinkedIn\" href='https:\/\/linkedin.com\/shareArticle?mini=true&#038;title=Fundaci%C3%B3n%20Integra%20realiza%20encuentros%20para%20Planificaci%C3%B3n%20Estrat%C3%A9gica%202022-2026&#038;url=https:\/\/radiorevelacionfm.cl\/?p=17195' aria-hidden='false' data-av_icon='\ue8fc' data-av_iconfont='entypo-fontello' title='' data-avia-related-tooltip='Compartir en LinkedIn' rel=\"noopener\"><span class='avia_hidden_link_text'>Compartir en LinkedIn<\/span><\/a><\/li><li class='av-share-link av-social-link-mail' ><a  aria-label=\"Compartir por correo\" href='mailto:?subject=Fundaci%C3%B3n%20Integra%20realiza%20encuentros%20para%20Planificaci%C3%B3n%20Estrat%C3%A9gica%202022-2026&#038;body=https:\/\/radiorevelacionfm.cl\/?p=17195' aria-hidden='false' data-av_icon='\ue805' data-av_iconfont='entypo-fontello' title='' data-avia-related-tooltip='Compartir por correo'><span class='avia_hidden_link_text'>Compartir por correo<\/span><\/a><\/li><\/ul><\/div><\/div>\n<div  style='height:50px' class='hr hr-invisible   avia-builder-el-8  el_after_av_social_share  el_before_av_comments_list '><span class='hr-inner ' ><span class='hr-inner-style'><\/span><\/span><\/div>\n<div  class='av-buildercomment  av-blog-meta-html-info-disabled av-blog-meta-tag-disabled  '><\/div>\n","protected":false},"excerpt":{"rendered":"","protected":false},"author":1,"featured_media":17196,"comment_status":"open","ping_status":"open","sticky":false,"template":"","format":"standard","meta":{"footnotes":""},"categories":[49],"tags":[],"class_list":["post-17195","post","type-post","status-publish","format-standard","has-post-thumbnail","hentry","category-educacion"],"jetpack_featured_media_url":"https:\/\/radiorevelacionfm.cl\/wp-content\/uploads\/2022\/05\/IMG_6007-min-1-1.jpg","_links":{"self":[{"href":"https:\/\/radiorevelacionfm.cl\/index.php?rest_route=\/wp\/v2\/posts\/17195","targetHints":{"allow":["GET"]}}],"collection":[{"href":"https:\/\/radiorevelacionfm.cl\/index.php?rest_route=\/wp\/v2\/posts"}],"about":[{"href":"https:\/\/radiorevelacionfm.cl\/index.php?rest_route=\/wp\/v2\/types\/post"}],"author":[{"embeddable":true,"href":"https:\/\/radiorevelacionfm.cl\/index.php?rest_route=\/wp\/v2\/users\/1"}],"replies":[{"embeddable":true,"href":"https:\/\/radiorevelacionfm.cl\/index.php?rest_route=%2Fwp%2Fv2%2Fcomments&post=17195"}],"version-history":[{"count":2,"href":"https:\/\/radiorevelacionfm.cl\/index.php?rest_route=\/wp\/v2\/posts\/17195\/revisions"}],"predecessor-version":[{"id":17279,"href":"https:\/\/radiorevelacionfm.cl\/index.php?rest_route=\/wp\/v2\/posts\/17195\/revisions\/17279"}],"wp:featuredmedia":[{"embeddable":true,"href":"https:\/\/radiorevelacionfm.cl\/index.php?rest_route=\/wp\/v2\/media\/17196"}],"wp:attachment":[{"href":"https:\/\/radiorevelacionfm.cl\/index.php?rest_route=%2Fwp%2Fv2%2Fmedia&parent=17195"}],"wp:term":[{"taxonomy":"category","embeddable":true,"href":"https:\/\/radiorevelacionfm.cl\/index.php?rest_route=%2Fwp%2Fv2%2Fcategories&post=17195"},{"taxonomy":"post_tag","embeddable":true,"href":"https:\/\/radiorevelacionfm.cl\/index.php?rest_route=%2Fwp%2Fv2%2Ftags&post=17195"}],"curies":[{"name":"wp","href":"https:\/\/api.w.org\/{rel}","templated":true}]}}