{"id":17190,"date":"2022-05-25T15:44:05","date_gmt":"2022-05-25T18:44:05","guid":{"rendered":"https:\/\/radiorevelacionfm.cl\/?p=17190"},"modified":"2022-05-25T15:44:05","modified_gmt":"2022-05-25T18:44:05","slug":"parques-y-reservas-de-la-region-de-tendran-ingreso-gratuito-en-el-dia-de-los-patrimonios","status":"publish","type":"post","link":"https:\/\/radiorevelacionfm.cl\/?p=17190","title":{"rendered":"Parques y reservas de la regi\u00f3n de tendr\u00e1n ingreso gratuito en \u201cEl D\u00eda de los Patrimonios\u201d"},"content":{"rendered":"<div class=\"flex_column av_one_full  flex_column_div av-zero-column-padding first  avia-builder-el-0  el_before_av_one_full  avia-builder-el-first  \" style='border-radius:0px; '><div  class='avia-image-container  av-styling-    avia-builder-el-1  avia-builder-el-no-sibling  avia-align-center '  itemprop=\"image\" itemscope=\"itemscope\" itemtype=\"https:\/\/schema.org\/ImageObject\"  ><div class='avia-image-container-inner'><div class='avia-image-overlay-wrap'><img decoding=\"async\" class='wp-image-6292 avia-img-lazy-loading-not-6292 avia_image' src=\"https:\/\/radiorevelacionfm.cl\/wp-content\/uploads\/2021\/07\/parque3_optimized.jpeg\" alt='' title='parque3_optimized' height=\"600\" width=\"900\"  itemprop=\"thumbnailUrl\" srcset=\"https:\/\/radiorevelacionfm.cl\/wp-content\/uploads\/2021\/07\/parque3_optimized.jpeg 900w, https:\/\/radiorevelacionfm.cl\/wp-content\/uploads\/2021\/07\/parque3_optimized-300x200.jpeg 300w, https:\/\/radiorevelacionfm.cl\/wp-content\/uploads\/2021\/07\/parque3_optimized-768x512.jpeg 768w, https:\/\/radiorevelacionfm.cl\/wp-content\/uploads\/2021\/07\/parque3_optimized-705x470.jpeg 705w, https:\/\/radiorevelacionfm.cl\/wp-content\/uploads\/2021\/07\/parque3_optimized-600x400.jpeg 600w\" sizes=\"(max-width: 900px) 100vw, 900px\" \/><\/div><\/div><\/div><\/div><div class=\"flex_column av_one_full  flex_column_div av-zero-column-padding first  avia-builder-el-2  el_after_av_one_full  el_before_av_one_full  column-top-margin\" style='border-radius:0px; '><section class=\"av_textblock_section \"  itemscope=\"itemscope\" itemtype=\"https:\/\/schema.org\/BlogPosting\" itemprop=\"blogPost\" ><div class='avia_textblock  '   itemprop=\"text\" ><p style=\"text-align: center;\"><span style=\"font-size: 18pt;\"><strong>Parques y reservas de la regi\u00f3n de tendr\u00e1n ingreso <\/strong><strong>gratuito en \u201cEl D\u00eda de los Patrimonios\u201d<\/strong><\/span><\/p>\n<div id=\"gtx-trans\" style=\"position: absolute; left: -50px; top: 4.31534px;\">\n<div class=\"gtx-trans-icon\"><\/div>\n<\/div>\n<\/div><\/section><\/div><div class=\"flex_column av_one_full  flex_column_div av-zero-column-padding first  avia-builder-el-4  el_after_av_one_full  el_before_av_hr  column-top-margin\" style='border-radius:0px; '><section class=\"av_textblock_section \"  itemscope=\"itemscope\" itemtype=\"https:\/\/schema.org\/BlogPosting\" itemprop=\"blogPost\" ><div class='avia_textblock  '   itemprop=\"text\" ><p style=\"text-align: justify;\">Con el objetivo de disfrutar y conocer los patrimonios naturales y culturales que se resguardan en los parques nacionales, reservas nacionales y monumentos naturales, insertos en el Sistema Nacional de \u00c1reas Silvestres Protegidas del Estado (SNASPE), la Corporaci\u00f3n Nacional Forestal (CONAF) anunci\u00f3 el ingreso gratuito a estas unidades el s\u00e1bado 28 y domingo 29 de mayo, integr\u00e1ndose as\u00ed a la celebraci\u00f3n del D\u00eda de los Patrimonios 2022.<\/p>\n<p style=\"text-align: justify;\">Cabe destacar que este a\u00f1o el Ministerio de las Culturas, las Artes y el Patrimonio organiz\u00f3 esta fiesta ciudadana en torno al lema \u00abEl D\u00eda de los Patrimonios\u00bb, para enfatizar la diversidad cultural presente en el pa\u00eds, haciendo un llamado a que nos encontremos en funci\u00f3n a los patrimonios vivos, tradiciones y herencias culturales, sobre todo a los saberes de grupos y comunidades de todo Chile, muchos de los cuales est\u00e1n representados en las \u00e1reas silvestres protegidas, que administra CONAF.<\/p>\n<p style=\"text-align: justify;\">Por ello, como resalt\u00f3 el director ejecutivo de CONAF, Christian Little, la Corporaci\u00f3n se sum\u00f3 a \u201cesta gran fiesta ciudadana, dando ingreso gratuito a estas \u00e1reas protegidas, porque en ellas el Estado protege gran parte del patrimonio natural y cultural del pa\u00eds, por lo que es muy importante que todas y todos conozcan estos hermosos lugares, donde una labor central es el cuidado de la biodiversidad, pero tambi\u00e9n en muchas de ellas se resguardan bienes culturales que han marcado la historia de Chile\u201d.<\/p>\n<p style=\"text-align: justify;\">Una de las recomendaciones para asegurar el ingreso a estas unidades es hacer la reserva de ingreso con anticipaci\u00f3n a trav\u00e9s de la plataforma aspticket.cl, mediante el bot\u00f3n compra, donde se dar\u00e1 la gratuidad, para las \u00e1reas que cuentan con este sistema; mientras que para las restantes se respetar\u00e1 el orden de llegada. Sin embargo, el p\u00fablico debe tener en cuenta que los parques nacionales, reservas nacionales y monumentos nacionales tienen capacidades de acogida que hay que respetar.<\/p>\n<p style=\"text-align: justify;\">No se podr\u00e1 acceder gratuitamente solo en aquellas unidades o sectores de unidades donde el cobro est\u00e1 tercerizado, es decir, manejado por concesiones. Para conocer el funcionamiento, horarios de ingreso, cu\u00e1les cuentan con aspticket.cl o est\u00e1n tercerizadas, se puede consultar la informaci\u00f3n en el siguiente enlace: <a href=\"https:\/\/www.conaf.cl\/situacion-de-parques-nacionales\/\">https:\/\/www.conaf.cl\/situacion-de-parques-nacionales\/<\/a><\/p>\n<\/div><\/section><\/div><div  style='height:50px' class='hr hr-invisible   avia-builder-el-6  el_after_av_one_full  el_before_av_social_share '><span class='hr-inner ' ><span class='hr-inner-style'><\/span><\/span><\/div><\/p>\n<div  class='av-social-sharing-box  avia-builder-el-7  el_after_av_hr  el_before_av_hr  '><div class='av-share-box'><h5 class='av-share-link-description av-no-toc '>Compartir esta noticia<\/h5><ul class='av-share-box-list noLightbox'><li class='av-share-link av-social-link-facebook' ><a target=\"_blank\" aria-label=\"Compartir en Facebook\" href='https:\/\/www.facebook.com\/sharer.php?u=https:\/\/radiorevelacionfm.cl\/?p=17190&#038;t=Parques%20y%20reservas%20de%20la%20regi%C3%B3n%20de%20tendr%C3%A1n%20ingreso%20gratuito%20en%20%E2%80%9CEl%20D%C3%ADa%20de%20los%20Patrimonios%E2%80%9D' aria-hidden='false' data-av_icon='\ue8f3' data-av_iconfont='entypo-fontello' title='' data-avia-related-tooltip='Compartir en Facebook' rel=\"noopener\"><span class='avia_hidden_link_text'>Compartir en Facebook<\/span><\/a><\/li><li class='av-share-link av-social-link-twitter' ><a target=\"_blank\" aria-label=\"Compartir en Twitter\" href='https:\/\/twitter.com\/share?text=Parques%20y%20reservas%20de%20la%20regi%C3%B3n%20de%20tendr%C3%A1n%20ingreso%20gratuito%20en%20%E2%80%9CEl%20D%C3%ADa%20de%20los%20Patrimonios%E2%80%9D&#038;url=https:\/\/radiorevelacionfm.cl\/?p=17190' aria-hidden='false' data-av_icon='\ue8f1' data-av_iconfont='entypo-fontello' title='' data-avia-related-tooltip='Compartir en Twitter' rel=\"noopener\"><span class='avia_hidden_link_text'>Compartir en Twitter<\/span><\/a><\/li><li class='av-share-link av-social-link-whatsapp' ><a target=\"_blank\" aria-label=\"Compartir en Whatsapp\" href='https:\/\/api.whatsapp.com\/send?text=https:\/\/radiorevelacionfm.cl\/?p=17190' aria-hidden='false' data-av_icon='\uf232' data-av_iconfont='entypo-fontello' title='' data-avia-related-tooltip='Compartir en Whatsapp' rel=\"noopener\"><span class='avia_hidden_link_text'>Compartir en Whatsapp<\/span><\/a><\/li><li class='av-share-link av-social-link-linkedin' ><a target=\"_blank\" aria-label=\"Compartir en LinkedIn\" href='https:\/\/linkedin.com\/shareArticle?mini=true&#038;title=Parques%20y%20reservas%20de%20la%20regi%C3%B3n%20de%20tendr%C3%A1n%20ingreso%20gratuito%20en%20%E2%80%9CEl%20D%C3%ADa%20de%20los%20Patrimonios%E2%80%9D&#038;url=https:\/\/radiorevelacionfm.cl\/?p=17190' aria-hidden='false' data-av_icon='\ue8fc' data-av_iconfont='entypo-fontello' title='' data-avia-related-tooltip='Compartir en LinkedIn' rel=\"noopener\"><span class='avia_hidden_link_text'>Compartir en LinkedIn<\/span><\/a><\/li><li class='av-share-link av-social-link-mail' ><a  aria-label=\"Compartir por correo\" href='mailto:?subject=Parques%20y%20reservas%20de%20la%20regi%C3%B3n%20de%20tendr%C3%A1n%20ingreso%20gratuito%20en%20%E2%80%9CEl%20D%C3%ADa%20de%20los%20Patrimonios%E2%80%9D&#038;body=https:\/\/radiorevelacionfm.cl\/?p=17190' aria-hidden='false' data-av_icon='\ue805' data-av_iconfont='entypo-fontello' title='' data-avia-related-tooltip='Compartir por correo'><span class='avia_hidden_link_text'>Compartir por correo<\/span><\/a><\/li><\/ul><\/div><\/div>\n<div  style='height:50px' class='hr hr-invisible   avia-builder-el-8  el_after_av_social_share  el_before_av_comments_list '><span class='hr-inner ' ><span class='hr-inner-style'><\/span><\/span><\/div>\n<div  class='av-buildercomment  av-blog-meta-html-info-disabled av-blog-meta-tag-disabled  '><\/div>\n","protected":false},"excerpt":{"rendered":"","protected":false},"author":1,"featured_media":6292,"comment_status":"open","ping_status":"open","sticky":false,"template":"","format":"standard","meta":{"footnotes":""},"categories":[54],"tags":[],"class_list":["post-17190","post","type-post","status-publish","format-standard","has-post-thumbnail","hentry","category-turismo"],"jetpack_featured_media_url":"https:\/\/radiorevelacionfm.cl\/wp-content\/uploads\/2021\/07\/parque3_optimized.jpeg","_links":{"self":[{"href":"https:\/\/radiorevelacionfm.cl\/index.php?rest_route=\/wp\/v2\/posts\/17190","targetHints":{"allow":["GET"]}}],"collection":[{"href":"https:\/\/radiorevelacionfm.cl\/index.php?rest_route=\/wp\/v2\/posts"}],"about":[{"href":"https:\/\/radiorevelacionfm.cl\/index.php?rest_route=\/wp\/v2\/types\/post"}],"author":[{"embeddable":true,"href":"https:\/\/radiorevelacionfm.cl\/index.php?rest_route=\/wp\/v2\/users\/1"}],"replies":[{"embeddable":true,"href":"https:\/\/radiorevelacionfm.cl\/index.php?rest_route=%2Fwp%2Fv2%2Fcomments&post=17190"}],"version-history":[{"count":2,"href":"https:\/\/radiorevelacionfm.cl\/index.php?rest_route=\/wp\/v2\/posts\/17190\/revisions"}],"predecessor-version":[{"id":17192,"href":"https:\/\/radiorevelacionfm.cl\/index.php?rest_route=\/wp\/v2\/posts\/17190\/revisions\/17192"}],"wp:featuredmedia":[{"embeddable":true,"href":"https:\/\/radiorevelacionfm.cl\/index.php?rest_route=\/wp\/v2\/media\/6292"}],"wp:attachment":[{"href":"https:\/\/radiorevelacionfm.cl\/index.php?rest_route=%2Fwp%2Fv2%2Fmedia&parent=17190"}],"wp:term":[{"taxonomy":"category","embeddable":true,"href":"https:\/\/radiorevelacionfm.cl\/index.php?rest_route=%2Fwp%2Fv2%2Fcategories&post=17190"},{"taxonomy":"post_tag","embeddable":true,"href":"https:\/\/radiorevelacionfm.cl\/index.php?rest_route=%2Fwp%2Fv2%2Ftags&post=17190"}],"curies":[{"name":"wp","href":"https:\/\/api.w.org\/{rel}","templated":true}]}}