{"id":17184,"date":"2022-05-25T17:53:32","date_gmt":"2022-05-25T20:53:32","guid":{"rendered":"https:\/\/radiorevelacionfm.cl\/?p=17184"},"modified":"2022-05-25T17:53:32","modified_gmt":"2022-05-25T20:53:32","slug":"liceo-altos-del-mackay-participa-en-talleres-de-prevencion-en-violencia-contra-las-mujeres","status":"publish","type":"post","link":"https:\/\/radiorevelacionfm.cl\/?p=17184","title":{"rendered":"Liceo Altos del Mackay participa en talleres de prevenci\u00f3n en violencia contra las mujeres"},"content":{"rendered":"<div class=\"flex_column av_one_full  flex_column_div av-zero-column-padding first  avia-builder-el-0  el_before_av_one_full  avia-builder-el-first  \" style='border-radius:0px; '><div  class='avia-image-container  av-styling-    avia-builder-el-1  avia-builder-el-no-sibling  avia-align-center '  itemprop=\"image\" itemscope=\"itemscope\" itemtype=\"https:\/\/schema.org\/ImageObject\"  ><div class='avia-image-container-inner'><div class='avia-image-overlay-wrap'><img decoding=\"async\" class='wp-image-17185 avia-img-lazy-loading-not-17185 avia_image' src=\"https:\/\/radiorevelacionfm.cl\/wp-content\/uploads\/2022\/05\/programa-prevencion-vcm-8-1_optimized.jpg\" alt='' title='programa-prevencion-vcm-(8)-(1)_optimized' height=\"600\" width=\"954\"  itemprop=\"thumbnailUrl\" srcset=\"https:\/\/radiorevelacionfm.cl\/wp-content\/uploads\/2022\/05\/programa-prevencion-vcm-8-1_optimized.jpg 954w, https:\/\/radiorevelacionfm.cl\/wp-content\/uploads\/2022\/05\/programa-prevencion-vcm-8-1_optimized-300x189.jpg 300w, https:\/\/radiorevelacionfm.cl\/wp-content\/uploads\/2022\/05\/programa-prevencion-vcm-8-1_optimized-768x483.jpg 768w, https:\/\/radiorevelacionfm.cl\/wp-content\/uploads\/2022\/05\/programa-prevencion-vcm-8-1_optimized-705x443.jpg 705w, https:\/\/radiorevelacionfm.cl\/wp-content\/uploads\/2022\/05\/programa-prevencion-vcm-8-1_optimized-600x377.jpg 600w\" sizes=\"(max-width: 954px) 100vw, 954px\" \/><\/div><\/div><\/div><\/div><div class=\"flex_column av_one_full  flex_column_div av-zero-column-padding first  avia-builder-el-2  el_after_av_one_full  el_before_av_one_full  column-top-margin\" style='border-radius:0px; '><section class=\"av_textblock_section \"  itemscope=\"itemscope\" itemtype=\"https:\/\/schema.org\/BlogPosting\" itemprop=\"blogPost\" ><div class='avia_textblock  '   itemprop=\"text\" ><p style=\"text-align: center;\"><strong><span style=\"font-size: 18pt;\">Liceo Altos del Mackay participa en talleres de prevenci\u00f3n en violencia contra las mujeres<\/span><\/strong><\/p>\n<div id=\"gtx-trans\" style=\"position: absolute; left: -50px; top: 4.31534px;\">\n<div class=\"gtx-trans-icon\"><\/div>\n<\/div>\n<\/div><\/section><\/div><div class=\"flex_column av_one_full  flex_column_div av-zero-column-padding first  avia-builder-el-4  el_after_av_one_full  el_before_av_hr  column-top-margin\" style='border-radius:0px; '><section class=\"av_textblock_section \"  itemscope=\"itemscope\" itemtype=\"https:\/\/schema.org\/BlogPosting\" itemprop=\"blogPost\" ><div class='avia_textblock  '   itemprop=\"text\" ><p class=\"v1MsoNormal\" style=\"text-align: justify;\"><span lang=\"ES\">Con la presencia de alrededor de 30 j\u00f3venes del segundo medio del Liceo Bicentenario Altos del Mackay se realiz\u00f3 el lanzamiento 2022 del Programa de Prevenci\u00f3n en Violencia contra las Mujeres del Servicio Nacional de la Mujer y la Equidad de G\u00e9nero, SernamEG, que se ejecuta en el territorio en convenio con la Municipalidad de Coyhaique. Su objetivo es anteponerse de forma temprana a la discriminaci\u00f3n y violencia de g\u00e9nero en los distintos contextos en que se ejerce, a trav\u00e9s de procesos socioeducativos que entregan herramientas de aprendizaje a las personas j\u00f3venes y quienes se vinculan con este grupo etario.<\/span><\/p>\n<p class=\"v1MsoNormal\" style=\"text-align: justify;\"><span lang=\"ES\">La ceremonia fue encabezada por la Gobernadora Regional de Ays\u00e9n, Andrea Mac\u00edas Palma, quien destac\u00f3 que \u00abla inversi\u00f3n p\u00fablica debe servir para reducir las brechas de g\u00e9nero e inequidades que se presentan en distintos \u00e1mbitos. Por ello creamos un Comit\u00e9 de G\u00e9nero que busca que todos los planes, pol\u00edticas y programas que se ejecuten desde el Gobierno Regional tengan este componente. As\u00ed lo hicimos con los programas de Pesca Artesanal y de Reactivaci\u00f3n Econ\u00f3mica, intervenciones program\u00e1ticas de fomento que tienen una mirada de g\u00e9nero; ya que sabemos que, ante la banca, por ejemplo, las mujeres no reciben el mismo trato y no tienen las mismas oportunidades. Este es un sello que pretendemos se pueda permear en toda la administraci\u00f3n p\u00fablica. Hoy la perspectiva de g\u00e9nero debe estar incorporada en todas las pol\u00edticas, esto no se trata de hombres y mujeres, sino que efectivamente debemos avanzar en el reconocimiento de que somos iguales; y dentro de eso, tenemos los mismos accesos y debemos velar porque efectivamente eso sea as\u00ed\u00bb.<\/span><\/p>\n<p class=\"v1MsoNormal\" style=\"text-align: justify;\"><span lang=\"ES\">Por su parte, la Directora Regional Subrogante de SernamEG, Carla Arriagada Malague\u00f1o, se refiri\u00f3 al sentido que persiguen\u00a0<\/span>los talleres y cursos virtuales del modelo program\u00e1tico, precisando que \u00ablo m\u00e1s importante es poder cuestionar aquellos roles que hist\u00f3ricamente nos hemos visto obligados como sociedad a cumplir, porque ser persona no implica comportarse de una manera o de otra sino m\u00e1s bien el poder desarrollarse de una manera amplia. En ese desarrollo no cabe la violencia hacia cualquier persona, ya sea por sus creencias, orientaci\u00f3n sexual o identidad de g\u00e9nero. Por lo tanto, este modelo program\u00e1tico busca que podamos mirar a la sociedad de una manera m\u00e1s cuestionadora para poder ir avanzando; las juventudes son la apuesta para que el cambio cultural se desarrolle a trav\u00e9s de ellas\/os y con ellas\/os\u00bb.<\/p>\n<p class=\"v1MsoNormal\" style=\"text-align: justify;\"><span lang=\"ES\">El Alcalde de Coyhaique, Carlos Gatica Villegas, se refiri\u00f3 a la importancia que tiene para su gesti\u00f3n el abordar la problem\u00e1tica sociocultural que implica la violencia contra las mujeres. \u00abEste es un trabajo conjunto y es una oportunidad no tan solo de desarrollar una comuna m\u00e1s justa, equitativa e igualitaria como debiese ser; sino que tambi\u00e9n es un paso importante al desarrollo de una sociedad en donde no haya espacio para cualquier tipo de violencia menos contra las mujeres. Estos talleres ya los hemos desarrollado en otros establecimientos educacionales as\u00ed que continuaremos con esta labor que permite la formaci\u00f3n de monitoras y monitores que replicar\u00e1n lo aprendido con sus pares y en cada uno de los ambientes en los que se desarrollan\u00bb.<\/span><\/p>\n<p class=\"v1MsoNormal\" style=\"text-align: justify;\"><span lang=\"ES\">Respecto al impacto en el Liceo Altos del Mackay, su Director, Marco Gajardo Alvarado, explic\u00f3 que \u00abtodo el apoyo que sea en materia de g\u00e9nero, convivencia o de ir generando una conciencia inclusiva en el alumnado es muy relevante, como comunidad hemos realizado una labor enfocada hacia el tema de equidad, lo tenemos presente en nuestro proyecto educativo y lo tratamos de hacer carne todos los d\u00edas. De todas maneras, siempre son bienvenidos los talleres y capacitaciones como formas en las cuales se vaya expresando la comunidad educativa; y de esa manera, podamos plasmar este enfoque que nunca deber\u00eda haber estado ausente en nuestros instrumentos de gesti\u00f3n como el proyecto educativo o el reglamento de convivencia; es decir, todo lo que nos rige como comunidad educativa\u00bb.\u00a0<\/span><\/p>\n<p class=\"v1MsoNormal\" style=\"text-align: justify;\">La oferta disponible del Programa de Prevenci\u00f3n en Violencia contra las Mujeres, para el grupo etario correspondiente a j\u00f3venes entre 14 y 29 a\u00f1os, consiste en talleres de sensibilizaciones\/conversatorios cuya duraci\u00f3n es de 2 a 6 horas. Otra opci\u00f3n son las capacitaciones para la formaci\u00f3n como Monitoras\/es Juveniles y tienen una duraci\u00f3n de 12 horas pedag\u00f3gicas. En ambas instancias, se abordan temas espec\u00edficos para la prevenci\u00f3n de la violencia de g\u00e9nero.<\/p>\n<p class=\"v1MsoNormal\" style=\"text-align: justify;\">Para inscribirse, descargar informaci\u00f3n y realizar actividades a distancia se debe acceder a la p\u00e1gina web de SernamEG (<a href=\"http:\/\/www.sernameg.gob.cl\/\" target=\"_blank\" rel=\"noopener noreferrer\">www.sernameg.gob.cl<\/a>). Ante cualquier duda o consulta se encuentra disponible el correo electr\u00f3nico\u00a0<a href=\"mailto:cursos.prevencionvcm@sernameg.gob.cl\" rel=\"noreferrer\">cursos.prevencionvcm@sernameg.gob.cl<\/a><\/p>\n<p class=\"v1MsoNormal\" style=\"text-align: justify;\"><span lang=\"ES\">\u00a0<\/span><\/p>\n<\/div><\/section><\/div><div  style='height:50px' class='hr hr-invisible   avia-builder-el-6  el_after_av_one_full  el_before_av_social_share '><span class='hr-inner ' ><span class='hr-inner-style'><\/span><\/span><\/div><\/p>\n<div  class='av-social-sharing-box  avia-builder-el-7  el_after_av_hr  el_before_av_hr  '><div class='av-share-box'><h5 class='av-share-link-description av-no-toc '>Compartir esta noticia<\/h5><ul class='av-share-box-list noLightbox'><li class='av-share-link av-social-link-facebook' ><a target=\"_blank\" aria-label=\"Compartir en Facebook\" href='https:\/\/www.facebook.com\/sharer.php?u=https:\/\/radiorevelacionfm.cl\/?p=17184&#038;t=Liceo%20Altos%20del%20Mackay%20participa%20en%20talleres%20de%20prevenci%C3%B3n%20en%20violencia%20contra%20las%20mujeres' aria-hidden='false' data-av_icon='\ue8f3' data-av_iconfont='entypo-fontello' title='' data-avia-related-tooltip='Compartir en Facebook' rel=\"noopener\"><span class='avia_hidden_link_text'>Compartir en Facebook<\/span><\/a><\/li><li class='av-share-link av-social-link-twitter' ><a target=\"_blank\" aria-label=\"Compartir en Twitter\" href='https:\/\/twitter.com\/share?text=Liceo%20Altos%20del%20Mackay%20participa%20en%20talleres%20de%20prevenci%C3%B3n%20en%20violencia%20contra%20las%20mujeres&#038;url=https:\/\/radiorevelacionfm.cl\/?p=17184' aria-hidden='false' data-av_icon='\ue8f1' data-av_iconfont='entypo-fontello' title='' data-avia-related-tooltip='Compartir en Twitter' rel=\"noopener\"><span class='avia_hidden_link_text'>Compartir en Twitter<\/span><\/a><\/li><li class='av-share-link av-social-link-whatsapp' ><a target=\"_blank\" aria-label=\"Compartir en Whatsapp\" href='https:\/\/api.whatsapp.com\/send?text=https:\/\/radiorevelacionfm.cl\/?p=17184' aria-hidden='false' data-av_icon='\uf232' data-av_iconfont='entypo-fontello' title='' data-avia-related-tooltip='Compartir en Whatsapp' rel=\"noopener\"><span class='avia_hidden_link_text'>Compartir en Whatsapp<\/span><\/a><\/li><li class='av-share-link av-social-link-linkedin' ><a target=\"_blank\" aria-label=\"Compartir en LinkedIn\" href='https:\/\/linkedin.com\/shareArticle?mini=true&#038;title=Liceo%20Altos%20del%20Mackay%20participa%20en%20talleres%20de%20prevenci%C3%B3n%20en%20violencia%20contra%20las%20mujeres&#038;url=https:\/\/radiorevelacionfm.cl\/?p=17184' aria-hidden='false' data-av_icon='\ue8fc' data-av_iconfont='entypo-fontello' title='' data-avia-related-tooltip='Compartir en LinkedIn' rel=\"noopener\"><span class='avia_hidden_link_text'>Compartir en LinkedIn<\/span><\/a><\/li><li class='av-share-link av-social-link-mail' ><a  aria-label=\"Compartir por correo\" href='mailto:?subject=Liceo%20Altos%20del%20Mackay%20participa%20en%20talleres%20de%20prevenci%C3%B3n%20en%20violencia%20contra%20las%20mujeres&#038;body=https:\/\/radiorevelacionfm.cl\/?p=17184' aria-hidden='false' data-av_icon='\ue805' data-av_iconfont='entypo-fontello' title='' data-avia-related-tooltip='Compartir por correo'><span class='avia_hidden_link_text'>Compartir por correo<\/span><\/a><\/li><\/ul><\/div><\/div>\n<div  style='height:50px' class='hr hr-invisible   avia-builder-el-8  el_after_av_social_share  el_before_av_comments_list '><span class='hr-inner ' ><span class='hr-inner-style'><\/span><\/span><\/div>\n<div  class='av-buildercomment  av-blog-meta-html-info-disabled av-blog-meta-tag-disabled  '><\/div>\n","protected":false},"excerpt":{"rendered":"","protected":false},"author":1,"featured_media":17185,"comment_status":"open","ping_status":"open","sticky":false,"template":"","format":"standard","meta":{"footnotes":""},"categories":[38],"tags":[],"class_list":["post-17184","post","type-post","status-publish","format-standard","has-post-thumbnail","hentry","category-regional"],"jetpack_featured_media_url":"https:\/\/radiorevelacionfm.cl\/wp-content\/uploads\/2022\/05\/programa-prevencion-vcm-8-1_optimized.jpg","_links":{"self":[{"href":"https:\/\/radiorevelacionfm.cl\/index.php?rest_route=\/wp\/v2\/posts\/17184","targetHints":{"allow":["GET"]}}],"collection":[{"href":"https:\/\/radiorevelacionfm.cl\/index.php?rest_route=\/wp\/v2\/posts"}],"about":[{"href":"https:\/\/radiorevelacionfm.cl\/index.php?rest_route=\/wp\/v2\/types\/post"}],"author":[{"embeddable":true,"href":"https:\/\/radiorevelacionfm.cl\/index.php?rest_route=\/wp\/v2\/users\/1"}],"replies":[{"embeddable":true,"href":"https:\/\/radiorevelacionfm.cl\/index.php?rest_route=%2Fwp%2Fv2%2Fcomments&post=17184"}],"version-history":[{"count":2,"href":"https:\/\/radiorevelacionfm.cl\/index.php?rest_route=\/wp\/v2\/posts\/17184\/revisions"}],"predecessor-version":[{"id":17203,"href":"https:\/\/radiorevelacionfm.cl\/index.php?rest_route=\/wp\/v2\/posts\/17184\/revisions\/17203"}],"wp:featuredmedia":[{"embeddable":true,"href":"https:\/\/radiorevelacionfm.cl\/index.php?rest_route=\/wp\/v2\/media\/17185"}],"wp:attachment":[{"href":"https:\/\/radiorevelacionfm.cl\/index.php?rest_route=%2Fwp%2Fv2%2Fmedia&parent=17184"}],"wp:term":[{"taxonomy":"category","embeddable":true,"href":"https:\/\/radiorevelacionfm.cl\/index.php?rest_route=%2Fwp%2Fv2%2Fcategories&post=17184"},{"taxonomy":"post_tag","embeddable":true,"href":"https:\/\/radiorevelacionfm.cl\/index.php?rest_route=%2Fwp%2Fv2%2Ftags&post=17184"}],"curies":[{"name":"wp","href":"https:\/\/api.w.org\/{rel}","templated":true}]}}