{"id":17179,"date":"2022-05-26T10:12:57","date_gmt":"2022-05-26T13:12:57","guid":{"rendered":"https:\/\/radiorevelacionfm.cl\/?p=17179"},"modified":"2022-05-26T10:12:57","modified_gmt":"2022-05-26T13:12:57","slug":"cft-estatal-de-aysen-sostiene-reunion-de-trabajo-con-injuv","status":"publish","type":"post","link":"https:\/\/radiorevelacionfm.cl\/?p=17179","title":{"rendered":"CFT Estatal de Ays\u00e9n sostiene reuni\u00f3n de trabajo con INJUV"},"content":{"rendered":"<div class=\"flex_column av_one_full  flex_column_div av-zero-column-padding first  avia-builder-el-0  el_before_av_one_full  avia-builder-el-first  \" style='border-radius:0px; '><div  class='avia-image-container  av-styling-    avia-builder-el-1  avia-builder-el-no-sibling  avia-align-center '  itemprop=\"image\" itemscope=\"itemscope\" itemtype=\"https:\/\/schema.org\/ImageObject\"  ><div class='avia-image-container-inner'><div class='avia-image-overlay-wrap'><img decoding=\"async\" class='wp-image-17182 avia-img-lazy-loading-not-17182 avia_image' src=\"https:\/\/radiorevelacionfm.cl\/wp-content\/uploads\/2022\/05\/CFT_Injuv-1-1.jpg\" alt='' title='CFT_Injuv (1) (1)' height=\"600\" width=\"969\"  itemprop=\"thumbnailUrl\" srcset=\"https:\/\/radiorevelacionfm.cl\/wp-content\/uploads\/2022\/05\/CFT_Injuv-1-1.jpg 969w, https:\/\/radiorevelacionfm.cl\/wp-content\/uploads\/2022\/05\/CFT_Injuv-1-1-300x186.jpg 300w, https:\/\/radiorevelacionfm.cl\/wp-content\/uploads\/2022\/05\/CFT_Injuv-1-1-768x476.jpg 768w, https:\/\/radiorevelacionfm.cl\/wp-content\/uploads\/2022\/05\/CFT_Injuv-1-1-705x437.jpg 705w, https:\/\/radiorevelacionfm.cl\/wp-content\/uploads\/2022\/05\/CFT_Injuv-1-1-600x372.jpg 600w\" sizes=\"(max-width: 969px) 100vw, 969px\" \/><\/div><\/div><\/div><\/div><div class=\"flex_column av_one_full  flex_column_div av-zero-column-padding first  avia-builder-el-2  el_after_av_one_full  el_before_av_one_full  column-top-margin\" style='border-radius:0px; '><section class=\"av_textblock_section \"  itemscope=\"itemscope\" itemtype=\"https:\/\/schema.org\/BlogPosting\" itemprop=\"blogPost\" ><div class='avia_textblock  '   itemprop=\"text\" ><p style=\"text-align: center;\"><strong><span style=\"font-size: 18pt;\">CFT Estatal de Ays\u00e9n sostiene reuni\u00f3n de trabajo con INJUV<\/span><\/strong><\/p>\n<div id=\"gtx-trans\" style=\"position: absolute; left: -50px; top: 4.31534px;\">\n<div class=\"gtx-trans-icon\"><\/div>\n<\/div>\n<\/div><\/section><\/div><\/p>\n<div class=\"flex_column av_one_full  flex_column_div av-zero-column-padding first  avia-builder-el-4  el_after_av_one_full  el_before_av_hr  column-top-margin\" style='border-radius:0px; '><section class=\"av_textblock_section \"  itemscope=\"itemscope\" itemtype=\"https:\/\/schema.org\/BlogPosting\" itemprop=\"blogPost\" ><div class='avia_textblock  '   itemprop=\"text\" ><p style=\"text-align: justify;\">El pasado d\u00eda lunes 16 de mayo, el Centro de Formaci\u00f3n T\u00e9cnica Estatal de Ays\u00e9n a trav\u00e9s del Director Acad\u00e9mico, Sr. Christopher Contreras recibi\u00f3 la visita de la srta. Catalina Herrera, funcionaria de INJUV regional qui\u00e9n diera a conocer la oferta program\u00e1tica que est\u00e1 dirigida a j\u00f3venes con objeto de ofrecer apoyo de nuestros\/as estudiantes mediante un trabajo colaborativo de ambas instituciones.<\/p>\n<p style=\"text-align: justify;\">El Director Acad\u00e9mico de la casa de estudios pudo conocer la variada oferta que ofrece el Instituto Nacional de la Juventud y as\u00ed poder vincularla en trabajos futuros con el CFT Estatal \u201ddestaco la relevancia e importancia de las distintas \u00e1reas de trabajo de INJUV y la oferta program\u00e1tica presentada, la cual, es sin duda, una excelente instancia de apoyo y colaboraci\u00f3n para nuestros y nuestras estudiantes\u201d.<\/p>\n<p style=\"text-align: justify;\">La Directora Regional (s) de INJUV Ays\u00e9n, G\u00e9nesis Arias Fuentes sostuvo: \u201cnos encontramos realizando reuniones de trabajo con distintas instituciones de la regi\u00f3n, en esta ocasi\u00f3n nos reunimos con el Centro de Formaci\u00f3n T\u00e9cnica Estatal de Ays\u00e9n, con el objetivo de presentar nuestra Oferta Program\u00e1tica que va dirigida especialmente a j\u00f3venes de 15 a 29 a\u00f1os. Es importante que la juventud regional se informe de las distintas actividades que estamos realizando semana a semana y que son 100% gratuitas\u201d.<\/p>\n<p style=\"text-align: justify;\">En la misma l\u00ednea agreg\u00f3 que \u201cdestacamos el programa Hablemos de Todo,\u00a0plataforma de informaci\u00f3n y apoyo para\u00a0las y los j\u00f3venes\u00a0que necesiten o deseen informarse\u00a0sobre autocuidado y bienestar. Se entrega informaci\u00f3n\u00a0libre de estigmatizaci\u00f3n<strong>\u00a0<\/strong>sobre\u00a0distintas tem\u00e1ticas, este programa cuenta con un chat de orientaci\u00f3n psicol\u00f3gica gratuita, espacio seguro, de respeto y an\u00f3nimo, donde nuestros j\u00f3venes pueden\u00a0chatear\u00a0de lunes a viernes, de 11:00 a 20:00 horas,\u00a0con una o un profesional de la psicolog\u00eda que entrega asistencia, contenci\u00f3n psicosocial y orientaciones sobre\u00a0las\u00a0tem\u00e1ticas asociadas al\u00a0programa.\u00a0La comunicaci\u00f3n se realiza a trav\u00e9s del chat que se encuentra en la p\u00e1gina web\u00a0<a href=\"http:\/\/hablemosdetodo.injuv.gob.cl\/\">http:\/\/hablemosdetodo.injuv.gob.cl\/<\/a>. Invitamos a toda la poblaci\u00f3n juvenil a informarse y a participar de las distintas iniciativas que ofrece INJUV\u201d, concluy\u00f3 la Directora Regional (s) de INJUV Ays\u00e9n.<\/p>\n<\/div><\/section><\/div>\n<div  style='height:50px' class='hr hr-invisible   avia-builder-el-6  el_after_av_one_full  el_before_av_social_share '><span class='hr-inner ' ><span class='hr-inner-style'><\/span><\/span><\/div>\n<div  class='av-social-sharing-box  avia-builder-el-7  el_after_av_hr  el_before_av_hr  '><div class='av-share-box'><h5 class='av-share-link-description av-no-toc '>Compartir esta noticia<\/h5><ul class='av-share-box-list noLightbox'><li class='av-share-link av-social-link-facebook' ><a target=\"_blank\" aria-label=\"Compartir en Facebook\" href='https:\/\/www.facebook.com\/sharer.php?u=https:\/\/radiorevelacionfm.cl\/?p=17179&#038;t=CFT%20Estatal%20de%20Ays%C3%A9n%20sostiene%20reuni%C3%B3n%20de%20trabajo%20con%20INJUV' aria-hidden='false' data-av_icon='\ue8f3' data-av_iconfont='entypo-fontello' title='' data-avia-related-tooltip='Compartir en Facebook' rel=\"noopener\"><span class='avia_hidden_link_text'>Compartir en Facebook<\/span><\/a><\/li><li class='av-share-link av-social-link-twitter' ><a target=\"_blank\" aria-label=\"Compartir en Twitter\" href='https:\/\/twitter.com\/share?text=CFT%20Estatal%20de%20Ays%C3%A9n%20sostiene%20reuni%C3%B3n%20de%20trabajo%20con%20INJUV&#038;url=https:\/\/radiorevelacionfm.cl\/?p=17179' aria-hidden='false' data-av_icon='\ue8f1' data-av_iconfont='entypo-fontello' title='' data-avia-related-tooltip='Compartir en Twitter' rel=\"noopener\"><span class='avia_hidden_link_text'>Compartir en Twitter<\/span><\/a><\/li><li class='av-share-link av-social-link-whatsapp' ><a target=\"_blank\" aria-label=\"Compartir en Whatsapp\" href='https:\/\/api.whatsapp.com\/send?text=https:\/\/radiorevelacionfm.cl\/?p=17179' aria-hidden='false' data-av_icon='\uf232' data-av_iconfont='entypo-fontello' title='' data-avia-related-tooltip='Compartir en Whatsapp' rel=\"noopener\"><span class='avia_hidden_link_text'>Compartir en Whatsapp<\/span><\/a><\/li><li class='av-share-link av-social-link-linkedin' ><a target=\"_blank\" aria-label=\"Compartir en LinkedIn\" href='https:\/\/linkedin.com\/shareArticle?mini=true&#038;title=CFT%20Estatal%20de%20Ays%C3%A9n%20sostiene%20reuni%C3%B3n%20de%20trabajo%20con%20INJUV&#038;url=https:\/\/radiorevelacionfm.cl\/?p=17179' aria-hidden='false' data-av_icon='\ue8fc' data-av_iconfont='entypo-fontello' title='' data-avia-related-tooltip='Compartir en LinkedIn' rel=\"noopener\"><span class='avia_hidden_link_text'>Compartir en LinkedIn<\/span><\/a><\/li><li class='av-share-link av-social-link-mail' ><a  aria-label=\"Compartir por correo\" href='mailto:?subject=CFT%20Estatal%20de%20Ays%C3%A9n%20sostiene%20reuni%C3%B3n%20de%20trabajo%20con%20INJUV&#038;body=https:\/\/radiorevelacionfm.cl\/?p=17179' aria-hidden='false' data-av_icon='\ue805' data-av_iconfont='entypo-fontello' title='' data-avia-related-tooltip='Compartir por correo'><span class='avia_hidden_link_text'>Compartir por correo<\/span><\/a><\/li><\/ul><\/div><\/div>\n<div  style='height:50px' class='hr hr-invisible   avia-builder-el-8  el_after_av_social_share  el_before_av_comments_list '><span class='hr-inner ' ><span class='hr-inner-style'><\/span><\/span><\/div>\n<div  class='av-buildercomment  av-blog-meta-html-info-disabled av-blog-meta-tag-disabled  '><\/div>\n","protected":false},"excerpt":{"rendered":"","protected":false},"author":1,"featured_media":17182,"comment_status":"open","ping_status":"open","sticky":false,"template":"","format":"standard","meta":{"footnotes":""},"categories":[49],"tags":[],"class_list":["post-17179","post","type-post","status-publish","format-standard","has-post-thumbnail","hentry","category-educacion"],"jetpack_featured_media_url":"https:\/\/radiorevelacionfm.cl\/wp-content\/uploads\/2022\/05\/CFT_Injuv-1-1.jpg","_links":{"self":[{"href":"https:\/\/radiorevelacionfm.cl\/index.php?rest_route=\/wp\/v2\/posts\/17179","targetHints":{"allow":["GET"]}}],"collection":[{"href":"https:\/\/radiorevelacionfm.cl\/index.php?rest_route=\/wp\/v2\/posts"}],"about":[{"href":"https:\/\/radiorevelacionfm.cl\/index.php?rest_route=\/wp\/v2\/types\/post"}],"author":[{"embeddable":true,"href":"https:\/\/radiorevelacionfm.cl\/index.php?rest_route=\/wp\/v2\/users\/1"}],"replies":[{"embeddable":true,"href":"https:\/\/radiorevelacionfm.cl\/index.php?rest_route=%2Fwp%2Fv2%2Fcomments&post=17179"}],"version-history":[{"count":3,"href":"https:\/\/radiorevelacionfm.cl\/index.php?rest_route=\/wp\/v2\/posts\/17179\/revisions"}],"predecessor-version":[{"id":17213,"href":"https:\/\/radiorevelacionfm.cl\/index.php?rest_route=\/wp\/v2\/posts\/17179\/revisions\/17213"}],"wp:featuredmedia":[{"embeddable":true,"href":"https:\/\/radiorevelacionfm.cl\/index.php?rest_route=\/wp\/v2\/media\/17182"}],"wp:attachment":[{"href":"https:\/\/radiorevelacionfm.cl\/index.php?rest_route=%2Fwp%2Fv2%2Fmedia&parent=17179"}],"wp:term":[{"taxonomy":"category","embeddable":true,"href":"https:\/\/radiorevelacionfm.cl\/index.php?rest_route=%2Fwp%2Fv2%2Fcategories&post=17179"},{"taxonomy":"post_tag","embeddable":true,"href":"https:\/\/radiorevelacionfm.cl\/index.php?rest_route=%2Fwp%2Fv2%2Ftags&post=17179"}],"curies":[{"name":"wp","href":"https:\/\/api.w.org\/{rel}","templated":true}]}}